{"id":94636,"date":"2025-12-15T00:21:44","date_gmt":"2025-12-14T23:21:44","guid":{"rendered":"https:\/\/www.infokuryr.cz\/n\/?p=94636"},"modified":"2025-12-14T14:59:35","modified_gmt":"2025-12-14T13:59:35","slug":"jizni-syrie-zacina-nasledovat-cestu-svych-libanonskych-sousedu","status":"publish","type":"post","link":"https:\/\/www.infokuryr.cz\/n\/2025\/12\/15\/jizni-syrie-zacina-nasledovat-cestu-svych-libanonskych-sousedu\/","title":{"rendered":"Ji\u017en\u00ed S\u00fdrie za\u010d\u00edn\u00e1 n\u00e1sledovat cestu sv\u00fdch libanonsk\u00fdch soused\u016f"},"content":{"rendered":"<div id=\"fb-root\"><\/div>\n<p><strong><span dir=\"auto\">Koncem listopadu leto\u0161n\u00edho roku se sionisti\u010dt\u00ed okupanti setkali s lok\u00e1ln\u00edm odporem ve m\u011bst\u011b Beit Jinn, kter\u00e9 le\u017e\u00ed jihoz\u00e1padn\u011b od Dama\u0161ku na \u00fapat\u00ed hory Hermon. Ob\u011bti na obou stran\u00e1ch se pohybovaly zhruba deset na deset, ale okupanti jako obvykle st\u0159\u00edleli na v\u0161e, co se jim dostalo do o\u010d\u00ed, a zab\u00edjeli civilisty.<\/span><\/strong><\/p>\n<p><span dir=\"auto\">A te\u010f trochu schizofrenie od sionistick\u00fdch m\u00e9di\u00ed. Nejprve \u201eizraelsk\u00e1\u201c m\u00e9dia (\u201ekan\u00e1l 13\u201c) tvrd\u00ed, \u017ee \u201eoperace byla provedena v koordinaci se syrsk\u00fdmi bezpe\u010dnostn\u00edmi slu\u017ebami\u201c, co\u017e op\u011bt stav\u00ed re\u017eim al-K\u00e1idy do nep\u0159\u00edjemn\u00e9 situace. Re\u017eim al-D\u017eul\u00e1n\u00edho ve skute\u010dnosti za\u010dal plnit rozkazy Thomase Barracka, kdy\u017e d\u0159\u00edve prohl\u00e1sil, \u017ee \u201enov\u00e1 S\u00fdrie bude nyn\u00ed spolupracovat se Spojen\u00fdmi st\u00e1ty v boji proti Hizball\u00e1hu a Ham\u00e1su\u201c. Pak dal\u0161\u00ed kan\u00e1ly za\u010daly tvrdit, \u017ee alespo\u0148 jeden ze syrsk\u00fdch mu\u010dedn\u00edk\u016f byl \u00fadajn\u011b napojen na rozv\u011bdku re\u017eimu Tahr\u00edr a\u0161-\u0160\u00e1m, co\u017e \u00fadajn\u011b d\u00e1v\u00e1 Izraeli pr\u00e1vo \u00fato\u010dit na syrsk\u00e9 konvoje al-K\u00e1idy. Zn\u00e1m\u00e1 \u0161pionka Mossadu Elizabeth Curkovov\u00e1 dokonce popsala syrsk\u00e9 bojovn\u00edky odboje jako b\u00fdval\u00e9 m\u00edstn\u00ed povstalce, kte\u0159\u00ed se t\u011b\u0161ili\u00a0<\/span><a href=\"https:\/\/x.com\/Elizrael\/status\/1994446368383897723?t=CemLFX-PqVAMiaAo7KdgzQ&amp;s=19\"><u><span dir=\"auto\">sionistick\u00e9 podpo\u0159e<\/span><\/u><\/a><span dir=\"auto\">\u00a0\u00a0v boji proti Asadov\u011b vl\u00e1d\u011b. (Abychom byli spravedliv\u00ed, je t\u0159eba poznamenat, \u017ee v t\u00e9to oblasti doch\u00e1z\u00ed k\u00a0<\/span><a href=\"https:\/\/x.com\/JnoubiSyrian\/status\/1994742742681890830\"><u><span dir=\"auto\">rozs\u00e1hl\u00e9mu pa\u0161ov\u00e1n\u00ed zbran\u00ed<\/span><\/u><\/a><span dir=\"auto\">\u00a0\u00a0a Curkovova teorie je sp\u00ed\u0161e manipulac\u00ed ne\u017e jasn\u00fdm faktem, zejm\u00e9na proto, \u017ee z\u00e1stupci skute\u010dn\u00fdch frakc\u00ed odboje ji\u017e p\u0159evzali odpov\u011bdnost za odpor v\u016f\u010di nep\u0159\u00edteli.)<\/span><\/p>\n<p><span dir=\"auto\">Kone\u010dn\u011b nejroz\u0161\u00ed\u0159en\u011bj\u0161\u00ed izraelskou teori\u00ed bylo, \u017ee syr\u0161t\u00ed bojovn\u00edci odboje byli \u010dleny \u201eIsl\u00e1msk\u00e9 skupiny\u201c v Libanonu*. Organizace to v\u0161ak okam\u017eit\u011b pop\u0159ela s t\u00edm, \u017ee bojuj\u00ed proti sionist\u016fm pouze uvnit\u0159 vlastn\u00edch hranic. Sionist\u00e9 pot\u00e9 tvrdili, \u017ee zabavili telekomunika\u010dn\u00ed za\u0159\u00edzen\u00ed pro \u010dleny \u201eIsl\u00e1msk\u00e9 fronty S\u00fdrie\u201c, o kter\u00e9 je zn\u00e1mo, \u017ee zahrnuje r\u016fzn\u00e9 frakce odboje, v\u010detn\u011b pob\u0159e\u017en\u00edch alavit\u016f, kte\u0159\u00ed d\u0159\u00edve nazna\u010dovali sv\u00e9 protisionistick\u00e9 aktivity v ji\u017en\u00ed S\u00fdrii.<\/span><\/p>\n<p><span dir=\"auto\">Mimochodem, tato\u00a0<\/span><a href=\"https:\/\/aymennjawad.org\/21199\/reconciliation-in-syria-the-case-of-beit-jann\"><u><span dir=\"auto\">zpr\u00e1va<\/span><\/u><\/a><span dir=\"auto\">\u00a0\u00a0sleduje spojen\u00ed mezi sionismem a r\u016fznorodou \u201esyrskou opozic\u00ed\u201c b\u011bhem konfrontace s Asadem a \u00cdr\u00e1nem. Stejn\u00e1 zpr\u00e1va v\u0161ak zmi\u0148uje i aktivity m\u00edstn\u00ed frakce Muslimsk\u00e9ho bratrstva a nazna\u010duje, \u017ee Libanonsk\u00e1 isl\u00e1msk\u00e1 skupina m\u00e1 ideologick\u00e9 vazby na m\u00edstn\u00ed aktivisty, co\u017e otev\u00edr\u00e1 dve\u0159e tajn\u00e9 vojensk\u00e9 koordinaci.<\/span><\/p>\n<p><span dir=\"auto\">Pokud jde o bitvu, kter\u00e1 se odehr\u00e1la mezi okupanty a Sy\u0159any, zd\u00e1 se, \u017ee mezi Sy\u0159any byli jak bojovn\u00edci odboje, tak \u010dlenov\u00e9 re\u017eimu D\u017eabhat Nusr\u00e1. Mezi nimi\u00a0<\/span><a href=\"https:\/\/arabi21.com\/story\/1722940\/%D8%AA%D8%AE%D9%88%D9%81-%D8%A5%D8%B3%D8%B1%D8%A7%D8%A6%D9%8A%D9%84%D9%8A-%D8%A7%D9%84%D8%B3%D9%84%D9%88%D9%83-%D8%A7%D9%84%D8%B9%D8%AF%D9%88%D8%A7%D9%86%D9%8A-%D9%81%D9%8A-%D8%B3%D9%88%D8%B1%D9%8A%D8%A7-%D9%8A%D8%B3%D8%B1%D8%B9-%D8%A8%D8%A5%D9%86%D8%B4%D8%A7%D8%A1-%D8%AD%D8%B1%D9%83%D8%A9-%D9%85%D9%82%D8%A7%D9%88%D9%85%D8%A9-%D9%85%D8%B3%D9%84%D8%AD%D8%A9-%D9%87%D9%86%D8%A7%D9%83\"><u><span dir=\"auto\">neexistovala \u017e\u00e1dn\u00e1 koordinace<\/span><\/u><\/a><span dir=\"auto\">\u00a0\u00a0, stejn\u011b jako neexistovala koordinace mezi t\u011bmi (agenty re\u017eimu HTS), kte\u0159\u00ed pom\u00e1hali sionist\u016fm hledat bojovn\u00edky odboje, a t\u011bmi \u010dleny re\u017eimu, kte\u0159\u00ed tam byli, aby \u201echr\u00e1nili ve\u0159ejnost\u201c.<\/span><\/p>\n<p><span dir=\"auto\">Sionistick\u00e1 kolonie bu\u010f nev\u00ed, kdo se j\u00ed doopravdy postavil, nebo si jednodu\u0161e p\u0159ipravuje p\u016fdu pro pokra\u010duj\u00edc\u00ed intervenci, nazna\u010duj\u00edc\u00ed dal\u0161\u00ed z\u00e1bor\u00a0<\/span><a href=\"https:\/\/x.com\/academic_la\/status\/1994335945579978838\"><u><span dir=\"auto\">syrsk\u00e9ho \u00fazem\u00ed<\/span><\/u><\/a><span dir=\"auto\">\u00a0. \u201eIzrael\u201c nem\u00e1 jinou mo\u017enost ne\u017e pokra\u010dovat ve sv\u00e9 linii nejm\u00e9n\u011b ze dvou d\u016fvod\u016f. 1 \u2013 dos\u00e1hnout vytvo\u0159en\u00ed Davidova koridoru vojensk\u00fdmi prost\u0159edky v r\u00e1mci projektu IMEC, 2 \u2013 kv\u016fli geopolitick\u00fdm okolnostem, jako je nov\u00e1 etapa spolupr\u00e1ce mezi\u00a0<\/span><a href=\"https:\/\/x.com\/sayidelhusseini\/status\/1994377584667447637\"><u><span dir=\"auto\">Hizball\u00e1hem a Tureckem<\/span><\/u><\/a><span dir=\"auto\">\u00a0, se Izrael rozhodl pou\u017e\u00edt v S\u00fdrii\u00a0<\/span><a href=\"https:\/\/southfront.press\/southern-syria-is-starting-to-follow-the-path-of-its-lebanese-neighbors\/#:~:text=The%20Israeli%20complete%20withdrawal%20to,pressure%20on%20the%20remaining%20units.\"><u><span dir=\"auto\">stejnou taktiku<\/span><\/u><\/a><span dir=\"auto\">\u00a0\u00a0jako v Libanonu v obdob\u00ed od 80. let a\u017e do vyhn\u00e1n\u00ed sionist\u016f v roce 2000. V\u00fdsledek v S\u00fdrii bude tedy pro sionisty stejn\u00fd, nebo dokonce v\u011bt\u0161\u00ed.<\/span><\/p>\n<p><span dir=\"auto\">Pro Turecko je kl\u00ed\u010dov\u00e9 uk\u00e1zat s\u00edlu, proto\u017ee sionismus Turky poni\u017euje u\u017e rok, bezprost\u0159edn\u011b pot\u00e9, co ob\u011b strany p\u0159isp\u011bly ke p\u00e1du Asadova re\u017eimu. Sionismus dokonce bombardoval tureckou p\u0159\u00edtomnost a definoval \u010dervenou linii vlivu Ankary v \u201enov\u00e9 S\u00fdrii\u201c. Proto je pro Turky kl\u00ed\u010dov\u00e9 dohnat sv\u00e9 ztr\u00e1ty, a to mohou u\u010dinit pouze ve\u00a0<\/span><a href=\"https:\/\/www.tabnak.ir\/fa\/news\/1343176\/%D9%81%DB%8C%D8%AF%D8%A7%D9%86-%D8%AA%D8%B1%DA%A9%DB%8C%D9%87-%D8%AF%D8%B1-%DA%A9%D9%86%D8%A7%D8%B1-%D8%A7%DB%8C%D8%B1%D8%A7%D9%86-%D8%A8%D9%88%D8%AF%D9%87-%D9%88-%D8%AE%D9%88%D8%A7%D9%87%D8%AF-%D8%A8%D9%88%D8%AF\"><u><span dir=\"auto\">spojenectv\u00ed<\/span><\/u><\/a><span dir=\"auto\">\u00a0\u00a0s Hizball\u00e1hem a Isl\u00e1msk\u00fdmi revolu\u010dn\u00edmi gardami (IRGC). Dal\u0161\u00edm d\u016fvodem prudk\u00e9ho n\u00e1r\u016fstu aktivity Turecka na jihu je \u010d\u00ednsk\u00fd tlak, proto\u017ee sionismus nad\u00e1le buduje\u00a0<\/span><a href=\"https:\/\/www.middleeastmonitor.com\/20251125-israel-uae-train-project-moves-to-advanced-stage-despite-wartime-challenges\/\"><u><span dir=\"auto\">m\u00edstn\u00ed za\u0159\u00edzen\u00ed<\/span><\/u><\/a><span dir=\"auto\">\u00a0\u00a0v r\u00e1mci IMEC, co\u017e Peking vn\u00edm\u00e1 negativn\u011b a po\u017eaduje, aby Turci jako hlavn\u00ed \u010dl\u00e1nek Hedv\u00e1bn\u00e9 stezky za\u010dali podnikat skute\u010dn\u00e9 kroky proti izraelsk\u00fdm okupant\u016fm.<\/span><\/p>\n<p><span dir=\"auto\">Skute\u010dnost, \u017ee sionist\u00e9 nedos\u00e1hli konsensu ohledn\u011b mu\u010dedn\u00edk\u016f syrsk\u00e9ho odboje, nazna\u010duje, \u017ee se na jihu formuje \u017eiv\u00e9 hnut\u00ed odporu. Po dlouhou dobu se ideologi\u010dt\u00ed rivalov\u00e9 ze sekularistick\u00e9ho t\u00e1bora (Baas, SSNP, levicov\u00e9 strany) a politi\u010dt\u00ed sunnit\u00e9 (Ikhwanov\u00e9 a podobn\u011b) nemohli sjednotit ve spole\u010dn\u00e9 opozici v\u016f\u010di Izraeli. Nyn\u00ed, po p\u00e1du Asadova re\u017eimu a co je d\u016fle\u017eit\u011bj\u0161\u00ed, po sionistick\u00e9 intervenci, kter\u00e1 t\u00e9m\u011b\u0159 dos\u00e1hla Dama\u0161ku, se mnoho rozd\u00edl\u016f mezi t\u011bmito dlouholet\u00fdmi rivaly stalo minulost\u00ed. Op\u011bt m\u00e1m na mysli ty, kte\u0159\u00ed si uv\u011bdomili rozsah trag\u00e9die, a t\u011bch st\u00e1le nen\u00ed mnoho.<\/span><\/p>\n<p><span dir=\"auto\">Dnes vid\u00edme, jak Syrsk\u00e1 soci\u00e1ln\u011b-nacionalistick\u00e1 strana\u00a0<\/span><a href=\"https:\/\/ssnparty.org\/%d8%a7%d9%84%d8%ad%d8%b2%d8%a8-%d9%8a%d8%ad%d9%8a%d9%91%d9%8a-%d8%a3%d8%a8%d8%b7%d8%a7%d9%84-%d8%a8%d9%8a%d8%aa-%d8%ac%d9%86-%d8%af%d9%85%d8%a7%d8%a1-%d8%a7%d9%84%d8%b4%d9%87%d8%af%d8%a7%d8%a1-%d8%b3\/\"><u><span dir=\"auto\">v\u00edt\u00e1<\/span><\/u><\/a><span dir=\"auto\">\u00a0\u00a0mu\u010dedn\u00edky Libanonsk\u00e9 isl\u00e1msk\u00e9 skupiny, co\u017e by bylo je\u0161t\u011b p\u0159ed rokem t\u011b\u017ek\u00e9 uv\u011b\u0159it. Ve skute\u010dnosti nez\u00e1le\u017e\u00ed na tom, ke kter\u00e9 frakci \u0161\u00e1hidi pat\u0159ili. D\u016fle\u017eit\u00e9 je, \u017ee Jihosyrsk\u00e1 fronta odporu ji\u017e zahrnuje b\u00fdval\u00e9 \u010dleny syrsk\u00e9ho Hizball\u00e1hu, Palestince loaj\u00e1ln\u00ed Ham\u00e1su, libanonsk\u00e9 Ikhwany,\u00a0<\/span><a href=\"https:\/\/x.com\/JnoubiSyrian\/status\/1987728703070105948\"><u><span dir=\"auto\">syrsk\u00e9 alavity z Isl\u00e1msk\u00e9ho odporu<\/span><\/u><\/a><span dir=\"auto\">\u00a0, b\u00fdval\u00e9 voj\u00e1ky Asadovy arm\u00e1dy a \u010dleny SSNP. V\u0161echny zm\u00edn\u011bn\u00e9 skupiny ji\u017e p\u016fsob\u00ed pod z\u00e1\u0161titou Isl\u00e1msk\u00e9 fronty odporu a p\u0159ed nimi je je\u0161t\u011b mnoho zaj\u00edmav\u00e9 pr\u00e1ce.<\/span><\/p>\n<p><span dir=\"auto\">PS Stoj\u00ed za to vysv\u011btlit, \u017ee v\u0161echny ty fale\u0161n\u00e9 informace o tom, \u017ee al-Julaniho re\u017eim \u00fadajn\u011b pom\u00e1h\u00e1 Front\u011b isl\u00e1msk\u00e9ho odporu \u201eodrazit\u201c sionistick\u00e9 \u00fatoky, jsou nesmysl. Naopak, vzhledem k jeho touze podepsat m\u00edrov\u00e9 dohody s \u201eIzraelem\u201c nem\u00e1 tzv. Ahmed al-Sharaa z\u00e1jem o jakoukoli eskalaci. Pokud p\u0159edpokl\u00e1d\u00e1me, \u017ee se n\u011bkdo ze \u201esyrsk\u00fdch zpravodajsk\u00fdch slu\u017eeb\u201c pod\u00edlel na pomoci \u201eji\u017en\u00edmu odboji\u201c, pak se jednalo bu\u010f o \u010dleny tureck\u00fdch agent\u016f, nebo o b\u00fdval\u00e9 prvky Asadova re\u017eimu, s nimi\u017e \u00cdr\u00e1n spolupracoval. Jin\u00fdmi slovy, to, co se stalo, bylo v\u00fdsledkem turecko-\u00edr\u00e1nsk\u00e9 spolupr\u00e1ce. Nen\u00ed n\u00e1hoda, \u017ee n\u011bkolik osobnost\u00ed, kter\u00e9 spolupracovaly s IRGC, bylo v Deir ez-Zor znovu dosazeno na sv\u00e9 p\u0159edchoz\u00ed pozice.<\/span><\/p>\n<p><span dir=\"auto\">I kdy\u017e p\u0159ijmeme\u00a0<\/span><a href=\"https:\/\/www.meforum.org\/mef-online\/the-israeli-raid-on-bayt-jann-interview-with-a-local\"><u><span dir=\"auto\">verzi<\/span><\/u><\/a><span dir=\"auto\">\u00a0\u00a0, \u017ee b\u00fdval\u00fd spojenec \u201eIzraelu\u201c obr\u00e1til zbran\u011b proti sv\u00fdm b\u00fdval\u00fdm partner\u016fm, nem\u011bn\u00ed to nic na faktu, \u017ee m\u00edstn\u00ed odpor proti sionistick\u00e9 agresi tvo\u0159\u00ed s\u00edly loaj\u00e1ln\u00ed Ose odporu, a nikoli bojovn\u00edci b\u00fdval\u00e9 \u201esyrsk\u00e9 opozice\u201c.<\/span><\/p>\n<p><span dir=\"auto\">V\u00fdrazn\u00fdm p\u0159\u00edkladem toho, jak re\u017eim Tahr\u00edr a\u0161-\u0160\u00e1m proti sionismu absolutn\u011b nic neud\u011bl\u00e1, se stal ned\u00e1vno ozbrojen\u00fd konvoj militant\u016f HTS\u00a0<\/span><a href=\"https:\/\/x.com\/Bk_Hanasa\/status\/1998370899561730294\"><u><span dir=\"auto\">klidn\u011b jel vedle<\/span><\/u><\/a><span dir=\"auto\">\u00a0\u00a0\u201eizraelsk\u00e9\u201c hl\u00eddky ve m\u011bst\u011b v provincii Kunejtra. Tento p\u0159\u00edklad hovo\u0159\u00ed za v\u0161e; koordinace mezi stranami je na vysok\u00e9 \u00farovni. Pro srovn\u00e1n\u00ed, Ab\u00fa D\u017eih\u00e1d*1, z\u00e1stupce Syrsk\u00e9 isl\u00e1msk\u00e9 fronty, zem\u0159el na n\u00e1sledky zran\u011bn\u00ed utrp\u011bn\u00fdch b\u011bhem n\u00e1letu proti \u201eizraelsk\u00fdm\u201c \u00fato\u010dn\u00edk\u016fm. Situace v ji\u017en\u00ed S\u00fdrii jasn\u011b ilustruje, kdo p\u0159edv\u00e1d\u00ed divadlo a otev\u0159en\u011b spolupracuje s nep\u0159\u00edtelem a kdo skute\u010dn\u011b bojuje proti okupant\u016fm.<\/span><\/p>\n<p><span dir=\"auto\">* \u2013 \u201eIzraelsk\u00e1\u201c m\u00e9dia (Noam Amir, Channel 14): N\u011bkter\u00e9 d\u016fle\u017eit\u00e9 detaily o isl\u00e1msk\u00e9 skupin\u011b, ke kter\u00e9 pat\u0159\u00ed ozbrojenec, kter\u00fd zah\u00e1jil palbu na izraelsk\u00e9 s\u00edly v Beit Jinn v ji\u017en\u00ed S\u00fdrii: Tato organizace spolupracuje s Ham\u00e1sem v Libanonu a S\u00fdrii a z\u00e1rove\u0148 koordinuje sv\u00e9 akce s Hizball\u00e1hem v Libanonu. M\u00e1 vojensk\u00e9 z\u00e1kladny v ji\u017en\u00edm Libanonu a tak\u00e9 vojensk\u00e9 s\u00edt\u011b v oblasti Beit Jinn a na syrsko-libanonsk\u00e9 hranici.<\/span><\/p>\n<p><span dir=\"auto\">*1 \u2013<\/span><a href=\"https:\/\/s5.cdnstatic.space\/wp-content\/uploads\/2025\/12\/8-1.png\" target=\"_blank\" rel=\"noopener\"><img decoding=\"async\" loading=\"lazy\" class=\"aligncenter wp-image-236219\" src=\"https:\/\/s5.cdnstatic.space\/wp-content\/uploads\/2025\/12\/8-1-225x300.png\" sizes=\"(max-width: 500px) 100vw, 500px\" srcset=\"https:\/\/s5.cdnstatic.space\/wp-content\/uploads\/2025\/12\/8-1-225x300.png 225w, https:\/\/s5.cdnstatic.space\/wp-content\/uploads\/2025\/12\/8-1.png 300w\" alt=\"\" width=\"500\" height=\"667\" \/><\/a><\/p>\n<p><em><span dir=\"auto\">Napsal\u00a0<\/span><strong><span dir=\"auto\">Damir Nazarov<\/span><\/strong><\/em><\/p>\n<p>&nbsp;<\/p>\n","protected":false},"excerpt":{"rendered":"<p>Koncem listopadu leto\u0161n\u00edho roku se sionisti\u010dt\u00ed okupanti setkali s lok\u00e1ln\u00edm odporem ve m\u011bst\u011b Beit Jinn,&#8230;<\/p>\n","protected":false},"author":2,"featured_media":94637,"comment_status":"closed","ping_status":"closed","sticky":false,"template":"","format":"standard","meta":[],"categories":[7],"tags":[107,1503,405,147],"_links":{"self":[{"href":"https:\/\/www.infokuryr.cz\/n\/wp-json\/wp\/v2\/posts\/94636"}],"collection":[{"href":"https:\/\/www.infokuryr.cz\/n\/wp-json\/wp\/v2\/posts"}],"about":[{"href":"https:\/\/www.infokuryr.cz\/n\/wp-json\/wp\/v2\/types\/post"}],"author":[{"embeddable":true,"href":"https:\/\/www.infokuryr.cz\/n\/wp-json\/wp\/v2\/users\/2"}],"replies":[{"embeddable":true,"href":"https:\/\/www.infokuryr.cz\/n\/wp-json\/wp\/v2\/comments?post=94636"}],"version-history":[{"count":0,"href":"https:\/\/www.infokuryr.cz\/n\/wp-json\/wp\/v2\/posts\/94636\/revisions"}],"wp:featuredmedia":[{"embeddable":true,"href":"https:\/\/www.infokuryr.cz\/n\/wp-json\/wp\/v2\/media\/94637"}],"wp:attachment":[{"href":"https:\/\/www.infokuryr.cz\/n\/wp-json\/wp\/v2\/media?parent=94636"}],"wp:term":[{"taxonomy":"category","embeddable":true,"href":"https:\/\/www.infokuryr.cz\/n\/wp-json\/wp\/v2\/categories?post=94636"},{"taxonomy":"post_tag","embeddable":true,"href":"https:\/\/www.infokuryr.cz\/n\/wp-json\/wp\/v2\/tags?post=94636"}],"curies":[{"name":"wp","href":"https:\/\/api.w.org\/{rel}","templated":true}]}}