{"id":94634,"date":"2025-12-15T00:20:39","date_gmt":"2025-12-14T23:20:39","guid":{"rendered":"https:\/\/www.infokuryr.cz\/n\/?p=94634"},"modified":"2025-12-14T14:56:38","modified_gmt":"2025-12-14T13:56:38","slug":"marocan-ktery-v-italii-pri-samostatnych-utocich-zbil-10-zen-byl-shledan-dusevne-nezpusobilym-k-soudnimu-rizeni-a-poslan-na-osetreni-do-nemocnice","status":"publish","type":"post","link":"https:\/\/www.infokuryr.cz\/n\/2025\/12\/15\/marocan-ktery-v-italii-pri-samostatnych-utocich-zbil-10-zen-byl-shledan-dusevne-nezpusobilym-k-soudnimu-rizeni-a-poslan-na-osetreni-do-nemocnice\/","title":{"rendered":"Maro\u010dan, kter\u00fd v It\u00e1lii p\u0159i samostatn\u00fdch \u00fatoc\u00edch zbil 10 \u017een, byl shled\u00e1n du\u0161evn\u011b nezp\u016fsobil\u00fdm k soudn\u00edmu \u0159\u00edzen\u00ed a posl\u00e1n na o\u0161et\u0159en\u00ed do nemocnice"},"content":{"rendered":"<div id=\"fb-root\"><\/div>\n<h3 class=\"s-tagline fw-tagline\"><span dir=\"auto\">Podez\u0159el\u00fd \u00fadajn\u011b \u0159ekl sv\u00e9mu psychiatrovi, \u017ee ho odm\u00edtla italsk\u00e1 \u017eena, co\u017e vedlo k vln\u011b nevyb\u00edrav\u00fdch \u00fatok\u016f na \u017eeny<\/span><\/h3>\n<p><span dir=\"auto\">Dvacetilet\u00fd Maro\u010dan Mohamed Amine Elouardaoui byl prohl\u00e1\u0161en za du\u0161evn\u011b nezp\u016fsobil\u00e9ho pot\u00e9, co vy\u0161et\u0159ovatel\u00e9 dosp\u011bli k z\u00e1v\u011bru, \u017ee je zodpov\u011bdn\u00fd za s\u00e9rii n\u00e1siln\u00fdch \u00fatok\u016f na \u017eeny v Pratu v obdob\u00ed n\u011bco m\u00e1lo p\u0159es dva m\u011bs\u00edce.<\/span><\/p>\n<p><span dir=\"auto\">Deset \u017een bylo napadeno, n\u011bkolik z nich utrp\u011blo zlomeniny a znetvo\u0159en\u00ed, ale podez\u0159el\u00fd nebyl opakovan\u011b ani vyho\u0161t\u011bn, ani form\u00e1ln\u011b zat\u010den, proto\u017ee byl p\u0159edt\u00edm prohl\u00e1\u0161en za du\u0161evn\u011b nezp\u016fsobil\u00e9ho.<\/span><\/p>\n<p><span dir=\"auto\">Podle zpr\u00e1vy den\u00edku\u00a0<\/span><a href=\"https:\/\/corrierefiorentino.corriere.it\/notizie\/cronaca\/25_dicembre_11\/dieci-donne-picchiate-e-sfregiate-a-prato-aggredite-per-odio-etnico-verso-le-italiane-9c60b1de-d292-46af-986d-13e25a369xlk.shtml\"><span dir=\"auto\">Corriere della Sera<\/span><\/a><span dir=\"auto\">\u00a0migrant \u0159ekl sv\u00e9mu psychiatrovi, \u017ee ho odm\u00edtla Italka, co\u017e ho vedlo k \u00fatoku na naprosto ciz\u00ed \u017eeny jen proto, \u017ee byly \u017eeny a Italky. K prvn\u00edmu \u00fatoku do\u0161lo koncem z\u00e1\u0159\u00ed, kdy mlad\u00e1 \u017eena nakupuj\u00edc\u00ed v supermarketu dostala bez varov\u00e1n\u00ed \u00fader p\u011bst\u00ed do obli\u010deje. Utrp\u011bla zlomeniny \u010delisti, l\u00edcn\u00ed kosti a o\u010dn\u00edho d\u016flku. \u00dato\u010dn\u00edk uprchl a o n\u011bkolik t\u00fddn\u016f pozd\u011bji se objevil v jin\u00e9m supermarketu, kde \u00fadajn\u011b ude\u0159il \u017eenu do zadn\u00ed \u010d\u00e1sti hlavy. V listopadu byl obvin\u011bn z toho, \u017ee na ulici podrazil \u017eenu a vyhro\u017eoval zam\u011bstnankyni po\u0161ty. O n\u011bkolik dn\u00ed pozd\u011bji \u00fadajn\u011b ude\u0159il dal\u0161\u00ed \u017eenu do \u017eeber a rozdrtil j\u00ed ruce o pokladn\u00ed pult.<\/span><\/p>\n<p><span dir=\"auto\">N\u00e1sil\u00ed eskalovalo za\u010d\u00e1tkem prosince. 4. prosince utrp\u011bla 64let\u00e1 \u017eena zlomeninu pa\u017ee. N\u00e1sleduj\u00edc\u00ed den byla 30let\u00e1 \u017eena na n\u00e1m\u011bst\u00ed Piazza delle Carceri po\u0159ez\u00e1na rozbitou lahv\u00ed. Zas\u00e1hla policejn\u00ed inspektorka a podez\u0159el\u00e9ho zatkla, na co\u017e mu\u017e \u00fadajn\u011b odpov\u011bd\u011bl: \u201eTo nem\u016f\u017eete d\u011blat, jste \u017eena.\u201c<\/span><\/p>\n<p><span dir=\"auto\">Psychiatrick\u00e9 posudky na\u0159\u00edzen\u00e9 vy\u0161et\u0159uj\u00edc\u00edm soudcem dosp\u011bly k z\u00e1v\u011bru, \u017ee Elouardaoui trp\u00ed schizofreni\u00ed a psychotick\u00fdmi poruchami. Psychiatr \u00fa\u0159ad\u016fm sd\u011blil, \u017ee se u mu\u017ee po odm\u00edtnut\u00ed italskou \u017eenou vyvinula fixace, kter\u00e1 se vyvinula v to, co odborn\u00edci popsali jako \u201eetnickou nen\u00e1vist\u201c v\u016f\u010di italsk\u00fdm \u017een\u00e1m. Na tomto z\u00e1klad\u011b byla uplatn\u011bna p\u0159it\u011b\u017euj\u00edc\u00ed okolnost etnick\u00e9 nen\u00e1visti.<\/span><\/p>\n<p><span dir=\"auto\">Navzdory z\u00e1va\u017enosti napaden\u00ed soud rozhodl, \u017ee podez\u0159el\u00fd nebyl v dob\u011b sp\u00e1ch\u00e1n\u00ed trestn\u00e9ho \u010dinu schopen ch\u00e1pat sv\u00e9 jedn\u00e1n\u00ed a nebyl zp\u016fsobil\u00fd k soudn\u00edmu \u0159\u00edzen\u00ed. M\u00edsto vazby mu byla na\u0159\u00edzena povinn\u00e1 psychiatrick\u00e1 p\u00e9\u010de. Nejprve byl um\u00edst\u011bn na nemocni\u010dn\u00ed odd\u011blen\u00ed, odkud uprchl, ale pozd\u011bji byl p\u0159evezen do psychiatrick\u00e9ho za\u0159\u00edzen\u00ed ve Volter\u0159e. \u00dadajn\u011b m\u00e1 platn\u00e9 povolen\u00ed k pobytu.<\/span><\/p>\n<p><span dir=\"auto\">P\u0159\u00edpad Prato p\u0159ich\u00e1z\u00ed uprost\u0159ed podobn\u00e9ho incidentu, o kter\u00e9m byl tento t\u00fdden informov\u00e1n ve Francii. V Pa\u0159\u00ed\u017ei byl mu\u017e, kter\u00e9ho policie popsala jako bezdomovce a kter\u00e9mu byl pozd\u011bji poskytnut afgh\u00e1nsk\u00fd tlumo\u010dn\u00edk, zat\u010den pobl\u00ed\u017e n\u00e1dra\u017e\u00ed Gare du Nord pot\u00e9, co byly v \u00fater\u00fd r\u00e1no s odstupem 10 minut ude\u0159eny p\u011bst\u00ed do obli\u010deje dv\u011b \u017eeny. Z\u00e1znam z bezpe\u010dnostn\u00edch kamer z ulice rue du Faubourg Saint-Martin uk\u00e1zal, jak byla prvn\u00ed ob\u011b\u0165 prudce ude\u0159ena a sra\u017eena k zemi, ne\u017e vyhledala \u00fato\u010di\u0161t\u011b v nedalek\u00e9 kav\u00e1rn\u011b.<\/span><\/p>\n<p><span dir=\"auto\">O chv\u00edli pozd\u011bji tent\u00fd\u017e podez\u0159el\u00fd \u00fadajn\u011b napadl druhou \u017eenu na Rue de Dunkerque. Ob\u011b ob\u011bti byly ot\u0159esen\u00e9 a jedna z nich pot\u0159ebovala nemocni\u010dn\u00ed o\u0161et\u0159en\u00ed kv\u016fli mod\u0159in\u00e1m v obli\u010deji. Podez\u0159el\u00e1 byla b\u011bhem n\u011bkolika minut zat\u010dena a vzata do vazby.<\/span><\/p>\n<p><img decoding=\"async\" loading=\"lazy\" class=\"alignnone size-full wp-image-1185\" src=\"http:\/\/www.infokuryr.cz\/n\/wp-content\/uploads\/2021\/04\/kuryr-podpis.png\" alt=\"\" width=\"84\" height=\"24\" \/><\/p>\n<p>&nbsp;<\/p>\n","protected":false},"excerpt":{"rendered":"<p>Podez\u0159el\u00fd \u00fadajn\u011b \u0159ekl sv\u00e9mu psychiatrovi, \u017ee ho odm\u00edtla italsk\u00e1 \u017eena, co\u017e vedlo k vln\u011b nevyb\u00edrav\u00fdch&#8230;<\/p>\n","protected":false},"author":2,"featured_media":94635,"comment_status":"closed","ping_status":"closed","sticky":false,"template":"","format":"standard","meta":[],"categories":[7],"tags":[191,5358,1863,742],"_links":{"self":[{"href":"https:\/\/www.infokuryr.cz\/n\/wp-json\/wp\/v2\/posts\/94634"}],"collection":[{"href":"https:\/\/www.infokuryr.cz\/n\/wp-json\/wp\/v2\/posts"}],"about":[{"href":"https:\/\/www.infokuryr.cz\/n\/wp-json\/wp\/v2\/types\/post"}],"author":[{"embeddable":true,"href":"https:\/\/www.infokuryr.cz\/n\/wp-json\/wp\/v2\/users\/2"}],"replies":[{"embeddable":true,"href":"https:\/\/www.infokuryr.cz\/n\/wp-json\/wp\/v2\/comments?post=94634"}],"version-history":[{"count":0,"href":"https:\/\/www.infokuryr.cz\/n\/wp-json\/wp\/v2\/posts\/94634\/revisions"}],"wp:featuredmedia":[{"embeddable":true,"href":"https:\/\/www.infokuryr.cz\/n\/wp-json\/wp\/v2\/media\/94635"}],"wp:attachment":[{"href":"https:\/\/www.infokuryr.cz\/n\/wp-json\/wp\/v2\/media?parent=94634"}],"wp:term":[{"taxonomy":"category","embeddable":true,"href":"https:\/\/www.infokuryr.cz\/n\/wp-json\/wp\/v2\/categories?post=94634"},{"taxonomy":"post_tag","embeddable":true,"href":"https:\/\/www.infokuryr.cz\/n\/wp-json\/wp\/v2\/tags?post=94634"}],"curies":[{"name":"wp","href":"https:\/\/api.w.org\/{rel}","templated":true}]}}