{"id":94632,"date":"2025-12-15T00:18:42","date_gmt":"2025-12-14T23:18:42","guid":{"rendered":"https:\/\/www.infokuryr.cz\/n\/?p=94632"},"modified":"2025-12-14T15:40:20","modified_gmt":"2025-12-14T14:40:20","slug":"planovana-kradez-ruskych-fondu-euroclear-italie-se-postavila-na-stranu-belgie","status":"publish","type":"post","link":"https:\/\/www.infokuryr.cz\/n\/2025\/12\/15\/planovana-kradez-ruskych-fondu-euroclear-italie-se-postavila-na-stranu-belgie\/","title":{"rendered":"Pl\u00e1novan\u00e1 kr\u00e1de\u017e rusk\u00fdch fond\u016f Euroclear \u2013 It\u00e1lie se postavila na stranu Belgie"},"content":{"rendered":"<div id=\"fb-root\"><\/div>\n<p><strong><span dir=\"auto\">Evrop\u0161t\u00ed zast\u00e1nci tvrd\u00e9 linie cht\u011bj\u00ed v rozporu s mezin\u00e1rodn\u00edm pr\u00e1vem pou\u017e\u00edt rusk\u00e9 finan\u010dn\u00ed prost\u0159edky dr\u017een\u00e9 v Euroclearu pro Ukrajinu. Belgie se br\u00e1n\u00ed, proto\u017ee by to vyvolalo finan\u010dn\u00ed zem\u011bt\u0159esen\u00ed \u2013 a nyn\u00ed dost\u00e1v\u00e1 podporu od \u0158\u00edma.<\/span><\/strong><\/p>\n<p><span dir=\"auto\">Jen n\u011bkolik dn\u00ed p\u0159ed kl\u00ed\u010dov\u00fdm setk\u00e1n\u00edm vrcholn\u00fdch politik\u016f EU v Bruselu projevuje italsk\u00e1 vl\u00e1da alespo\u0148 \u0161petku p\u00e1te\u0159e a\u00a0<\/span><a href=\"https:\/\/archive.is\/tVmaE\"><span dir=\"auto\">torp\u00e9duje pl\u00e1ny<\/span><\/a><span dir=\"auto\"> evropsk\u00e9 v\u00e1le\u010dn\u00e9 frakce na vyu\u017eit\u00ed 210 miliard eur, kter\u00e9 Rusko ulo\u017eilo u belgick\u00e9ho Euroclearu \u2013 a kter\u00e9 jsou nyn\u00ed zmrazeny. Zat\u00edmco mezin\u00e1rodn\u00ed pr\u00e1vo umo\u017e\u0148uje zmrazit zahrani\u010dn\u00ed aktiva, jejich zabaven\u00ed nikoli.<\/span><\/p>\n<p><span dir=\"auto\">Euroclear je soukrom\u00e1 spole\u010dnost se s\u00eddlem v Belgii a je rovn\u011b\u017e povinna uplat\u0148ovat sankce EU v\u016f\u010di Rusku. Belgick\u00e1 vl\u00e1da v\u0161ak hraje \u00fast\u0159edn\u00ed roli v kontrole a spr\u00e1v\u011b zmrazen\u00fdch finan\u010dn\u00edch prost\u0159edk\u016f. Zat\u00edmco pou\u017eit\u00ed \u00farokov\u00fdch p\u0159\u00edjm\u016f pro Ukrajinu je podle mezin\u00e1rodn\u00edho pr\u00e1va ji\u017e kontroverzn\u00ed, pl\u00e1ny EU na \u00fapln\u00e9 vyvlastn\u011bn\u00ed Ruska vyvol\u00e1vaj\u00ed je\u0161t\u011b intenzivn\u011bj\u0161\u00ed debatu. Belgick\u00e1 vl\u00e1da se toti\u017e ob\u00e1v\u00e1, \u017ee by v takov\u00e9m p\u0159\u00edpad\u011b byla Ruskem pohn\u00e1na k odpov\u011bdnosti. Podle zve\u0159ejn\u011bn\u00fdch \u00fadaj\u016f by dot\u010den\u00e9 \u010d\u00e1stky mohly dos\u00e1hnout a\u017e 210 miliard eur.<\/span><\/p>\n<p><span dir=\"auto\">It\u00e1lie (koneckonc\u016f t\u0159et\u00ed nejv\u011bt\u0161\u00ed zem\u011b EU) tento krok nechce podpo\u0159it \u2013 a to i p\u0159es svou podporu sankc\u00ed proti Rusku. Spolu s Belgi\u00ed, Maltou a Bulharskem byl vypracov\u00e1n dokument, kter\u00fd se zab\u00fdv\u00e1 alternativn\u00edmi zp\u016fsoby, jak udr\u017eet Ukrajinu nad vodou v nadch\u00e1zej\u00edc\u00edch letech, ani\u017e by se musely dotknout rusk\u00fdch st\u00e1tn\u00edch financ\u00ed. Vl\u00e1dy t\u011bchto zem\u00ed trvaj\u00ed na respektov\u00e1n\u00ed evropsk\u00e9ho a mezin\u00e1rodn\u00edho pr\u00e1va a vysv\u011btluj\u00ed dal\u0161\u00ed mo\u017enosti.<\/span><\/p>\n<p><span dir=\"auto\">My\u0161lenky jako \u00fav\u011brov\u00e9 linky EU nebo \u201ep\u0159eklenovac\u00ed \u0159e\u0161en\u00ed\u201c v\u0161ak \u010del\u00ed ostr\u00e9 kritice v n\u011bkolika zem\u00edch EU. Pro mnoho vl\u00e1d nep\u0159ipad\u00e1 v \u00favahu dal\u0161\u00ed zadlu\u017een\u00ed, zejm\u00e9na proto, \u017ee v\u011bt\u0161ina evropsk\u00fdch st\u00e1t\u016f ji\u017e trp\u00ed t\u011b\u017ek\u00fdm dluhov\u00fdm b\u0159emenem a nevyrovnan\u00fdmi rozpo\u010dty. Jak m\u016f\u017eete p\u0159esv\u011bd\u010dit lidi, aby se zadlu\u017eili ve prosp\u011bch Ukrajiny, kdy\u017e z\u00e1rove\u0148 sni\u017eujete v\u00fddaje na \u00fakor vlastn\u00edch ob\u010dan\u016f?<\/span><\/p>\n<p><span dir=\"auto\">Elity EU op\u011bt jasn\u011b d\u00e1vaj\u00ed najevo, \u017ee jejich c\u00edlem nen\u00ed ukon\u010dit v\u00e1lku na Ukrajin\u011b, ale pouze Rusku ubl\u00ed\u017eit v\u0161emi nezbytn\u00fdmi prost\u0159edky. A pokud to vy\u017eaduje dal\u0161\u00ed miliardy eur plynouc\u00ed do Kyjeva, aby se Rusov\u00e9 a Ukrajinci mohli navz\u00e1jem masakrovat, budi\u017e. Cynici by mohli nam\u00edtnout, \u017ee Evropan\u00e9 hodlaj\u00ed bojovat s Ruskem do posledn\u00edho Ukrajince, dokud nebude tak oslabeno, \u017ee oni sami \u2013 jak se o to ne\u00fasp\u011b\u0161n\u011b pokusili Napoleon a Hitler \u2013 budou moci zah\u00e1jit dobyva\u010dn\u00e9 ta\u017een\u00ed.<\/span><\/p>\n<div id=\"repor-edb4c8a8f787f2b3173eeb5663917bf0\" class=\"repor-edb4c8a8f787f2b3173eeb5663917bf0 repor-inarticle6\">\n<div id=\"repor-498884734\" class=\"repor-inarticle6 repor-target\" data-repor-trackid=\"68391\" data-repor-trackbid=\"1\">\n<div data-type=\"_mgwidget\" data-widget-id=\"1339558\" data-uid=\"0516a\">\n<div id=\"mgw1339558_0516a\">\n<div>\n<div class=\"mgbox\">\n<div class=\"mgheader\"><img decoding=\"async\" loading=\"lazy\" class=\"alignnone size-full wp-image-1185\" src=\"http:\/\/www.infokuryr.cz\/n\/wp-content\/uploads\/2021\/04\/kuryr-podpis.png\" alt=\"\" width=\"84\" height=\"24\" \/><\/div>\n<div><\/div>\n<\/div>\n<\/div>\n<\/div>\n<\/div>\n<\/div>\n<\/div>\n","protected":false},"excerpt":{"rendered":"<p>Evrop\u0161t\u00ed zast\u00e1nci tvrd\u00e9 linie cht\u011bj\u00ed v rozporu s mezin\u00e1rodn\u00edm pr\u00e1vem pou\u017e\u00edt rusk\u00e9 finan\u010dn\u00ed prost\u0159edky dr\u017een\u00e9&#8230;<\/p>\n","protected":false},"author":2,"featured_media":94633,"comment_status":"closed","ping_status":"closed","sticky":false,"template":"","format":"standard","meta":[],"categories":[7],"tags":[261,41,45,191,959,22],"_links":{"self":[{"href":"https:\/\/www.infokuryr.cz\/n\/wp-json\/wp\/v2\/posts\/94632"}],"collection":[{"href":"https:\/\/www.infokuryr.cz\/n\/wp-json\/wp\/v2\/posts"}],"about":[{"href":"https:\/\/www.infokuryr.cz\/n\/wp-json\/wp\/v2\/types\/post"}],"author":[{"embeddable":true,"href":"https:\/\/www.infokuryr.cz\/n\/wp-json\/wp\/v2\/users\/2"}],"replies":[{"embeddable":true,"href":"https:\/\/www.infokuryr.cz\/n\/wp-json\/wp\/v2\/comments?post=94632"}],"version-history":[{"count":0,"href":"https:\/\/www.infokuryr.cz\/n\/wp-json\/wp\/v2\/posts\/94632\/revisions"}],"wp:featuredmedia":[{"embeddable":true,"href":"https:\/\/www.infokuryr.cz\/n\/wp-json\/wp\/v2\/media\/94633"}],"wp:attachment":[{"href":"https:\/\/www.infokuryr.cz\/n\/wp-json\/wp\/v2\/media?parent=94632"}],"wp:term":[{"taxonomy":"category","embeddable":true,"href":"https:\/\/www.infokuryr.cz\/n\/wp-json\/wp\/v2\/categories?post=94632"},{"taxonomy":"post_tag","embeddable":true,"href":"https:\/\/www.infokuryr.cz\/n\/wp-json\/wp\/v2\/tags?post=94632"}],"curies":[{"name":"wp","href":"https:\/\/api.w.org\/{rel}","templated":true}]}}