{"id":94630,"date":"2025-12-15T00:18:33","date_gmt":"2025-12-14T23:18:33","guid":{"rendered":"https:\/\/www.infokuryr.cz\/n\/?p=94630"},"modified":"2025-12-14T14:50:21","modified_gmt":"2025-12-14T13:50:21","slug":"elity-eu-proti-obcanum-migrace-za-kazdou-cenu","status":"publish","type":"post","link":"https:\/\/www.infokuryr.cz\/n\/2025\/12\/15\/elity-eu-proti-obcanum-migrace-za-kazdou-cenu\/","title":{"rendered":"Elity EU proti ob\u010dan\u016fm: Migrace za ka\u017edou cenu"},"content":{"rendered":"<div id=\"fb-root\"><\/div>\n<p><strong><span dir=\"auto\">Brusel vymyslel absurdn\u00ed pl\u00e1n, jak \u00fadajn\u011b zastavit neleg\u00e1ln\u00ed migraci. Tento pl\u00e1n se naz\u00fdv\u00e1 \u201elegalizace\u201c. Nakonec v\u0161ak nic nezm\u011bn\u00ed na pokra\u010duj\u00edc\u00edm p\u0159\u00edlivu lid\u00ed ze zahrani\u010d\u00ed.<\/span><\/strong><\/p>\n<p><span dir=\"auto\">A\u010dkoliv u\u017e d\u00e1vno m\u011blo b\u00fdt jasn\u00e9, \u017ee Evropa \u017e\u00e1dnou dal\u0161\u00ed imigraci nepot\u0159ebuje, proto\u017ee technologick\u00fd pokrok stejn\u011b povede k radik\u00e1ln\u00edm zm\u011bn\u00e1m na trz\u00edch pr\u00e1ce a migra\u010dn\u00ed vlny posledn\u00edch let zat\u00ed\u017eily soci\u00e1ln\u00ed syst\u00e9my, ohrozily soci\u00e1ln\u00ed soudr\u017enost a tak\u00e9 vedly ke zhor\u0161en\u00ed ve\u0159ejn\u00e9 bezpe\u010dnosti, bruselsk\u00fd establishment st\u00e1le chce do Evropy nasm\u011brovat nespo\u010det lid\u00ed z cel\u00e9ho sv\u011bta.<\/span><\/p>\n<figure class=\"wp-block-embed is-type-rich is-provider-twitter wp-block-embed-twitter\">\n<div class=\"wp-block-embed__wrapper\">\n<div class=\"twitter-tweet twitter-tweet-rendered\"><iframe id=\"twitter-widget-0\" class=\"\" title=\"X P\u0159\u00edsp\u011bvek\" src=\"https:\/\/platform.twitter.com\/embed\/Tweet.html?dnt=true&amp;embedId=twitter-widget-0&amp;features=eyJ0ZndfdGltZWxpbmVfbGlzdCI6eyJidWNrZXQiOltdLCJ2ZXJzaW9uIjpudWxsfSwidGZ3X2ZvbGxvd2VyX2NvdW50X3N1bnNldCI6eyJidWNrZXQiOnRydWUsInZlcnNpb24iOm51bGx9LCJ0ZndfdHdlZXRfZWRpdF9iYWNrZW5kIjp7ImJ1Y2tldCI6Im9uIiwidmVyc2lvbiI6bnVsbH0sInRmd19yZWZzcmNfc2Vzc2lvbiI6eyJidWNrZXQiOiJvbiIsInZlcnNpb24iOm51bGx9LCJ0ZndfZm9zbnJfc29mdF9pbnRlcnZlbnRpb25zX2VuYWJsZWQiOnsiYnVja2V0Ijoib24iLCJ2ZXJzaW9uIjpudWxsfSwidGZ3X21peGVkX21lZGlhXzE1ODk3Ijp7ImJ1Y2tldCI6InRyZWF0bWVudCIsInZlcnNpb24iOm51bGx9LCJ0ZndfZXhwZXJpbWVudHNfY29va2llX2V4cGlyYXRpb24iOnsiYnVja2V0IjoxMjA5NjAwLCJ2ZXJzaW9uIjpudWxsfSwidGZ3X3Nob3dfYmlyZHdhdGNoX3Bpdm90c19lbmFibGVkIjp7ImJ1Y2tldCI6Im9uIiwidmVyc2lvbiI6bnVsbH0sInRmd19kdXBsaWNhdGVfc2NyaWJlc190b19zZXR0aW5ncyI6eyJidWNrZXQiOiJvbiIsInZlcnNpb24iOm51bGx9LCJ0ZndfdXNlX3Byb2ZpbGVfaW1hZ2Vfc2hhcGVfZW5hYmxlZCI6eyJidWNrZXQiOiJvbiIsInZlcnNpb24iOm51bGx9LCJ0ZndfdmlkZW9faGxzX2R5bmFtaWNfbWFuaWZlc3RzXzE1MDgyIjp7ImJ1Y2tldCI6InRydWVfYml0cmF0ZSIsInZlcnNpb24iOm51bGx9LCJ0ZndfbGVnYWN5X3RpbWVsaW5lX3N1bnNldCI6eyJidWNrZXQiOnRydWUsInZlcnNpb24iOm51bGx9LCJ0ZndfdHdlZXRfZWRpdF9mcm9udGVuZCI6eyJidWNrZXQiOiJvbiIsInZlcnNpb24iOm51bGx9fQ%3D%3D&amp;frame=false&amp;hideCard=false&amp;hideThread=false&amp;id=1998749529919648105&amp;lang=cs&amp;origin=https%3A%2F%2Freport24.news%2Feu-eliten-gegen-die-buerger-migration-um-jeden-preis%2F&amp;sessionId=89b35f2c6bd8b31bbda3743435adb97f290cc045&amp;theme=light&amp;widgetsVersion=2615f7e52b7e0%3A1702314776716&amp;width=550px\" frameborder=\"0\" scrolling=\"no\" allowfullscreen=\"allowfullscreen\" data-tweet-id=\"1998749529919648105\" data-mce-fragment=\"1\"><\/iframe><\/div>\n<\/div>\n<\/figure>\n<p><span dir=\"auto\">P\u0159edsedkyn\u011b Evropsk\u00e9 komise Ursula von der Leyenov\u00e1 tento t\u00fdden ozn\u00e1mila, \u017ee Brusel m\u00e1 v \u00famyslu \u201eotev\u0159\u00edt bezpe\u010dn\u011bj\u0161\u00ed a leg\u00e1ln\u011bj\u0161\u00ed cesty do Evropy\u201c. C\u00edlem je zjednodu\u0161it proces pro migranty ze zem\u00ed mimo EU vytvo\u0159en\u00edm tzv. talentov\u00e9ho poolu pro pracovn\u00edky z jin\u00fdch zem\u00ed a jejich propojen\u00edm s evropsk\u00fdmi zam\u011bstnavateli.<\/span><\/p>\n<p><span dir=\"auto\">Zat\u00edmco st\u00e1le v\u00edce lid\u00ed v Evrop\u011b po\u017eaduje p\u0159\u00edsn\u011bj\u0161\u00ed hrani\u010dn\u00ed kontroly a odm\u00edt\u00e1n\u00ed neleg\u00e1ln\u00edch migrant\u016f, brusel\u0161t\u00ed eurokrat\u00e9 cht\u011bj\u00ed udr\u017eet pokra\u010duj\u00edc\u00ed p\u0159\u00edliv lid\u00ed ze zahrani\u010d\u00ed. Pokud chce n\u011bkdo skute\u010dn\u011b skoncovat s pa\u0161er\u00e1ck\u00fdmi gangy, mus\u00ed b\u00fdt prost\u011b d\u016fsledn\u00fd a bez v\u00fdjimky pos\u00edlat v\u0161echny neleg\u00e1ln\u00ed imigranty zp\u011bt do jejich zem\u00ed p\u016fvodu. V\u0161echny pen\u00edze vynalo\u017een\u00e9 na obchodn\u00edky s lidmi by pak byly k ni\u010demu a lid\u00e9 by si uv\u011bdomili, \u017ee tento p\u0159\u00edstup nen\u00ed \u00fasp\u011b\u0161n\u00fd. Proto\u017ee dokud budou povolen\u00ed k \u201etolerovan\u00e9mu pobytu\u201c a dal\u0161\u00ed byrokratick\u00e9 triky zaji\u0161\u0165ovat, \u017ee pravd\u011bpodobnost deportace bude miziv\u011b mal\u00e1, tento probl\u00e9m jen tak nezmiz\u00ed.<\/span><\/p>\n<p><span dir=\"auto\">Nov\u00fd pl\u00e1n EU sp\u00ed\u0161e pouze zajist\u00ed, \u017ee krom\u011b nespo\u010dtu neleg\u00e1ln\u00edch migrant\u016f (kte\u0159\u00ed stejn\u011b v\u011bt\u0161inou maj\u00ed povoleno z\u016fstat) se zv\u00fd\u0161\u00ed i p\u0159\u00edliv pracovn\u00edch migrant\u016f. A to v dob\u011b, kdy kv\u016fli katastrof\u00e1ln\u00ed klimatick\u00e9 politice st\u00e1le v\u00edce firem propou\u0161t\u00ed zam\u011bstnance, zav\u00edr\u00e1 podniky nebo se jednodu\u0161e st\u011bhuje do levn\u011bj\u0161\u00edch zem\u00ed. A pokud v pr\u016fb\u011bhu rostouc\u00ed digitalizace a robotizace p\u0159ijdou o pr\u00e1ci i tito leg\u00e1ln\u00ed imigranti, st\u00e1t \u2013 tedy spole\u010dnost \u2013 bude muset u\u017eivit je\u0161t\u011b v\u00edce lid\u00ed, i kdy\u017e finan\u010dn\u00ed zdroje jsou ji\u017e tak omezen\u00e9.<\/span><\/p>\n<p><span dir=\"auto\">V rostouc\u00edm po\u010dtu zem\u00ed se lid\u00e9 obracej\u00ed na strany a politiky, kte\u0159\u00ed po\u017eaduj\u00ed ukon\u010den\u00ed migra\u010dn\u00edho \u0161\u00edlenstv\u00ed. V n\u011bkolika zem\u00edch ji\u017e existuj\u00ed st\u0159edopravicov\u00e9 vl\u00e1dy a v jin\u00fdch (nap\u0159\u00edklad v N\u011bmecku, Rakousku a Francii) jsou pravicov\u00e9 strany, a\u010dkoli v opozici, p\u0159esto nejsiln\u011bj\u0161\u00ed politickou silou \u2013 a\u0165 u\u017e v samotn\u00e9m parlamentu, nebo ve volb\u00e1ch. \u010c\u00edm d\u00e9le budou politick\u00e9 elity ignorovat po\u017eadavky ob\u010dan\u016f na p\u0159\u00edsn\u011bj\u0161\u00ed hrani\u010dn\u00ed re\u017eimy, repatriaci neleg\u00e1ln\u00edch a krimin\u00e1ln\u00edch migrant\u016f a ochranu p\u016fvodn\u00edho obyvatelstva, t\u00edm v\u011bt\u0161\u00ed bude nespokojenost.<\/span><\/p>\n<p><img decoding=\"async\" loading=\"lazy\" class=\"alignnone size-full wp-image-1185\" src=\"http:\/\/www.infokuryr.cz\/n\/wp-content\/uploads\/2021\/04\/kuryr-podpis.png\" alt=\"\" width=\"84\" height=\"24\" \/><\/p>\n<p>&nbsp;<\/p>\n","protected":false},"excerpt":{"rendered":"<p>Brusel vymyslel absurdn\u00ed pl\u00e1n, jak \u00fadajn\u011b zastavit neleg\u00e1ln\u00ed migraci. Tento pl\u00e1n se naz\u00fdv\u00e1 \u201elegalizace\u201c. Nakonec&#8230;<\/p>\n","protected":false},"author":2,"featured_media":94631,"comment_status":"closed","ping_status":"closed","sticky":false,"template":"","format":"standard","meta":[],"categories":[7],"tags":[41,119,1932],"_links":{"self":[{"href":"https:\/\/www.infokuryr.cz\/n\/wp-json\/wp\/v2\/posts\/94630"}],"collection":[{"href":"https:\/\/www.infokuryr.cz\/n\/wp-json\/wp\/v2\/posts"}],"about":[{"href":"https:\/\/www.infokuryr.cz\/n\/wp-json\/wp\/v2\/types\/post"}],"author":[{"embeddable":true,"href":"https:\/\/www.infokuryr.cz\/n\/wp-json\/wp\/v2\/users\/2"}],"replies":[{"embeddable":true,"href":"https:\/\/www.infokuryr.cz\/n\/wp-json\/wp\/v2\/comments?post=94630"}],"version-history":[{"count":0,"href":"https:\/\/www.infokuryr.cz\/n\/wp-json\/wp\/v2\/posts\/94630\/revisions"}],"wp:featuredmedia":[{"embeddable":true,"href":"https:\/\/www.infokuryr.cz\/n\/wp-json\/wp\/v2\/media\/94631"}],"wp:attachment":[{"href":"https:\/\/www.infokuryr.cz\/n\/wp-json\/wp\/v2\/media?parent=94630"}],"wp:term":[{"taxonomy":"category","embeddable":true,"href":"https:\/\/www.infokuryr.cz\/n\/wp-json\/wp\/v2\/categories?post=94630"},{"taxonomy":"post_tag","embeddable":true,"href":"https:\/\/www.infokuryr.cz\/n\/wp-json\/wp\/v2\/tags?post=94630"}],"curies":[{"name":"wp","href":"https:\/\/api.w.org\/{rel}","templated":true}]}}