{"id":94624,"date":"2025-12-15T00:14:27","date_gmt":"2025-12-14T23:14:27","guid":{"rendered":"https:\/\/www.infokuryr.cz\/n\/?p=94624"},"modified":"2025-12-14T14:42:13","modified_gmt":"2025-12-14T13:42:13","slug":"bern-pozaduje-odsouzeni-sexismu-a-queerfobie","status":"publish","type":"post","link":"https:\/\/www.infokuryr.cz\/n\/2025\/12\/15\/bern-pozaduje-odsouzeni-sexismu-a-queerfobie\/","title":{"rendered":"Bern po\u017eaduje odsouzen\u00ed \u201esexismu\u201c a \u201equeerfobie\u201c"},"content":{"rendered":"<div id=\"fb-root\"><\/div>\n<p><strong><span dir=\"auto\">Levicov\u00e9 m\u011bsto Bern zavedlo anonymn\u00ed syst\u00e9m hl\u00e1\u0161en\u00ed, jeho\u017e prost\u0159ednictv\u00edm maj\u00ed lid\u00e9 hl\u00e1sit takzvan\u00e9 \u201esexistick\u00e9\u201c a \u201equeerfobn\u00ed\u201c pozn\u00e1mky. Syst\u00e9m ud\u00e1v\u00e1n\u00ed p\u0159ipom\u00ednaj\u00edc\u00ed \u201eneofici\u00e1ln\u00ed spolupracovn\u00edky\u201c Stasi.<\/span><\/strong><\/p>\n<p><span dir=\"auto\">Ve ve\u0159ejn\u00fdch prostor\u00e1ch, v\u010detn\u011b v\u00e1no\u010dn\u00edch trh\u016f, by nem\u011bl b\u00fdt prostor pro takzvan\u00e9 \u201esexistick\u00e9\u201c nebo \u201equeerfobn\u00ed\u201c pozn\u00e1mky. Alespo\u0148 to je n\u00e1zor rudo-zelen\u00e9 koali\u010dn\u00ed vl\u00e1dn\u00ed vl\u00e1dy ve m\u011bst\u011b. Co d\u0159\u00edve d\u011blali \u201eneofici\u00e1ln\u00ed spolupracovn\u00edci\u201c Stasi ve v\u00fdchodn\u00edm N\u011bmecku, maj\u00ed nyn\u00ed anonymn\u011b d\u011blat ob\u010dan\u00e9 m\u011bsta. A u\u017e to d\u011blaj\u00ed.<\/span><\/p>\n<figure class=\"wp-block-embed is-type-rich is-provider-twitter wp-block-embed-twitter\">\n<div class=\"wp-block-embed__wrapper\">\n<div class=\"twitter-tweet twitter-tweet-rendered\"><iframe id=\"twitter-widget-0\" class=\"\" title=\"X P\u0159\u00edsp\u011bvek\" src=\"https:\/\/platform.twitter.com\/embed\/Tweet.html?dnt=true&amp;embedId=twitter-widget-0&amp;features=eyJ0ZndfdGltZWxpbmVfbGlzdCI6eyJidWNrZXQiOltdLCJ2ZXJzaW9uIjpudWxsfSwidGZ3X2ZvbGxvd2VyX2NvdW50X3N1bnNldCI6eyJidWNrZXQiOnRydWUsInZlcnNpb24iOm51bGx9LCJ0ZndfdHdlZXRfZWRpdF9iYWNrZW5kIjp7ImJ1Y2tldCI6Im9uIiwidmVyc2lvbiI6bnVsbH0sInRmd19yZWZzcmNfc2Vzc2lvbiI6eyJidWNrZXQiOiJvbiIsInZlcnNpb24iOm51bGx9LCJ0ZndfZm9zbnJfc29mdF9pbnRlcnZlbnRpb25zX2VuYWJsZWQiOnsiYnVja2V0Ijoib24iLCJ2ZXJzaW9uIjpudWxsfSwidGZ3X21peGVkX21lZGlhXzE1ODk3Ijp7ImJ1Y2tldCI6InRyZWF0bWVudCIsInZlcnNpb24iOm51bGx9LCJ0ZndfZXhwZXJpbWVudHNfY29va2llX2V4cGlyYXRpb24iOnsiYnVja2V0IjoxMjA5NjAwLCJ2ZXJzaW9uIjpudWxsfSwidGZ3X3Nob3dfYmlyZHdhdGNoX3Bpdm90c19lbmFibGVkIjp7ImJ1Y2tldCI6Im9uIiwidmVyc2lvbiI6bnVsbH0sInRmd19kdXBsaWNhdGVfc2NyaWJlc190b19zZXR0aW5ncyI6eyJidWNrZXQiOiJvbiIsInZlcnNpb24iOm51bGx9LCJ0ZndfdXNlX3Byb2ZpbGVfaW1hZ2Vfc2hhcGVfZW5hYmxlZCI6eyJidWNrZXQiOiJvbiIsInZlcnNpb24iOm51bGx9LCJ0ZndfdmlkZW9faGxzX2R5bmFtaWNfbWFuaWZlc3RzXzE1MDgyIjp7ImJ1Y2tldCI6InRydWVfYml0cmF0ZSIsInZlcnNpb24iOm51bGx9LCJ0ZndfbGVnYWN5X3RpbWVsaW5lX3N1bnNldCI6eyJidWNrZXQiOnRydWUsInZlcnNpb24iOm51bGx9LCJ0ZndfdHdlZXRfZWRpdF9mcm9udGVuZCI6eyJidWNrZXQiOiJvbiIsInZlcnNpb24iOm51bGx9fQ%3D%3D&amp;frame=false&amp;hideCard=false&amp;hideThread=false&amp;id=1999221085984948428&amp;lang=cs&amp;origin=https%3A%2F%2Freport24.news%2Fbern-fordert-denunzierung-von-sexismus-und-queerfeindlichkeit%2F&amp;sessionId=1e979522f9a886e3645e290cd87d3f6baef67bd6&amp;theme=light&amp;widgetsVersion=2615f7e52b7e0%3A1702314776716&amp;width=550px\" frameborder=\"0\" scrolling=\"no\" allowfullscreen=\"allowfullscreen\" data-tweet-id=\"1999221085984948428\" data-mce-fragment=\"1\"><\/iframe><\/div>\n<\/div>\n<\/figure>\n<p><span dir=\"auto\">Jen za posledn\u00ed rok a p\u016fl bylo prost\u0159ednictv\u00edm\u00a0<a href=\"https:\/\/www.bernschauthin.ch\/de\/\">online port\u00e1lu pro hl\u00e1\u0161en\u00ed,<\/a>\u00a0kter\u00fd provozuje m\u011bsto , pod\u00e1no\u00a0<\/span><a href=\"https:\/\/www.neo1.ch\/artikel\/stadt-bern-zieht-bilanz-zu-meldetool-knapp-1100-faelle-in-zweieinhalb-jahren\"><span dir=\"auto\">p\u0159es 1100 hl\u00e1\u0161en\u00ed<\/span><\/a><span dir=\"auto\">\u00a0. Syst\u00e9m umo\u017e\u0148uje u\u017eivatel\u016fm anonymn\u011b hl\u00e1sit chov\u00e1n\u00ed klasifikovan\u00e9 jako sexistick\u00e9, homofobn\u00ed nebo obt\u011b\u017euj\u00edc\u00ed \u2013 i kdy\u017e nebyl sp\u00e1ch\u00e1n \u017e\u00e1dn\u00fd trestn\u00fd \u010din.<\/span><\/p>\n<p><span dir=\"auto\">Platforma, p\u0159\u00edstupn\u00e1 prost\u0159ednictv\u00edm webov\u00fdch str\u00e1nek m\u011bsta a QR k\u00f3d\u016f ve ve\u0159ejn\u00fdch prostor\u00e1ch, informuje u\u017eivatele o tom, zda by nahl\u00e1\u0161en\u00fd incident mohl m\u00edt pr\u00e1vn\u00ed d\u016fsledky, a tak\u00e9 je odkazuje na policii a poradensk\u00e9 slu\u017eby. Syst\u00e9m hl\u00e1\u0161en\u00ed je doprov\u00e1zen rozs\u00e1hlou plak\u00e1tovou kampan\u00ed po cel\u00e9m m\u011bst\u011b. Jeden plak\u00e1t zobrazuje skupinu lid\u00ed u st\u00e1nku se sva\u0159en\u00fdm v\u00ednem, jak se posm\u00edvaj\u00ed nebin\u00e1rn\u00ed osob\u011b, a je dopln\u011bn sloganem: \u201eTo se t\u00fdk\u00e1 i v\u00e1s.\u201c Kolemjdouc\u00ed jsou vyz\u00fdv\u00e1ni, aby naskenovali QR k\u00f3d a incidenty nahl\u00e1sili p\u0159\u00edmo.<\/span><\/p>\n<figure class=\"wp-block-embed is-type-rich is-provider-twitter wp-block-embed-twitter\">\n<div class=\"wp-block-embed__wrapper\">\n<div class=\"twitter-tweet twitter-tweet-rendered\"><iframe id=\"twitter-widget-1\" class=\"\" title=\"X P\u0159\u00edsp\u011bvek\" src=\"https:\/\/platform.twitter.com\/embed\/Tweet.html?dnt=true&amp;embedId=twitter-widget-1&amp;features=eyJ0ZndfdGltZWxpbmVfbGlzdCI6eyJidWNrZXQiOltdLCJ2ZXJzaW9uIjpudWxsfSwidGZ3X2ZvbGxvd2VyX2NvdW50X3N1bnNldCI6eyJidWNrZXQiOnRydWUsInZlcnNpb24iOm51bGx9LCJ0ZndfdHdlZXRfZWRpdF9iYWNrZW5kIjp7ImJ1Y2tldCI6Im9uIiwidmVyc2lvbiI6bnVsbH0sInRmd19yZWZzcmNfc2Vzc2lvbiI6eyJidWNrZXQiOiJvbiIsInZlcnNpb24iOm51bGx9LCJ0ZndfZm9zbnJfc29mdF9pbnRlcnZlbnRpb25zX2VuYWJsZWQiOnsiYnVja2V0Ijoib24iLCJ2ZXJzaW9uIjpudWxsfSwidGZ3X21peGVkX21lZGlhXzE1ODk3Ijp7ImJ1Y2tldCI6InRyZWF0bWVudCIsInZlcnNpb24iOm51bGx9LCJ0ZndfZXhwZXJpbWVudHNfY29va2llX2V4cGlyYXRpb24iOnsiYnVja2V0IjoxMjA5NjAwLCJ2ZXJzaW9uIjpudWxsfSwidGZ3X3Nob3dfYmlyZHdhdGNoX3Bpdm90c19lbmFibGVkIjp7ImJ1Y2tldCI6Im9uIiwidmVyc2lvbiI6bnVsbH0sInRmd19kdXBsaWNhdGVfc2NyaWJlc190b19zZXR0aW5ncyI6eyJidWNrZXQiOiJvbiIsInZlcnNpb24iOm51bGx9LCJ0ZndfdXNlX3Byb2ZpbGVfaW1hZ2Vfc2hhcGVfZW5hYmxlZCI6eyJidWNrZXQiOiJvbiIsInZlcnNpb24iOm51bGx9LCJ0ZndfdmlkZW9faGxzX2R5bmFtaWNfbWFuaWZlc3RzXzE1MDgyIjp7ImJ1Y2tldCI6InRydWVfYml0cmF0ZSIsInZlcnNpb24iOm51bGx9LCJ0ZndfbGVnYWN5X3RpbWVsaW5lX3N1bnNldCI6eyJidWNrZXQiOnRydWUsInZlcnNpb24iOm51bGx9LCJ0ZndfdHdlZXRfZWRpdF9mcm9udGVuZCI6eyJidWNrZXQiOiJvbiIsInZlcnNpb24iOm51bGx9fQ%3D%3D&amp;frame=false&amp;hideCard=false&amp;hideThread=false&amp;id=1772961530314658040&amp;lang=cs&amp;origin=https%3A%2F%2Freport24.news%2Fbern-fordert-denunzierung-von-sexismus-und-queerfeindlichkeit%2F&amp;sessionId=1e979522f9a886e3645e290cd87d3f6baef67bd6&amp;theme=light&amp;widgetsVersion=2615f7e52b7e0%3A1702314776716&amp;width=550px\" frameborder=\"0\" scrolling=\"no\" allowfullscreen=\"allowfullscreen\" data-tweet-id=\"1772961530314658040\" data-mce-fragment=\"1\"><\/iframe><\/div>\n<\/div>\n<\/figure>\n<p><span dir=\"auto\">Navzdory poklesu hl\u00e1\u0161en\u00ed to m\u011bst\u0161t\u00ed \u00fa\u0159edn\u00edci nepova\u017euj\u00ed za pokles takov\u00fdch incident\u016f. Christoph Gostelli z m\u011bstem podporovan\u00e9 iniciativy \u201eBern schaut hin\u201c (Bern sleduje) \u0161v\u00fdcarsk\u00fdm m\u00e9di\u00edm \u0159ekl, \u017ee ni\u017e\u0161\u00ed m\u00edra hl\u00e1\u0161en\u00ed ukazuje, \u017ee je t\u0159eba tento n\u00e1stroj efektivn\u011bji propagovat. Kritici obvi\u0148uj\u00ed m\u011bsto, \u017ee syst\u00e9m vyu\u017e\u00edv\u00e1 k podpo\u0159e st\u00e1tem schv\u00e1len\u00e9ho odsouzen\u00ed ka\u017edodenn\u00edho chov\u00e1n\u00ed, m\u00edsto aby se zam\u011b\u0159ovalo na z\u00e1va\u017en\u00e9 p\u0159estupky.<\/span><\/p>\n<p><img decoding=\"async\" loading=\"lazy\" class=\"alignnone size-full wp-image-1185\" src=\"http:\/\/www.infokuryr.cz\/n\/wp-content\/uploads\/2021\/04\/kuryr-podpis.png\" alt=\"\" width=\"84\" height=\"24\" \/><\/p>\n<p>&nbsp;<\/p>\n","protected":false},"excerpt":{"rendered":"<p>Levicov\u00e9 m\u011bsto Bern zavedlo anonymn\u00ed syst\u00e9m hl\u00e1\u0161en\u00ed, jeho\u017e prost\u0159ednictv\u00edm maj\u00ed lid\u00e9 hl\u00e1sit takzvan\u00e9 \u201esexistick\u00e9\u201c a&#8230;<\/p>\n","protected":false},"author":2,"featured_media":94625,"comment_status":"closed","ping_status":"closed","sticky":false,"template":"","format":"standard","meta":[],"categories":[7],"tags":[9194,1312,2240],"_links":{"self":[{"href":"https:\/\/www.infokuryr.cz\/n\/wp-json\/wp\/v2\/posts\/94624"}],"collection":[{"href":"https:\/\/www.infokuryr.cz\/n\/wp-json\/wp\/v2\/posts"}],"about":[{"href":"https:\/\/www.infokuryr.cz\/n\/wp-json\/wp\/v2\/types\/post"}],"author":[{"embeddable":true,"href":"https:\/\/www.infokuryr.cz\/n\/wp-json\/wp\/v2\/users\/2"}],"replies":[{"embeddable":true,"href":"https:\/\/www.infokuryr.cz\/n\/wp-json\/wp\/v2\/comments?post=94624"}],"version-history":[{"count":0,"href":"https:\/\/www.infokuryr.cz\/n\/wp-json\/wp\/v2\/posts\/94624\/revisions"}],"wp:featuredmedia":[{"embeddable":true,"href":"https:\/\/www.infokuryr.cz\/n\/wp-json\/wp\/v2\/media\/94625"}],"wp:attachment":[{"href":"https:\/\/www.infokuryr.cz\/n\/wp-json\/wp\/v2\/media?parent=94624"}],"wp:term":[{"taxonomy":"category","embeddable":true,"href":"https:\/\/www.infokuryr.cz\/n\/wp-json\/wp\/v2\/categories?post=94624"},{"taxonomy":"post_tag","embeddable":true,"href":"https:\/\/www.infokuryr.cz\/n\/wp-json\/wp\/v2\/tags?post=94624"}],"curies":[{"name":"wp","href":"https:\/\/api.w.org\/{rel}","templated":true}]}}