{"id":94602,"date":"2025-12-14T06:03:51","date_gmt":"2025-12-14T05:03:51","guid":{"rendered":"https:\/\/www.infokuryr.cz\/n\/?p=94602"},"modified":"2025-12-14T06:03:51","modified_gmt":"2025-12-14T05:03:51","slug":"pavel-cimbal-cemper-vyhral-dalsi-soud-manipulatori-mohou-slavit","status":"publish","type":"post","link":"https:\/\/www.infokuryr.cz\/n\/2025\/12\/14\/pavel-cimbal-cemper-vyhral-dalsi-soud-manipulatori-mohou-slavit\/","title":{"rendered":"Pavel Cimb\u00e1l: Cemper vyhr\u00e1l dal\u0161\u00ed soud, Manipul\u00e1to\u0159i mohou slavit"},"content":{"rendered":"<div id=\"fb-root\"><\/div>\n<p><strong>Spor Matou\u0161e Bul\u00ed\u0159e s\u00a0port\u00e1lem Manipul\u00e1to\u0159i.cz, na kter\u00e9m se dom\u00e1hal od\u0161kodn\u011bn\u00ed za opakovan\u00e1 zve\u0159ej\u0148ov\u00e1n\u00ed nepravdiv\u00fdch a\u00a0po\u0161kozuj\u00edc\u00edch informac\u00ed v\u016f\u010di sv\u00e9 osob\u011b, skon\u010dil vynesen\u00edm rozsudku. Cemper m\u016f\u017ee dezinformovat d\u00e1l, soudkyn\u011b v\u00a0takov\u00e9m jedn\u00e1n\u00ed neshled\u00e1v\u00e1 probl\u00e9m.<\/strong><\/p>\n<p>Ve st\u0159edu 10.\u00a0prosince prob\u011bhlo u\u00a0Obvodn\u00edho soudu pro Prahu 1 z\u00e1v\u011bre\u010dn\u00e9 jedn\u00e1n\u00ed ve sporu Matou\u0161e Bul\u00ed\u0159e s\u00a0port\u00e1lem Manipul\u00e1to\u0159i.cz, kde se ji\u017e t\u0159et\u00edm rokem dom\u00e1h\u00e1 omluvy a\u00a0satisfakce za uve\u0159ejn\u011bn\u00ed nepravdiv\u00fdch a\u00a0po\u0161kozuj\u00edc\u00edch \u010dl\u00e1nk\u016f v\u016f\u010di sv\u00e9 osob\u011b, kter\u00e9 vyvrcholily a\u017e jeho n\u00e1sledn\u00fdm napaden\u00edm na Ukrajin\u011b. Stalo se tak v\u00a0dob\u011b, kdy zde pob\u00fdval s\u00a0ostatn\u00edmi \u010desk\u00fdmi dobrovoln\u00edky v\u00a0bl\u00edzkosti fronty, odkud se o\u00a0tamn\u00edch pom\u011brech sna\u017eil pod\u00e1vat aktu\u00e1ln\u00ed a\u00a0nezkreslen\u00e9 informace, a\u00a0sv\u00e9 n\u00e1zory sd\u00edlel na soci\u00e1ln\u00edch s\u00edt\u00edch.<\/p>\n<h2 class=\"wp-block-heading\">Pokra\u010dov\u00e1n\u00ed vlekl\u00e9 kauzy<\/h2>\n<p>O pozad\u00ed\u00a0<a href=\"https:\/\/denik.to\/u-soudu-s-cemperem\">cel\u00e9 kauzy<\/a>\u00a0ji\u017e Den\u00edk TO podrobn\u011b informoval u\u00a0jedn\u00e1n\u00ed p\u0159edchoz\u00edho, kter\u00e9 se konalo na konci \u0159\u00edjna. Proto se hodl\u00e1m v\u00a0\u010dl\u00e1nku v\u011bnovat zejm\u00e9na pr\u016fb\u011bhu st\u0159ede\u010dn\u00edho \u0159\u00edzen\u00ed jako takov\u00e9ho, a\u00a0p\u0159edev\u0161\u00edm pak zd\u016fvodn\u011bn\u00edm verdiktu ze strany soudkyn\u011b. Informace o\u00a0p\u0159\u00edstupu \u010desk\u00e9 justice ke svobod\u011b slova pova\u017euji za zcela z\u00e1sadn\u00ed, a\u00a0proto pr\u016fb\u011bh cel\u00e9ho jedn\u00e1n\u00ed op\u011bt zve\u0159ej\u0148uji jako kompletn\u00ed a\u00a0<a href=\"https:\/\/drive.google.com\/file\/d\/1-5C5wTJ6YaUgyVS-v8HYbValIPCG7yDn\/view?usp=sharing\">nesest\u0159\u00edhanou audionahr\u00e1vku<\/a>\u00a0ke sta\u017een\u00ed, ze kter\u00e9 textov\u011b uve\u0159ejn\u00edm jen ty nejpodstatn\u011bj\u0161\u00ed \u010di nejzaj\u00edmav\u011bj\u0161\u00ed v\u00fdroky. Jsem toti\u017e \u010d\u00edm d\u00e1l t\u00edm v\u00edce p\u0159esv\u011bd\u010den, \u017ee \u00fa\u010dast ve\u0159ejnosti je u\u00a0podobn\u00fdch kauz ji\u017e holou nutnost\u00ed, kterou \u017e\u00e1dn\u00fd dodate\u010dn\u00fd refer\u00e1t, by\u0165 v\u00a0podob\u011b \u010dl\u00e1nku, co do \u00fa\u010dinku bohu\u017eel nenahrad\u00ed.<\/p>\n<p>V porovn\u00e1n\u00ed s\u00a0jin\u00fdmi p\u0159\u00edpady je zde ji\u017e pom\u011brn\u011b alarmuj\u00edc\u00ed rozd\u00edl v\u00a0p\u0159\u00edstupu k\u00a0dezinformac\u00edm, jak\u00fd jednotliv\u00e9 soudy zauj\u00edmaj\u00ed, pokud jde o\u00a0jejich c\u00edl a\u00a0v\u00fdsledn\u00e9 politick\u00e9 vyzn\u011bn\u00ed. Nen\u00ed nepravda jako nepravda, a\u00a0v\u0161e je dnes, zd\u00e1 se, pon\u011bkud relativn\u00ed. Pr\u00e1vo podl\u00e9h\u00e1 v\u00fdkladu doby a\u00a0postoji soudce v\u00edce ne\u017e kdy p\u0159edt\u00edm a\u00a0tato situace se ji\u017e pova\u017euje za norm\u00e1ln\u00ed. Paragrafy t\u00fdkaj\u00edc\u00ed se svobody projevu tak maj\u00ed ji\u017e dnes zcela nepopirateln\u011b obnoven\u00fd politick\u00fd rozm\u011br \u2013 a\u00a0slou\u017e\u00ed jak k\u00a0amplifikaci, tak k\u00a0uml\u010dov\u00e1n\u00ed ur\u010dit\u00fdch n\u00e1zor\u016f, a\u00a0to zcela dle jejich postojov\u00e9ho vyzn\u011bn\u00ed.<\/p>\n<h2 class=\"wp-block-heading\">Dob\u0159e utajen\u00e9 st\u00e1n\u00ed<\/h2>\n<p>Je to u\u017e tak trochu evergreen, ale\u00a0<a href=\"https:\/\/msp.gov.cz\/web\/obvodni-soud-pro-prahu-1\/ruzne\/-\/clanek\/seznam-narizenych-jednani\">na str\u00e1nk\u00e1ch<\/a>\u00a0Obvodn\u00edho soudu pro Prahu 1 byste informaci o\u00a0tomto jedn\u00e1n\u00ed dohled\u00e1vali op\u011bt marn\u011b. V\u00a0dokumentu, kter\u00fd jsem si\u00a0<a href=\"https:\/\/drive.google.com\/file\/d\/12XT0WWJMUsJPROYFf5H8ZyQ0_N9yNiMQ\/view?usp=sharing\">preventivn\u011b zaz\u00e1lohoval<\/a>\u00a0hned po skon\u010den\u00ed st\u00e1n\u00ed, tyto \u00fadaje znovu chyb\u00ed, a\u010dkoliv jsem na to soudkyni Mgr. Barboru \u0160umovou ji\u017e minule v\u00fdslovn\u011b upozor\u0148oval. Nez\u00e1jem. Od Jany Markov\u00e9 jsem se tak o\u00a0detailech jedn\u00e1n\u00ed dozv\u011bd\u011bl a\u017e \u00fastn\u011b, na posledn\u00ed chv\u00edli, ale na z\u00e1klad\u011b znalosti spisov\u00e9 zna\u010dky 31 C 122 \/ 2023 byste\u00a0<a href=\"https:\/\/infosoud.justice.cz\/InfoSoud\/public\/search.do?type=spzn&amp;typSoudu=os&amp;krajOrg=MSPHAAB&amp;org=OSPHA01&amp;cisloSenatu=31&amp;druhVec=C&amp;bcVec=122&amp;rocnik=2023&amp;spamQuestion=23&amp;agendaNc=CIVIL\">jej nalezli<\/a>\u00a0prop\u0159\u00ed\u0161t\u011b t\u0159eba zde, i\u00a0s\u00a0jeho celou p\u0159es t\u0159icet m\u011bs\u00edc\u016f trvaj\u00edc\u00ed histori\u00ed. Bylo na\u0159\u00edzeno od 10:00 hodin v\u00a0m\u00edstnosti \u010d\u00edslo 8, kam se ale vejde jen naprost\u00e9 minimum p\u0159\u00edtomn\u00fdch z\u00a0\u0159ad ve\u0159ejnosti. M\u00edsta, kam se mohou usadit, bych zde pak napo\u010d\u00edtal na prstech jedn\u00e9 ruky. Zd\u00e1 se, \u017ee v\u00a0t\u00e9to kauze jej\u00ed p\u0159\u00edtomnost v\u00edt\u00e1na zrovna nen\u00ed, o\u00a0\u010dem\u017e mne bohu\u017eel soudkyn\u011b hned po skon\u010den\u00ed st\u00e1n\u00ed je\u0161t\u011b jednou necht\u011bn\u011b, ale o\u00a0to up\u0159\u00edmn\u011bji, p\u0159esv\u011bd\u010dila.<\/p>\n<p>Jedn\u00e1n\u00ed se \u00fa\u010dastnil Matou\u0161 Bul\u00ed\u0159 se sv\u00fdm z\u00e1stupcem,\u00a0<a href=\"https:\/\/www.radioprostor.cz\/clanek\/advokat-radek-suchy-nevim-kde-vlada-bere-svoje-pruzkumy-ale-svoboda-slova-je-na-tom-nejhure-od-roku-1989-u4hoq\">zn\u00e1m\u00fdm advok\u00e1tem<\/a>\u00a0Radkem Such\u00fdm, kter\u00fd v\u00a0<a href=\"https:\/\/www.novinky.cz\/clanek\/krimi-vrabelovy-vyroky-o-ceskem-jadernem-utoku-na-rusko-setri-policie-40415806\">ned\u00e1vn\u00e9 kauze<\/a>\u00a0v\u00fdrok\u016f Ladislava Vrabela o\u00a0z\u00e1m\u011bru vyu\u017eit\u00ed \u010desk\u00fdch st\u00edha\u010dek v\u00a0jadern\u00e9m konfliktu s\u00a0Ruskou federac\u00ed musel pro pr\u00e1va sv\u00e9ho klienta a\u017e p\u0159ed \u00dastavn\u00ed soud, kde se po t\u0159ech letech\u00a0<a href=\"https:\/\/www.usoud.cz\/fileadmin\/user_upload\/Tiskova_mluvci\/Publikovane_nalezy\/2025\/1-1927-24_AN.pdf\">teprve dovolal<\/a>\u00a0spravedlnosti. Jeho dal\u0161\u00ed anga\u017em\u00e1 z\u00a0takzvan\u00e9\u00a0<a href=\"https:\/\/cs.wikipedia.org\/wiki\/P%C5%99%C3%ADpad_hid%C5%BE%C3%A1bu_na_St%C5%99edn%C3%AD_zdravotnick%C3%A9_%C5%A1kole_v_Praze\">\u0161\u00e1tkov\u00e9 kauzy<\/a>\u00a0s\u00a0hid\u017e\u00e1bem vedlo v\u00a0minulosti k\u00a0osvobozen\u00ed st\u00edhan\u00e9 \u0159editelky zdravotn\u00ed \u0161koly v\u00a0Rusk\u00e9, doktorky a\u00a0magistry Ivanky Kohoutov\u00e9, kde jej\u00ed zoufal\u00fd boj za z\u00e1konem chr\u00e1n\u011bn\u00fd sekul\u00e1rn\u00ed charakter \u010desk\u00e9ho \u0161kolstv\u00ed nakonec zastavilo a\u017e zp\u011btvzet\u00ed \u017ealoby muslimskou studentkou Ahmednuur Ayan Jamaal, podporovanou mocn\u00fdm kartelem promigra\u010dn\u00edho neziskov\u00e9ho sektoru v\u00a0\u010dele s\u00a0tehdej\u0161\u00ed ombudsmankou Annou \u0160abatovou. Odvahu Kohoutov\u00e9 pak n\u00e1sledn\u011b ocenil prezident Milo\u0161 Zeman\u00a0<a href=\"https:\/\/www.irozhlas.cz\/zpravy-domov\/statni-vyznamenani-2018-ivanka-kohoutova-hidzab_1810291755_ako\">p\u0159ed\u00e1n\u00edm medaile<\/a>\u00a0Za z\u00e1sluhy I. stupn\u011b za state\u010dnost v\u00a0boji s\u00a0netolerantn\u00ed ideologi\u00ed a\u00a0za z\u00e1sluhy o\u00a0st\u00e1t.<\/p>\n<figure class=\"wp-block-image size-full wp-lightbox-container\" data-wp-context=\"{&quot;imageId&quot;:&quot;693e42aa28403&quot;}\" data-wp-interactive=\"core\/image\"><img decoding=\"async\" loading=\"lazy\" class=\"wp-image-76746 aligncenter\" src=\"https:\/\/b3276939.smushcdn.com\/3276939\/wp-content\/uploads\/2025\/12\/1673604791_P2023011303624.jpg?lossy=0&amp;strip=1&amp;webp=1\" sizes=\"(max-width: 800px) 100vw, 800px\" srcset=\"https:\/\/b3276939.smushcdn.com\/3276939\/wp-content\/uploads\/2025\/12\/1673604791_P2023011303624.jpg?lossy=0&amp;strip=1&amp;webp=1 800w, https:\/\/b3276939.smushcdn.com\/3276939\/wp-content\/uploads\/2025\/12\/1673604791_P2023011303624-300x182.jpg?lossy=0&amp;strip=1&amp;webp=1 300w, https:\/\/b3276939.smushcdn.com\/3276939\/wp-content\/uploads\/2025\/12\/1673604791_P2023011303624-768x465.jpg?lossy=0&amp;strip=1&amp;webp=1 768w, https:\/\/b3276939.smushcdn.com\/3276939\/wp-content\/uploads\/2025\/12\/1673604791_P2023011303624-500x303.jpg?lossy=0&amp;strip=1&amp;webp=1 500w, https:\/\/b3276939.smushcdn.com\/3276939\/wp-content\/uploads\/2025\/12\/1673604791_P2023011303624-293x177.jpg?lossy=0&amp;strip=1&amp;webp=1 293w, https:\/\/b3276939.smushcdn.com\/3276939\/wp-content\/uploads\/2025\/12\/1673604791_P2023011303624-770x466.jpg?lossy=0&amp;strip=1&amp;webp=1 770w, https:\/\/b3276939.smushcdn.com\/3276939\/wp-content\/uploads\/2025\/12\/1673604791_P2023011303624-390x236.jpg?lossy=0&amp;strip=1&amp;webp=1 390w\" alt=\"\" width=\"744\" height=\"450\" data-wp-class--hide=\"state.isContentHidden\" data-wp-class--show=\"state.isContentVisible\" data-wp-init=\"callbacks.setButtonStyles\" data-wp-on-async--click=\"actions.showLightbox\" data-wp-on-async--load=\"callbacks.setButtonStyles\" data-wp-on-async-window--resize=\"callbacks.setButtonStyles\" \/><figcaption class=\"wp-element-caption\"><em>Advok\u00e1t Radek Such\u00fd s\u00a0Ladislavem Vrabelem. Zdroj: Profimedia<\/em><\/figcaption><\/figure>\n<h2 class=\"wp-block-heading\">\u017dalovan\u00ed sta\u0159\u00ed zn\u00e1m\u00ed<\/h2>\n<p>Na druh\u00e9 stran\u011b bylo tak\u0159ka pr\u00e1zdno, Jan Cemper nedorazil. Byl zde toliko Mgr. Boris Sokol z\u00a0<a href=\"https:\/\/www.ostrypravo.cz\/#N%C3%A1%C5%A1%20t%C3%BDm\">advok\u00e1tn\u00ed kancel\u00e1\u0159e<\/a>\u00a0JUDr. Artura Ostr\u00e9ho, zn\u00e1m\u00e9 ze zastupov\u00e1n\u00ed Zde\u0148ka \u0160arapatky v\u016f\u010di Milo\u0161i Zemanovi nebo \u017ealoby Marka Wollnera proti Robertu \u0160lachtovi. S\u00a0t\u00edmto pr\u00e1vn\u00edkem m\u00e1m i\u00a0svoji vlastn\u00ed, osobn\u00ed nemilou zku\u0161enost, kdy mi za proukrajinskou aktivistku Xenii \u201eTetu Tapetu\u201c Dedi\u010dovou z\u00a0internetov\u00e9 boj\u016fvky Illumicati doru\u010dil na den m\u00fdch narozenin p\u0159ed\u017ealobn\u00ed v\u00fdzvu, v\u00a0n\u00ed\u017e si plete Turnov II a\u00a0Trutnov I, Twitter a\u00a0Facebook, a\u00a0p\u0159edev\u0161\u00edm mne samotn\u00e9ho s\u00a0n\u011bjak\u00fdm ciz\u00edm \u00fa\u010dtem, a\u00a0vyz\u00fdv\u00e1 mne k\u00a0zanech\u00e1n\u00ed jedn\u00e1n\u00ed, jeho\u017e jsem se nikdy nedopustil. Zp\u011btn\u011b mne up\u0159\u00edmn\u011b mrz\u00ed, \u017ee jsem si tehdy osobn\u00ed n\u00e1v\u0161t\u011bvu Ostr\u00e9ho v\u00a0jeho kancel\u00e1\u0159i na Arbesov\u011b n\u00e1m\u011bst\u00ed rozmyslel. Pregnantn\u00ed sd\u011blen\u00ed up\u0159\u00edmn\u00e9ho n\u00e1zoru na takto kvalitn\u00ed nevy\u017e\u00e1danou korespondenci z\u00a0o\u010d\u00ed do o\u010d\u00ed, kdy\u017e u\u017e tamtudy chod\u00edv\u00e1m okolo, by b\u00fdvalo bylo pou\u010den\u00edm pro n\u011bho i\u00a0pro mne.<\/p>\n<p>Kostky jsou vr\u017eeny, \u0159ekl kdysi Caesar za Rubikonem, a\u00a0tak tomu bylo i\u00a0zde. D\u016fkazy byly p\u0159edlo\u017eeny, a\u00a0ty, kter\u00e9 by u\u00a0soudu hr\u00e1ly roli a\u00a0byly pom\u011brn\u011b podstatn\u00e9 (jako Cemperova machinace s\u00a0provozovatelem dom\u00e9ny a\u00a0kvapn\u00fd pokus o\u00a0likvidaci spolku), soud bohu\u017eel nezajistil. T\u011b\u017ei\u0161t\u011b jedn\u00e1n\u00ed tak \u010dinil n\u00e1vrh ob\u017ealoby, kde se po\u0161kozen\u00fd Mat\u011bj Bul\u00ed\u0159 vcelku logicky a\u00a0na z\u00e1klad\u011b dolo\u017een\u00fdch skute\u010dnost\u00ed dom\u00e1h\u00e1 satisfakce za n\u00e1sledky Cemperova jedn\u00e1n\u00ed, a\u00a0reakce strany \u017ealovan\u00e9, kter\u00e1 argumentovala ve\u0159ejnou zn\u00e1most\u00ed a\u00a0politick\u00fdm vlivem po\u0161kozen\u00e9ho, \u010d\u00edm\u017e by m\u011bl podobn\u00e9 praktiky pokorn\u011b strp\u011bt. O\u00a0tom v\u00edm ale rovn\u011b\u017e svoje. Byli to pr\u00e1v\u011b Manipul\u00e1to\u0159i, kdo mi\u00a0<a href=\"https:\/\/manipulatori.cz\/monitoring-dezinformacni-sceny-pavel-cimbal\">sv\u00fdm medailonkem<\/a>\u00a0zajistil k\u00e1drov\u00fd profil, s\u00a0jak\u00fdm u\u017e neodp\u0159edn\u00e1\u0161\u00edte, v\u00a0tom na\u0161em kr\u00e1sn\u00e9m, liber\u00e1ln\u011b demokratick\u00e9m progresivn\u00edm z\u0159\u00edzen\u00ed, z\u00a0politick\u00fdch d\u016fvod\u016f u\u017e ani assembler na \u010cVUT. Tuto absurditu si ale je\u0161t\u011b do\u0159e\u0161\u00edm, nebojte, ale nyn\u00ed zp\u011bt k\u00a0soudu samotn\u00e9mu.<\/p>\n<h2 class=\"wp-block-heading\">N\u00e1lez \u00dastavn\u00edho soudu<\/h2>\n<p>\u201ePokud difamuj\u00edc\u00ed v\u00fdrok spo\u010d\u00edv\u00e1 ve skutkov\u00e9m tvrzen\u00ed neboli konstatov\u00e1n\u00ed faktu, pak je ten, kdo jej u\u010dinil, povinen prok\u00e1zat rozumn\u00e9 d\u016fvody, na jejich\u017e z\u00e1klad\u011b se spol\u00e9hal na jeho pravdivost, jako\u017e i to, \u017ee podnikl dostupn\u00e9 kroky k ov\u011b\u0159en\u00ed jeho pravdivosti, a to v m\u00ed\u0159e a intenzit\u011b, v n\u00ed\u017e bylo jej\u00ed ov\u011b\u0159en\u00ed p\u0159\u00edpustn\u00e9 a definitivn\u00ed (v\u010detn\u011b p\u0159\u00edpadn\u00e9ho dotazu u osoby, kter\u00e9 se tvrzen\u00ed t\u00fdk\u00e1, jej\u00ed\u017e stanovisko by v takov\u00e9m p\u0159\u00edpad\u011b m\u011blo b\u00fdt rovn\u011b\u017e zve\u0159ejn\u011bno) a \u017ee byl v dobr\u00e9 v\u00ed\u0159e, a tud\u00ed\u017e nem\u011bl d\u016fvod v\u011b\u0159it, \u017ee toto tvrzen\u00ed nen\u00ed pravdiv\u00e9. P\u0159itom nelze legitimitu zve\u0159ejn\u011bn\u00ed informace dovodit, pokud byla dominantn\u011b motivov\u00e1na touhou po\u0161kodit difamovanou osobu, pokud \u0161i\u0159itel s\u00e1m informaci nev\u011b\u0159il anebo pokud ji poskytl bezohledn\u011b, ani\u017e by se \u0159\u00e1dn\u011b staral o to, zda je pravdiv\u00e1,\u201c p\u0159ipom\u00edn\u00e1 Radek Such\u00fd soudkyni pom\u011brn\u011b z\u00e1sadn\u00ed n\u00e1lez \u00dastavn\u00edho soudu sp. zn. I. \u00daS 453\/03 z 11. listopadu, ale to byl rok 2005, kdy se je\u0161t\u011b na svobodu slova a ochranu osobnosti pohl\u00ed\u017eelo tak n\u011bjak jinak, postaru.<\/p>\n<p>\u201eJak jsme tady sly\u0161eli z\u00a0v\u00fdpov\u011bdi pana Cempera, on se prakticky, co se t\u00fd\u010de zdroj\u016f, odvol\u00e1v\u00e1 s\u00e1m na sebe, anebo na pochybnou osobu, ozna\u010dovanou jako Bob Kartous, kter\u00e1 se rovn\u011b\u017e pohybuje na hranici jak\u00e9si \u00fanosnosti, co se t\u00fd\u010de \u0161\u00ed\u0159en\u00ed dezinformac\u00ed,\u201c dopl\u0148uje k\u00a0autorit\u011b \u010cesk\u00fdch elf\u016f a\u00a0p\u0159ipom\u00edn\u00e1 tunelov\u00e1n\u00ed Pra\u017esk\u00e9ho inova\u010dn\u00edho institutu pod veden\u00edm jejich dlouholet\u00e9ho mluv\u010d\u00edho. \u201eZ toho, co jsem \u0159ekl, je jednozna\u010dn\u00e9, \u017ee se ani nemohlo jednat o\u00a0hodnot\u00edc\u00ed soud, pokud to bude cht\u00edt tvrdit \u017ealovan\u00fd.\u201c Jen\u017ee obh\u00e1jce \u017ealovan\u00e9ho vyt\u00e1hnul naprosto jin\u00fd kalibr. \u017d\u00e1dn\u00e9 hodnot\u00edc\u00ed soudy, ale migraci, uprchl\u00edky, rasismus a\u00a0Ukrajinu. Tedy ta spr\u00e1vn\u00e1, citliv\u00e1 t\u00e9mata, kde je pak pravda p\u0159edem jasn\u00e1, stejn\u011b tak jako vin\u00edk. Sta\u010d\u00ed jen uk\u00e1zat.<\/p>\n<h2 class=\"wp-block-heading\">Nebezpe\u010dn\u011b pravdiv\u00e9 l\u017ei<\/h2>\n<p>\u201eL\u017ei, prezentovan\u00e9 v p\u0159\u00edsp\u011bvku \u017ealobce, jsou zp\u016fsobil\u00e9, i kdy\u017e to nemus\u00ed b\u00fdt \u00famyslem, sn\u00ed\u017eit solidaritu \u010desk\u00e9 spole\u010dnosti s Ukrajinou, jako\u017eto vojenskou agres\u00ed napadenou zem\u00ed,\u201c pustil se Sokol do Bul\u00ed\u0159e, kter\u00fd tam p\u0159itom odjel dobrovoln\u011b bojovat a nasazovat \u017eivot. \u201eZvy\u0161uje to tak jeho kredibilitu v o\u010d\u00edch ve\u0159ejnosti,\u201c p\u0159ipomn\u011bl tuto skute\u010dnost v pon\u011bkud jin\u00e9m sv\u011btle, \u201ea pr\u00e1v\u011b proto jsou jeho l\u017ei nebezpe\u010dn\u00e9 a pouk\u00e1zat na n\u011b je d\u016fle\u017eitou funkc\u00ed nez\u00e1visl\u00fdch m\u00e9di\u00ed.\u201c Hotovo dvacet, tady se na n\u011bjak\u00e9 z\u00e1sluhy ani sv\u011bdectv\u00ed u\u017e o\u010dividn\u011b nehraje. Nemus\u00ed. Pravda je to, o \u010dem se dohodneme. To ur\u010d\u00edme my, a kdo l\u017ee a oh\u00e1n\u00ed se vlastn\u00ed zku\u0161enost\u00ed, l\u017ee t\u00edm h\u016f\u0159 a o to z\u00e1ke\u0159n\u011bji. Jak prost\u00e9 a jednoduch\u00e9.<\/p>\n<figure class=\"wp-block-image size-full wp-lightbox-container\" data-wp-context=\"{&quot;imageId&quot;:&quot;693e42aa28763&quot;}\" data-wp-interactive=\"core\/image\"><img decoding=\"async\" loading=\"lazy\" class=\"wp-image-76745 aligncenter\" src=\"https:\/\/b3276939.smushcdn.com\/3276939\/wp-content\/uploads\/2025\/12\/290934083_1761284997536396_4655236559717576835_n.jpg?lossy=0&amp;strip=1&amp;webp=1\" sizes=\"(max-width: 800px) 100vw, 800px\" srcset=\"https:\/\/b3276939.smushcdn.com\/3276939\/wp-content\/uploads\/2025\/12\/290934083_1761284997536396_4655236559717576835_n.jpg?lossy=0&amp;strip=1&amp;webp=1 800w, https:\/\/b3276939.smushcdn.com\/3276939\/wp-content\/uploads\/2025\/12\/290934083_1761284997536396_4655236559717576835_n-300x203.jpg?lossy=0&amp;strip=1&amp;webp=1 300w, https:\/\/b3276939.smushcdn.com\/3276939\/wp-content\/uploads\/2025\/12\/290934083_1761284997536396_4655236559717576835_n-768x520.jpg?lossy=0&amp;strip=1&amp;webp=1 768w, https:\/\/b3276939.smushcdn.com\/3276939\/wp-content\/uploads\/2025\/12\/290934083_1761284997536396_4655236559717576835_n-500x339.jpg?lossy=0&amp;strip=1&amp;webp=1 500w, https:\/\/b3276939.smushcdn.com\/3276939\/wp-content\/uploads\/2025\/12\/290934083_1761284997536396_4655236559717576835_n-293x199.jpg?lossy=0&amp;strip=1&amp;webp=1 293w, https:\/\/b3276939.smushcdn.com\/3276939\/wp-content\/uploads\/2025\/12\/290934083_1761284997536396_4655236559717576835_n-770x522.jpg?lossy=0&amp;strip=1&amp;webp=1 770w, https:\/\/b3276939.smushcdn.com\/3276939\/wp-content\/uploads\/2025\/12\/290934083_1761284997536396_4655236559717576835_n-120x80.jpg?lossy=0&amp;strip=1&amp;webp=1 120w, https:\/\/b3276939.smushcdn.com\/3276939\/wp-content\/uploads\/2025\/12\/290934083_1761284997536396_4655236559717576835_n-390x264.jpg?lossy=0&amp;strip=1&amp;webp=1 390w\" alt=\"\" width=\"507\" height=\"343\" data-wp-class--hide=\"state.isContentHidden\" data-wp-class--show=\"state.isContentVisible\" data-wp-init=\"callbacks.setButtonStyles\" data-wp-on-async--click=\"actions.showLightbox\" data-wp-on-async--load=\"callbacks.setButtonStyles\" data-wp-on-async-window--resize=\"callbacks.setButtonStyles\" \/><\/figure>\n<figure class=\"wp-block-image size-full wp-lightbox-container\" data-wp-context=\"{&quot;imageId&quot;:&quot;693e42aa28763&quot;}\" data-wp-interactive=\"core\/image\"><em>Matou\u0161 Bul\u00ed\u0159. Zdroj: Facebook Matou\u0161e Bul\u00ed\u0159e<\/em><\/figure>\n<p>N\u00e1sledovaly p\u0159ipom\u00ednky Bul\u00ed\u0159ovy kritiky t\u00e1bora v\u00a0Letech u\u00a0P\u00edsku, ov\u011b\u0159en\u00e1 karta nacionalismu, zm\u00edn\u011bn\u00ed kandidatury do Evropsk\u00e9ho parlamentu, a\u00a0bylo v\u0161e jasn\u00e9. Tohle nen\u00ed \u0159\u00edzen\u00ed skutkov\u00e9 a\u00a0civiln\u00ed, ale politick\u00e9 a\u00a0sv\u011bton\u00e1zorov\u00e9. Kancel\u00e1\u0159 Artura Ostr\u00e9ho v\u00ed, na jakou strunu je\u0161t\u011b zabrnkat. A\u00a0jestli n\u011bkdo n\u011bkoho napadl a\u00a0zml\u00e1til pro jeho n\u00e1zory, tak za to Manipul\u00e1to\u0159i ur\u010dit\u011b nemohou, ani kdyby na n\u011bho uk\u00e1zali. Za to m\u016f\u017ee Zdechovsk\u00fd, a\u00a0tak se obra\u0165te se na n\u011bj a\u00a0n\u00e1s s\u00a0n\u011bjak\u00fdmi o\u010der\u0148uj\u00edc\u00edmi \u010dl\u00e1nky neotravujte. Prost\u011b nikdo za nic nem\u016f\u017ee a\u00a0my si budeme ps\u00e1t, co chceme, proto\u017ee na rozd\u00edl od v\u00e1s m\u016f\u017eeme.<\/p>\n<p>Soudkyn\u011b n\u00e1sledn\u011b ohl\u00e1s\u00ed desetiminutovou pauzu na p\u0159\u00edpravu n\u011bkolikastr\u00e1nkov\u00e9ho rozhodnut\u00ed. Toto je sama o\u00a0sob\u011b dost d\u011bsiv\u00e1 praxe a\u00a0\u0161iroce roz\u0161\u00ed\u0159en\u00e1 absurdita na\u0161ich soud\u016f, atakuj\u00edc\u00edch Guinnessovu knihu rekord\u016f jak v\u00a0samotn\u00e9 rychlosti psan\u00ed, tak v\u00a0podkl\u00e1d\u00e1n\u00ed podobn\u00fdch rozsudk\u016f propracovan\u00fdm a\u00a0relevantn\u00edm zd\u016fvodn\u011bn\u00edm. V\u017edy mi na mysl vytane ot\u00e1zka, pro\u010d jedn\u00e1n\u00ed nezkr\u00e1tit rovnou, kdy\u017e je o\u00a0v\u011bci rozhodnuto p\u0159edem, a\u00a0jak tuto praktiku p\u0159\u00edpadn\u011b zma\u0159it. Pokud tu\u0161\u00edte, napi\u0161te mi to do koment\u00e1\u0159\u016f.<\/p>\n<h2 class=\"wp-block-heading\">Rozsudek zcela nep\u0159ekvapiv\u00fd<\/h2>\n<p>P\u0159izn\u00e1m se, \u017ee p\u0159i \u010dten\u00ed rozsudku jsem u\u017e jen \u010dekal, kdy ona vazba \u201ese zam\u00edt\u00e1\u201c zazn\u00ed. A\u00a0zam\u00edt\u00e1 se nejen n\u00e1hrada n\u00e1klad\u016f \u010di \u0161kody, ale i\u00a0omluva samotn\u00e1. Nic se prost\u011b nestalo. Cemper o\u00a0n\u011bkom zve\u0159ejnil prokazateln\u011b nepravdiv\u00e9 informace, ale ten n\u011bkdo \u0159\u00edkal o\u0161kliv\u00e9 a\u00a0nevhodn\u00e9 v\u011bci o\u00a0Ukrajin\u011b, sv\u00fdmi zku\u0161enostmi a\u00a0vhledem zp\u016fsobil\u00fd svoj\u00ed kredibilitou ohrozit solidaritu s\u00a0napadenou zem\u00ed, tak\u017ee jak\u00e9pak copak. A\u00a0i\u00a0kdyby, je zde nedostate\u010dn\u00e1 pasivn\u00ed legitimace, zp\u016fsoben\u00e1 Cemperov\u00fdmi machinacemi s\u00a0pr\u00e1vnick\u00fdmi osobami, za kter\u00e9 se cel\u00e1 \u010dinnost port\u00e1lu od po\u010d\u00e1tku schov\u00e1v\u00e1 a\u00a0kterou soud tak n\u011bjak neprov\u011b\u0159oval, a\u00a0tud\u00ed\u017e ani neprov\u011b\u0159il. \u00d3 jak\u00e9 p\u0159ekvapen\u00ed. A\u00a0v\u016fbec, Bul\u00ed\u0159 m\u00e1 prost\u011b velk\u00fd dosah, a\u00a0tak je povinen toto sn\u00e1\u0161et, a\u0165 u\u017e je to jakkoliv. Te\u010dka, pohov.<\/p>\n<p>Soudkyn\u011b Barbora \u0160umov\u00e1 promine, ale musel jsem to takto zkr\u00e1tit a\u00a0p\u0159evypr\u00e1v\u011bt do jazyka lidu srozumiteln\u00e9ho. Za deset minut bych to, na rozd\u00edl od n\u00ed, opravdu nesepsal, a\u00a0asi ani \u010dten\u00e1\u0159i nep\u0159e\u010detli. Kdo m\u00e1 z\u00e1jem o\u00a0doslovn\u00e9 zn\u011bn\u00ed tohoto zd\u016fvodn\u011bn\u00ed, odkazuji jej na audio cel\u00e9ho verdiktu ze soudn\u00edho st\u00e1n\u00ed, odkazovan\u00e9 ji\u017e v\u00a0\u00favodu \u010dl\u00e1nku. V\u00edc toho nenad\u011bl\u00e1m. V\u00a0tento moment vyp\u00edn\u00e1m diktafon a\u00a0za\u010d\u00edn\u00e1m si balit batoh. Pon\u011bkud p\u0159ed\u010dasn\u011b, zp\u011btn\u011b vzato, proto\u017ee zde zazn\u011bla docela zaj\u00edmav\u00e1 slovn\u00ed v\u00fdm\u011bna mezi soudkyn\u00ed a\u00a0Radkem Such\u00fdm, kterou jsem tak ji\u017e do z\u00e1znamu nezaznamenal. Zat\u00edmco si ukl\u00e1d\u00e1m sv\u016fj milovan\u00fd Olympus LS-P1 nazp\u00e1tek do krabi\u010dky, soudkyn\u011b mne po o\u010dku nerv\u00f3zn\u011b sleduje, a\u00a0pak zastav\u00ed Radka Such\u00e9ho, kter\u00fd je u\u017e m\u00e1lem ve dve\u0159\u00edch. \u201eMo\u017en\u00e1, jestli, pane magist\u0159e, tady po\u010dk\u00e1te, a\u017e odejde ve\u0159ejnost, abych tady nebyla tak osamocena,\u201c obrac\u00ed se na n\u011bj se svou \u00fap\u011bnlivou \u017e\u00e1dost\u00ed, a\u00a0j\u00e1 si tak \u0159\u00edk\u00e1m, kde \u017ee to vlastn\u011b jsem. U\u00a0soudu, kter\u00fd rozhoduje tak, \u017ee u\u017e se mus\u00ed ob\u00e1vat ve\u0159ejnosti, a\u00a0to i\u00a0v\u00a0po\u010dtu jednoho \u010dlov\u011bka, ozbrojen\u00e9ho pouh\u00fdm diktafonem.<\/p>\n<p>No nic. Asi si budu muset tuto \u201ezbra\u0148\u201c br\u00e1t s\u00a0sebou na podobn\u00e1 m\u00edsta \u010dast\u011bji\u2026<\/p>\n<p><span style=\"font-size: 10pt;\"><em><strong>\u00davodn\u00ed fotografie:<\/strong> Manipul\u00e1tor Jan Cemper. Zdroj: jancemper.cz<\/em><\/span><\/p>\n<p><a href=\"https:\/\/denik.to\/cemper-vyhral-dalsi-soud-manipulatori-mohou-slavit\/\">Pavel Cimb\u00e1l<\/a><\/p>\n<p><img decoding=\"async\" loading=\"lazy\" class=\"\" src=\"https:\/\/b3276939.smushcdn.com\/3276939\/wp-content\/uploads\/2023\/10\/CimbalPavel-100x100.jpg?lossy=0&amp;strip=1&amp;webp=1\" alt=\"Pavel Cimb\u00e1l\" width=\"124\" height=\"124\" \/><\/p>\n<p>&nbsp;<\/p>\n","protected":false},"excerpt":{"rendered":"<p>Spor Matou\u0161e Bul\u00ed\u0159e s\u00a0port\u00e1lem Manipul\u00e1to\u0159i.cz, na kter\u00e9m se dom\u00e1hal od\u0161kodn\u011bn\u00ed za opakovan\u00e1 zve\u0159ej\u0148ov\u00e1n\u00ed nepravdiv\u00fdch a\u00a0po\u0161kozuj\u00edc\u00edch&#8230;<\/p>\n","protected":false},"author":2,"featured_media":94603,"comment_status":"closed","ping_status":"closed","sticky":false,"template":"","format":"standard","meta":[],"categories":[6],"tags":[1042,2799,10259,520,324],"_links":{"self":[{"href":"https:\/\/www.infokuryr.cz\/n\/wp-json\/wp\/v2\/posts\/94602"}],"collection":[{"href":"https:\/\/www.infokuryr.cz\/n\/wp-json\/wp\/v2\/posts"}],"about":[{"href":"https:\/\/www.infokuryr.cz\/n\/wp-json\/wp\/v2\/types\/post"}],"author":[{"embeddable":true,"href":"https:\/\/www.infokuryr.cz\/n\/wp-json\/wp\/v2\/users\/2"}],"replies":[{"embeddable":true,"href":"https:\/\/www.infokuryr.cz\/n\/wp-json\/wp\/v2\/comments?post=94602"}],"version-history":[{"count":0,"href":"https:\/\/www.infokuryr.cz\/n\/wp-json\/wp\/v2\/posts\/94602\/revisions"}],"wp:featuredmedia":[{"embeddable":true,"href":"https:\/\/www.infokuryr.cz\/n\/wp-json\/wp\/v2\/media\/94603"}],"wp:attachment":[{"href":"https:\/\/www.infokuryr.cz\/n\/wp-json\/wp\/v2\/media?parent=94602"}],"wp:term":[{"taxonomy":"category","embeddable":true,"href":"https:\/\/www.infokuryr.cz\/n\/wp-json\/wp\/v2\/categories?post=94602"},{"taxonomy":"post_tag","embeddable":true,"href":"https:\/\/www.infokuryr.cz\/n\/wp-json\/wp\/v2\/tags?post=94602"}],"curies":[{"name":"wp","href":"https:\/\/api.w.org\/{rel}","templated":true}]}}