{"id":94579,"date":"2025-12-14T00:21:10","date_gmt":"2025-12-13T23:21:10","guid":{"rendered":"https:\/\/www.infokuryr.cz\/n\/?p=94579"},"modified":"2025-12-13T11:29:14","modified_gmt":"2025-12-13T10:29:14","slug":"pruzkum-83-madaru-se-obava-zahranicniho-vmesovani-do-voleb-v-roce-2026","status":"publish","type":"post","link":"https:\/\/www.infokuryr.cz\/n\/2025\/12\/14\/pruzkum-83-madaru-se-obava-zahranicniho-vmesovani-do-voleb-v-roce-2026\/","title":{"rendered":"Pr\u016fzkum: 83 % Ma\u010far\u016f se ob\u00e1v\u00e1 zahrani\u010dn\u00edho vm\u011b\u0161ov\u00e1n\u00ed do voleb v roce 2026"},"content":{"rendered":"<div id=\"fb-root\"><\/div>\n<h3 class=\"s-tagline fw-tagline\"><span dir=\"auto\">Respondenti se t\u00e9m\u011b\u0159 rovnom\u011brn\u011b rozd\u011blili v tom, zda si mysl\u00ed, \u017ee vm\u011b\u0161ov\u00e1n\u00ed p\u0159ijde bu\u010f ze strany Ruska, nebo USA\/EU.<\/span><\/h3>\n<p><span dir=\"auto\">Drtiv\u00e1 v\u011bt\u0161ina, 83 procent, respondent\u016f pr\u016fzkumu spole\u010dnosti Mediana uvedla, \u017ee parlamentn\u00ed volby v Ma\u010farsku, kter\u00e9 se budou konat p\u0159\u00ed\u0161t\u00ed rok, by mohly \u010delit vm\u011b\u0161ov\u00e1n\u00ed ze strany zahrani\u010dn\u00edch zpravodajsk\u00fdch slu\u017eeb.<\/span><\/p>\n<p><span dir=\"auto\">Pr\u016fzkum zve\u0159ejn\u011bn\u00fd den\u00edkem Nepszava rovn\u011b\u017e nazna\u010duje, \u017ee 53 procent respondent\u016f se domn\u00edv\u00e1, \u017ee by se Rusko mohlo pokusit ovlivnit nadch\u00e1zej\u00edc\u00ed volby, zat\u00edmco 49 procent uvedlo, \u017ee by to byla Evropsk\u00e1 unie nebo Spojen\u00e9 st\u00e1ty.<\/span><\/p>\n<p><span dir=\"auto\">Dal\u0161\u00edch 25 procent se ob\u00e1v\u00e1, \u017ee by se Ukrajina mohla pokusit zmanipulovat volby, uv\u00e1d\u00ed server\u00a0<\/span><a href=\"https:\/\/dorzeczy.pl\/swiat\/818777\/fidesz-orbana-v-tisza-magyara-nie-tylko-rosji-boja-sie-wegrzy.html\"><span dir=\"auto\">Do Rzeczy<\/span><\/a><span dir=\"auto\">\u00a0.<\/span><\/p>\n<p><span dir=\"auto\">Pr\u016fzkum tak\u00e9 uk\u00e1zal, \u017ee od za\u010d\u00e1tku v\u00e1lky na Ukrajin\u011b se vn\u00edm\u00e1n\u00ed Ukrajiny v Ma\u010farsku v\u00fdrazn\u011b zhor\u0161ilo. \u201eMa\u010farsk\u00e9 obyvatelstvo nyn\u00ed vn\u00edm\u00e1 napadenou Ukrajinu jako v\u011bt\u0161\u00ed hrozbu ne\u017e Rusko, a\u010dkoli d\u0159\u00edve byla situace p\u0159esn\u011b opa\u010dn\u00e1,\u201c uvedl Nepszava.<\/span><\/p>\n<p><span dir=\"auto\">Parlamentn\u00ed volby se v Ma\u010farsku budou konat v dubnu 2026. Fidesz \u010del\u00ed v\u00e1\u017en\u00e9 konkurenci ze strany centristick\u00e9 strany TISZA, kterou vede P\u00e9ter Magyar, b\u00fdval\u00fd poradce premi\u00e9ra Viktora Orb\u00e1na.<\/span><\/p>\n<p><span dir=\"auto\">Orb\u00e1n, stejn\u011b jako v p\u0159edchoz\u00ed kampani, argumentuje, \u017ee pokud jeho strana vyhraje, bude to z\u00e1ruka, \u017ee Ma\u010farsko nebude zata\u017eeno do v\u00e1lky, ke kter\u00e9 podle jeho n\u00e1zoru Evropa v sou\u010dasn\u00e9 dob\u011b sm\u011b\u0159uje.<\/span><\/p>\n<p><span dir=\"auto\">Pr\u016fzkum think-tanku 21 Research Center ze za\u010d\u00e1tku prosince uk\u00e1zal, \u017ee se strana Fidesz p\u0159ibl\u00ed\u017eila stran\u011b TISZA, kter\u00e1 se podle v\u011bt\u0161iny pr\u016fzkum\u016f st\u00e1le t\u011b\u0161\u00ed nejv\u011bt\u0161\u00ed podpo\u0159e voli\u010d\u016f.<\/span><\/p>\n<p><span dir=\"auto\">Mezi v\u0161emi voli\u010di vede TISZA nad Fideszem o \u010dty\u0159i procentn\u00ed body a mezi t\u011bmi, kte\u0159\u00ed v\u011bd\u00ed, jak budou volit, je n\u00e1skok sedm procentn\u00edch bod\u016f.\u00a0<\/span><\/p>\n<p><span dir=\"auto\">Ve srovn\u00e1n\u00ed s \u0159\u00edjnov\u00fdmi v\u00fdsledky se za\u010dal projevovat n\u00e1vrat k vl\u00e1d\u011b a rozd\u00edl mezi ob\u011bma hlavn\u00edmi stranami se zmen\u0161il z 10 procentn\u00edch bod\u016f. V posledn\u00edm pr\u016fzkumu se n\u00e1skok strany TISZA p\u0159ed stranou Fidesz sn\u00ed\u017eil na sedm procentn\u00edch bod\u016f.<\/span><\/p>\n<p><span dir=\"auto\">Krom\u011b v\u00e1lky Fidesz prosazuje tak\u00e9 svou pro-rodinnou a protiimigra\u010dn\u00ed agendu, kterou podle n\u011bj Tisza zru\u0161\u00ed v souladu s politikou up\u0159ednost\u0148ovanou Bruselem.<\/span><\/p>\n<p><span dir=\"auto\">Evropsk\u00e1 komise dlouhodob\u011b zadr\u017euje Ma\u010farsku finan\u010dn\u00ed prost\u0159edky z EU, kter\u00e9 pova\u017euje za poru\u0161en\u00ed pr\u00e1vn\u00edho st\u00e1tu, a tak\u00e9 za odm\u00edtnut\u00ed akceptovat migra\u010dn\u00ed kv\u00f3ty, co\u017e p\u0159isp\u011blo k narativu volaj\u00edc\u00edmu po zm\u011bn\u011b mezi ma\u010farskou opozic\u00ed.<\/span><\/p>\n<p><img decoding=\"async\" loading=\"lazy\" class=\"alignnone size-full wp-image-1185\" src=\"http:\/\/www.infokuryr.cz\/n\/wp-content\/uploads\/2021\/04\/kuryr-podpis.png\" alt=\"\" width=\"84\" height=\"24\" \/><\/p>\n<p>&nbsp;<\/p>\n","protected":false},"excerpt":{"rendered":"<p>Respondenti se t\u00e9m\u011b\u0159 rovnom\u011brn\u011b rozd\u011blili v tom, zda si mysl\u00ed, \u017ee vm\u011b\u0161ov\u00e1n\u00ed p\u0159ijde bu\u010f ze&#8230;<\/p>\n","protected":false},"author":2,"featured_media":94580,"comment_status":"closed","ping_status":"closed","sticky":false,"template":"","format":"standard","meta":[],"categories":[7],"tags":[78,620,3676,27],"_links":{"self":[{"href":"https:\/\/www.infokuryr.cz\/n\/wp-json\/wp\/v2\/posts\/94579"}],"collection":[{"href":"https:\/\/www.infokuryr.cz\/n\/wp-json\/wp\/v2\/posts"}],"about":[{"href":"https:\/\/www.infokuryr.cz\/n\/wp-json\/wp\/v2\/types\/post"}],"author":[{"embeddable":true,"href":"https:\/\/www.infokuryr.cz\/n\/wp-json\/wp\/v2\/users\/2"}],"replies":[{"embeddable":true,"href":"https:\/\/www.infokuryr.cz\/n\/wp-json\/wp\/v2\/comments?post=94579"}],"version-history":[{"count":0,"href":"https:\/\/www.infokuryr.cz\/n\/wp-json\/wp\/v2\/posts\/94579\/revisions"}],"wp:featuredmedia":[{"embeddable":true,"href":"https:\/\/www.infokuryr.cz\/n\/wp-json\/wp\/v2\/media\/94580"}],"wp:attachment":[{"href":"https:\/\/www.infokuryr.cz\/n\/wp-json\/wp\/v2\/media?parent=94579"}],"wp:term":[{"taxonomy":"category","embeddable":true,"href":"https:\/\/www.infokuryr.cz\/n\/wp-json\/wp\/v2\/categories?post=94579"},{"taxonomy":"post_tag","embeddable":true,"href":"https:\/\/www.infokuryr.cz\/n\/wp-json\/wp\/v2\/tags?post=94579"}],"curies":[{"name":"wp","href":"https:\/\/api.w.org\/{rel}","templated":true}]}}