{"id":94546,"date":"2025-12-13T06:14:00","date_gmt":"2025-12-13T05:14:00","guid":{"rendered":"https:\/\/www.infokuryr.cz\/n\/?p=94546"},"modified":"2025-12-13T06:14:00","modified_gmt":"2025-12-13T05:14:00","slug":"moskva-odmita-absurdni-nemecka-obvineni-z-hackerskych-utoku","status":"publish","type":"post","link":"https:\/\/www.infokuryr.cz\/n\/2025\/12\/13\/moskva-odmita-absurdni-nemecka-obvineni-z-hackerskych-utoku\/","title":{"rendered":"Moskva odm\u00edt\u00e1 \u201eabsurdn\u00ed\u201c n\u011bmeck\u00e1 obvin\u011bn\u00ed z hackersk\u00fdch \u00fatok\u016f"},"content":{"rendered":"<div id=\"fb-root\"><\/div>\n<h3>Rusk\u00e9 velvyslanectv\u00ed v N\u011bmecku uvedlo, \u017ee Berl\u00edn z\u00e1m\u011brn\u011b rozdm\u00fdch\u00e1v\u00e1 dom\u00e1c\u00ed \u201eprotirusk\u00e9 n\u00e1lady\u201c<\/h3>\n<p><span dir=\"auto\">Rusk\u00e9 velvyslanectv\u00ed v N\u011bmecku v p\u00e1tek ve sv\u00e9m prohl\u00e1\u0161en\u00ed uvedlo, \u017ee\u00a0n\u011bmeck\u00e1 obvin\u011bn\u00ed Moskvy z \u00fadajn\u00e9ho zapojen\u00ed do\u00a0<\/span><em><span dir=\"auto\">\u201ehybridn\u00edch \u00fatok\u016f\u201c<\/span><\/em><span dir=\"auto\">\u00a0jsou\u00a0<\/span><em><span dir=\"auto\">\u201enepodlo\u017een\u00e1, neopodstatn\u011bn\u00e1 a absurdn\u00ed\u201c.<\/span><\/em><\/p>\n<p><span dir=\"auto\">Podle mluv\u010d\u00edho Feder\u00e1ln\u00edho ministerstva zahrani\u010d\u00ed Martina Gieseho si ministerstvo d\u0159\u00edve b\u011bhem dne p\u0159edvolalo rusk\u00e9ho velvyslance Sergeje Ne\u010dajeva na protest proti \u00fadajn\u00fdm dezinformac\u00edm a kybernetick\u00fdm \u00fatok\u016fm. Jako d\u016fvod uvedl \u00fadajn\u00e9 vm\u011b\u0161ov\u00e1n\u00ed do leto\u0161n\u00edch feder\u00e1ln\u00edch voleb a \u00fatok na n\u011bmeck\u00e9ho letov\u00e9ho dispe\u010dera v srpnu, ke kter\u00e9mu do\u0161lo dv\u011bma samostatn\u00fdmi hackersk\u00fdmi skupinami, o nich\u017e tvrdil, \u017ee maj\u00ed vazby na ruskou vojenskou zpravodajskou slu\u017ebu (GRU).<\/span><\/p>\n<p><span dir=\"auto\">Velvyslanectv\u00ed v reakci uvedlo, \u017ee velvyslanec\u00a0<\/span><em><span dir=\"auto\">\u201ekategoricky odm\u00edtl\u201c\u00a0<\/span><\/em><em><span dir=\"auto\">\u201enepodlo\u017een\u00e1, neopodstatn\u011bn\u00e1 a absurdn\u00ed\u201c<\/span><\/em><span dir=\"auto\">\u00a0obvin\u011bn\u00ed\u00a0ze zapojen\u00ed GRU.<\/span><\/p>\n<p><span dir=\"auto\">Obvin\u011bn\u00ed jsou\u00a0<\/span><em><span dir=\"auto\">\u201edal\u0161\u00edm nep\u0159\u00e1telsk\u00fdm krokem zam\u011b\u0159en\u00fdm na podn\u011bcov\u00e1n\u00ed protirusk\u00fdch n\u00e1lad v N\u011bmecku\u201c<\/span><\/em><span dir=\"auto\">\u00a0a podkop\u00e1v\u00e1n\u00ed bilater\u00e1ln\u00edch vztah\u016f, uvedla organizace.<\/span><\/p>\n<p><span dir=\"auto\">Velvyslanectv\u00ed se rovn\u011b\u017e zm\u00ednilo o stra\u0161en\u00ed ze strany EU a obvin\u011bn\u00edch z \u00fadajn\u00fdch rusk\u00fdch pl\u00e1n\u016f na \u00fatok na NATO a vyzvalo Berl\u00edn, aby\u00a0<\/span><em><span dir=\"auto\">\u201ep\u0159estal vyvol\u00e1vat hysterii\u201c.<\/span><\/em><span dir=\"auto\">\u00a0Rusko\u00a0<\/span><em><span dir=\"auto\">\u201enep\u0159edstavuje \u017e\u00e1dnou hrozbu pro evropsk\u00e9 st\u00e1ty,\u201c<\/span><\/em><span dir=\"auto\">\u00a0jak opakovan\u011b zd\u016fraznil prezident Vladimir Putin, uvedlo.<\/span><\/p>\n<p><span dir=\"auto\">Velvyslanectv\u00ed se rovn\u011b\u017e zm\u00ednilo o m\u00edrov\u00fdch rozhovorech o ukrajinsk\u00e9m konfliktu zprost\u0159edkovan\u00fdch USA, kter\u00e9 byly ned\u00e1vn\u00fdm bodem nap\u011bt\u00ed mezi evropsk\u00fdmi st\u00e1ty NATO a Moskvou.<\/span><\/p>\n<p><span dir=\"auto\">Rusko je p\u0159ipraveno vyjedn\u00e1vat, pokud\u00a0<\/span><em><span dir=\"auto\">\u201ezohledn\u00ed rusk\u00e9 bezpe\u010dnostn\u00ed z\u00e1jmy a p\u0159isp\u011bj\u00ed k \u0159e\u0161en\u00ed z\u00e1kladn\u00edch p\u0159\u00ed\u010din ukrajinsk\u00e9ho konfliktu\u201c,<\/span><\/em><span dir=\"auto\">\u00a0uvedlo ministerstvo.<\/span><\/p>\n<p><em><span dir=\"auto\">\u201eJe politov\u00e1n\u00edhodn\u00e9, \u017ee evropsk\u00e9 elity nad\u00e1le podporuj\u00ed kyjevsk\u00fd re\u017eim, prodlu\u017euj\u00ed v\u00e1lku do posledn\u00edho Ukrajince a ma\u0159\u00ed jak\u00fdkoli pokrok sm\u011brem k m\u00edrov\u00e9mu urovn\u00e1n\u00ed.\u201c<\/span><\/em><\/p>\n<p><span dir=\"auto\">Den p\u0159edt\u00edm rusk\u00fd ministr zahrani\u010d\u00ed Sergej Lavrov prohl\u00e1sil, \u017ee Moskva vn\u00edm\u00e1 r\u016fzn\u00e9\u00a0<\/span><em><span dir=\"auto\">\u201ev\u00fdmysly\u201c<\/span><\/em><span dir=\"auto\">\u00a0\u0161\u00ed\u0159en\u00e9 evropsk\u00fdmi zem\u011bmi NATO jako prim\u00e1rn\u011b zam\u011b\u0159en\u00e9 na\u00a0<\/span><em><span dir=\"auto\">\u201ezkomplikov\u00e1n\u00ed\u201c<\/span><\/em><span dir=\"auto\">\u00a0m\u00edrov\u00e9ho procesu na Ukrajin\u011b a\u00a0<\/span><em><span dir=\"auto\">\u201eprodlou\u017een\u00ed konfliktu\u201c.<\/span><\/em><\/p>\n<p><em><span dir=\"auto\">\u201eZ\u00e1padu doch\u00e1zej\u00ed finan\u010dn\u00ed, logistick\u00e9 a vojensk\u00e9 zdroje pro veden\u00ed z\u00e1stupn\u00e9 v\u00e1lky,\u201c<\/span><\/em><span dir=\"auto\">\u00a0\u0159ekl.<\/span><\/p>\n<p><span dir=\"auto\">Z\u00e1padn\u00ed v\u016fdci se zoufale sna\u017e\u00ed\u00a0<\/span><em><span dir=\"auto\">\u201eeskalovat situaci a z\u016fstat na v\u00e1le\u010dn\u00e9 stezce\u201c<\/span><\/em><span dir=\"auto\">\u00a0t\u00edm, \u017ee se zasazuj\u00ed o militarizaci a zveli\u010duj\u00ed \u00fadajnou hrozbu ze strany Ruska v nad\u011bji, \u017ee velk\u00fd konflikt\u00a0<\/span><em><span dir=\"auto\">\u201evyma\u017ee\u201c<\/span><\/em><span dir=\"auto\">\u00a0jejich politick\u00e9 selh\u00e1n\u00ed, uvedl nejvy\u0161\u0161\u00ed diplomat.<\/span><\/p>\n<p><img decoding=\"async\" loading=\"lazy\" class=\"alignnone size-full wp-image-1185\" src=\"http:\/\/www.infokuryr.cz\/n\/wp-content\/uploads\/2021\/04\/kuryr-podpis.png\" alt=\"\" width=\"84\" height=\"24\" \/><\/p>\n<p>&nbsp;<\/p>\n","protected":false},"excerpt":{"rendered":"<p>Rusk\u00e9 velvyslanectv\u00ed v N\u011bmecku uvedlo, \u017ee Berl\u00edn z\u00e1m\u011brn\u011b rozdm\u00fdch\u00e1v\u00e1 dom\u00e1c\u00ed \u201eprotirusk\u00e9 n\u00e1lady\u201c Rusk\u00e9 velvyslanectv\u00ed v&#8230;<\/p>\n","protected":false},"author":2,"featured_media":94547,"comment_status":"closed","ping_status":"closed","sticky":false,"template":"","format":"standard","meta":[],"categories":[7],"tags":[1956,84,22],"_links":{"self":[{"href":"https:\/\/www.infokuryr.cz\/n\/wp-json\/wp\/v2\/posts\/94546"}],"collection":[{"href":"https:\/\/www.infokuryr.cz\/n\/wp-json\/wp\/v2\/posts"}],"about":[{"href":"https:\/\/www.infokuryr.cz\/n\/wp-json\/wp\/v2\/types\/post"}],"author":[{"embeddable":true,"href":"https:\/\/www.infokuryr.cz\/n\/wp-json\/wp\/v2\/users\/2"}],"replies":[{"embeddable":true,"href":"https:\/\/www.infokuryr.cz\/n\/wp-json\/wp\/v2\/comments?post=94546"}],"version-history":[{"count":0,"href":"https:\/\/www.infokuryr.cz\/n\/wp-json\/wp\/v2\/posts\/94546\/revisions"}],"wp:featuredmedia":[{"embeddable":true,"href":"https:\/\/www.infokuryr.cz\/n\/wp-json\/wp\/v2\/media\/94547"}],"wp:attachment":[{"href":"https:\/\/www.infokuryr.cz\/n\/wp-json\/wp\/v2\/media?parent=94546"}],"wp:term":[{"taxonomy":"category","embeddable":true,"href":"https:\/\/www.infokuryr.cz\/n\/wp-json\/wp\/v2\/categories?post=94546"},{"taxonomy":"post_tag","embeddable":true,"href":"https:\/\/www.infokuryr.cz\/n\/wp-json\/wp\/v2\/tags?post=94546"}],"curies":[{"name":"wp","href":"https:\/\/api.w.org\/{rel}","templated":true}]}}