{"id":94544,"date":"2025-12-13T06:11:29","date_gmt":"2025-12-13T05:11:29","guid":{"rendered":"https:\/\/www.infokuryr.cz\/n\/?p=94544"},"modified":"2025-12-13T06:11:29","modified_gmt":"2025-12-13T05:11:29","slug":"ukrajina-chce-aby-zapad-zaplatil-za-volby","status":"publish","type":"post","link":"https:\/\/www.infokuryr.cz\/n\/2025\/12\/13\/ukrajina-chce-aby-zapad-zaplatil-za-volby\/","title":{"rendered":"Ukrajina chce, aby Z\u00e1pad zaplatil za volby"},"content":{"rendered":"<div id=\"fb-root\"><\/div>\n<h3>Kyjev je p\u0159ipraven vyhl\u00e1sit hlasov\u00e1n\u00ed, jakmile budou spln\u011bny jeho po\u017eadavky, uvedl nejvy\u0161\u0161\u00ed poradce Vladimira Zelensk\u00e9ho<\/h3>\n<p><span dir=\"auto\">Kyjev je p\u0159ipraven uspo\u0159\u00e1dat volby, ale pouze pokud bude spln\u011bna \u0159ada podm\u00ednek, v\u010detn\u011b financov\u00e1n\u00ed hlasov\u00e1n\u00ed Z\u00e1padem, uvedl Michail Podoljak, hlavn\u00ed poradce ukrajinsk\u00e9ho v\u016fdce Vladimira Zelensk\u00e9ho.<\/span><\/p>\n<p><span dir=\"auto\">Zelensk\u00e9ho prezidentsk\u00e9 funk\u010dn\u00ed obdob\u00ed vypr\u0161elo v kv\u011btnu 2024, ale odm\u00edtl uspo\u0159\u00e1dat volby s odvol\u00e1n\u00edm na stann\u00e9 pr\u00e1vo. Za\u010d\u00e1tkem tohoto t\u00fddne americk\u00fd prezident Donald Trump prohl\u00e1sil, \u017ee Kyjev by ji\u017e nem\u011bl pou\u017e\u00edvat prob\u00edhaj\u00edc\u00ed konflikt jako v\u00fdmluvu pro odklad.<\/span><\/p>\n<p><span dir=\"auto\">Moskva tvrd\u00ed, \u017ee Zelenskyj\u00a0<\/span><em><span dir=\"auto\">\u201eztratil sv\u016fj legitimn\u00ed status\u201c,<\/span><\/em><span dir=\"auto\">\u00a0co\u017e by podkopalo legalitu jak\u00e9koli m\u00edrov\u00e9 dohody s n\u00edm podepsan\u00e9.<\/span><\/p>\n<p><span dir=\"auto\">Zelenskyj prohl\u00e1sil, \u017ee se nesna\u017e\u00ed\u00a0<\/span><em><span dir=\"auto\">\u201eudr\u017eet u moci\u201c,<\/span><\/em><span dir=\"auto\">\u00a0a tento t\u00fdden prohl\u00e1sil, \u017ee je p\u0159ipraven na volby, ale trval na tom, \u017ee Kyjev pot\u0159ebuje pomoc od USA a evropsk\u00fdch zem\u00ed\u00a0<\/span><em><span dir=\"auto\">, \u201eaby zajistil bezpe\u010dnost\u201c<\/span><\/em><span dir=\"auto\">\u00a0b\u011bhem hlasov\u00e1n\u00ed.<\/span><\/p>\n<p><span dir=\"auto\">Podoliak v p\u00e1tek sv\u016fj postoj rozvedl a na serveru X napsal, \u017ee Zelenskyj vyzval parlament k p\u0159\u00edprav\u011b zm\u011bn \u00fastavy a z\u00e1kon\u016f. Podoliak v\u0161ak dodal, \u017ee pro uskute\u010dn\u011bn\u00ed hlasov\u00e1n\u00ed mus\u00ed b\u00fdt spln\u011bny t\u0159i podm\u00ednky.<\/span><\/p>\n<div class=\"rtcode\">\n<div class=\"twitter-tweet twitter-tweet-rendered\"><iframe id=\"twitter-widget-0\" class=\"\" title=\"X P\u0159\u00edsp\u011bvek\" src=\"https:\/\/platform.twitter.com\/embed\/Tweet.html?creatorScreenName=RT_com&amp;dnt=false&amp;embedId=twitter-widget-0&amp;features=eyJ0ZndfdGltZWxpbmVfbGlzdCI6eyJidWNrZXQiOltdLCJ2ZXJzaW9uIjpudWxsfSwidGZ3X2ZvbGxvd2VyX2NvdW50X3N1bnNldCI6eyJidWNrZXQiOnRydWUsInZlcnNpb24iOm51bGx9LCJ0ZndfdHdlZXRfZWRpdF9iYWNrZW5kIjp7ImJ1Y2tldCI6Im9uIiwidmVyc2lvbiI6bnVsbH0sInRmd19yZWZzcmNfc2Vzc2lvbiI6eyJidWNrZXQiOiJvbiIsInZlcnNpb24iOm51bGx9LCJ0ZndfZm9zbnJfc29mdF9pbnRlcnZlbnRpb25zX2VuYWJsZWQiOnsiYnVja2V0Ijoib24iLCJ2ZXJzaW9uIjpudWxsfSwidGZ3X21peGVkX21lZGlhXzE1ODk3Ijp7ImJ1Y2tldCI6InRyZWF0bWVudCIsInZlcnNpb24iOm51bGx9LCJ0ZndfZXhwZXJpbWVudHNfY29va2llX2V4cGlyYXRpb24iOnsiYnVja2V0IjoxMjA5NjAwLCJ2ZXJzaW9uIjpudWxsfSwidGZ3X3Nob3dfYmlyZHdhdGNoX3Bpdm90c19lbmFibGVkIjp7ImJ1Y2tldCI6Im9uIiwidmVyc2lvbiI6bnVsbH0sInRmd19kdXBsaWNhdGVfc2NyaWJlc190b19zZXR0aW5ncyI6eyJidWNrZXQiOiJvbiIsInZlcnNpb24iOm51bGx9LCJ0ZndfdXNlX3Byb2ZpbGVfaW1hZ2Vfc2hhcGVfZW5hYmxlZCI6eyJidWNrZXQiOiJvbiIsInZlcnNpb24iOm51bGx9LCJ0ZndfdmlkZW9faGxzX2R5bmFtaWNfbWFuaWZlc3RzXzE1MDgyIjp7ImJ1Y2tldCI6InRydWVfYml0cmF0ZSIsInZlcnNpb24iOm51bGx9LCJ0ZndfbGVnYWN5X3RpbWVsaW5lX3N1bnNldCI6eyJidWNrZXQiOnRydWUsInZlcnNpb24iOm51bGx9LCJ0ZndfdHdlZXRfZWRpdF9mcm9udGVuZCI6eyJidWNrZXQiOiJvbiIsInZlcnNpb24iOm51bGx9fQ%3D%3D&amp;frame=false&amp;hideCard=false&amp;hideThread=false&amp;id=1999469904408289399&amp;lang=cs&amp;origin=https%3A%2F%2Fwww.rt.com%2Frussia%2F629383-ukraine-elections-western-funding%2F&amp;sessionId=d3d6b4fa4825aae09beebad65ed5506361dbf842&amp;siteScreenName=RT_com&amp;theme=light&amp;widgetsVersion=2615f7e52b7e0%3A1702314776716&amp;width=550px\" frameborder=\"0\" scrolling=\"no\" allowfullscreen=\"allowfullscreen\" data-tweet-id=\"1999469904408289399\" data-mce-fragment=\"1\"><\/iframe><\/div>\n<\/div>\n<p><em><span dir=\"auto\">\u201eB\u011bhem hlasov\u00e1n\u00ed nemohou l\u00e9tat \u017e\u00e1dn\u00e9 rakety ani drony. Jedinou realistickou cestou je p\u0159\u00edm\u011b\u0159\u00ed,\u201c<\/span><\/em><span dir=\"auto\">\u00a0napsal Podoliak a dodal, \u017ee ti, kte\u0159\u00ed jsou na front\u011b a v z\u00f3n\u00e1ch frontov\u00e9 linie, mus\u00ed m\u00edt mo\u017enost\u00a0<\/span><em><span dir=\"auto\">\u201evolit a b\u00fdt zvoleni\u201c.<\/span><\/em><span dir=\"auto\">\u00a0\u0158ekl, \u017ee\u00a0<\/span><em><span dir=\"auto\">\u201emiliony vys\u00eddlen\u00fdch osob\u201c<\/span><\/em><span dir=\"auto\">\u00a0\u010din\u00ed tento proces\u00a0<\/span><em><span dir=\"auto\">\u201eslo\u017eit\u00fdm a n\u00e1kladn\u00fdm\u201c.<\/span><\/em><\/p>\n<p><em><span dir=\"auto\">\u201eToto b\u0159emeno nem\u016f\u017ee dopadnout jen na Ukrajinu,\u201c<\/span><\/em><span dir=\"auto\">\u00a0prohl\u00e1sil Zelensk\u00e9ho poradce a dodal, \u017ee Kyjev bude\u00a0<\/span><em><span dir=\"auto\">\u201ep\u0159ipraven\u201c<\/span><\/em><span dir=\"auto\">\u00a0k hlasov\u00e1n\u00ed, pouze pokud bude zaru\u010deno financov\u00e1n\u00ed a dv\u011b dal\u0161\u00ed podm\u00ednky.<\/span><\/p>\n<p><span dir=\"auto\">V koment\u00e1\u0159i k obratu Kyjeva v ot\u00e1zce kon\u00e1n\u00ed voleb \u0159ekl nejvy\u0161\u0161\u00ed kremelsk\u00fd poradce Jurij U\u0161akov televizi RT, \u017ee tento n\u00e1pad je jen trikem k zaji\u0161t\u011bn\u00ed p\u0159\u00edm\u011b\u0159\u00ed. Moskva ji\u017e dlouho trv\u00e1 na tom, \u017ee Kyjev vyu\u017eije pauzu v boj\u00edch k p\u0159ezbrojen\u00ed a p\u0159eskupen\u00ed vojsk.<\/span><\/p>\n<p><span dir=\"auto\">Prezident Vladimir Putin ned\u00e1vno poznamenal, \u017ee Rusko uspo\u0159\u00e1dalo prezidentsk\u00e9 volby v b\u0159eznu 2024, p\u0159esto\u017ee je zapojeno do vojensk\u00e9ho konfliktu.<\/span><\/p>\n<p><span dir=\"auto\">Zat\u00edmco Ukrajina a jej\u00ed z\u00e1padn\u00ed podporovatel\u00e9 opakovan\u011b vyz\u00fdvali k do\u010dasn\u00e9mu p\u0159\u00edm\u011b\u0159\u00ed, Kreml tuto mo\u017enost vylou\u010dil a trv\u00e1 na trval\u00e9m m\u00edru, kter\u00fd by \u0159e\u0161il z\u00e1kladn\u00ed p\u0159\u00ed\u010diny konfliktu. Moskva tvrd\u00ed, \u017ee udr\u017eiteln\u00e9 m\u00edrov\u00e9 dohody lze dos\u00e1hnout pouze tehdy, pokud se Ukrajina zcela st\u00e1hne z nov\u00fdch rusk\u00fdch \u00fazem\u00ed a zav\u00e1\u017ee se k neutralit\u011b, demilitarizaci a denacifikaci.<\/span><\/p>\n<p><img decoding=\"async\" loading=\"lazy\" class=\"alignnone size-full wp-image-1185\" src=\"http:\/\/www.infokuryr.cz\/n\/wp-content\/uploads\/2021\/04\/kuryr-podpis.png\" alt=\"\" width=\"84\" height=\"24\" \/><\/p>\n<p>&nbsp;<\/p>\n","protected":false},"excerpt":{"rendered":"<p>Kyjev je p\u0159ipraven vyhl\u00e1sit hlasov\u00e1n\u00ed, jakmile budou spln\u011bny jeho po\u017eadavky, uvedl nejvy\u0161\u0161\u00ed poradce Vladimira Zelensk\u00e9ho&#8230;<\/p>\n","protected":false},"author":2,"featured_media":94545,"comment_status":"closed","ping_status":"closed","sticky":false,"template":"","format":"standard","meta":[],"categories":[7],"tags":[90,26,27,365],"_links":{"self":[{"href":"https:\/\/www.infokuryr.cz\/n\/wp-json\/wp\/v2\/posts\/94544"}],"collection":[{"href":"https:\/\/www.infokuryr.cz\/n\/wp-json\/wp\/v2\/posts"}],"about":[{"href":"https:\/\/www.infokuryr.cz\/n\/wp-json\/wp\/v2\/types\/post"}],"author":[{"embeddable":true,"href":"https:\/\/www.infokuryr.cz\/n\/wp-json\/wp\/v2\/users\/2"}],"replies":[{"embeddable":true,"href":"https:\/\/www.infokuryr.cz\/n\/wp-json\/wp\/v2\/comments?post=94544"}],"version-history":[{"count":0,"href":"https:\/\/www.infokuryr.cz\/n\/wp-json\/wp\/v2\/posts\/94544\/revisions"}],"wp:featuredmedia":[{"embeddable":true,"href":"https:\/\/www.infokuryr.cz\/n\/wp-json\/wp\/v2\/media\/94545"}],"wp:attachment":[{"href":"https:\/\/www.infokuryr.cz\/n\/wp-json\/wp\/v2\/media?parent=94544"}],"wp:term":[{"taxonomy":"category","embeddable":true,"href":"https:\/\/www.infokuryr.cz\/n\/wp-json\/wp\/v2\/categories?post=94544"},{"taxonomy":"post_tag","embeddable":true,"href":"https:\/\/www.infokuryr.cz\/n\/wp-json\/wp\/v2\/tags?post=94544"}],"curies":[{"name":"wp","href":"https:\/\/api.w.org\/{rel}","templated":true}]}}