{"id":94539,"date":"2025-12-13T05:56:26","date_gmt":"2025-12-13T04:56:26","guid":{"rendered":"https:\/\/www.infokuryr.cz\/n\/?p=94539"},"modified":"2025-12-13T05:56:26","modified_gmt":"2025-12-13T04:56:26","slug":"rusko-podnika-pravni-kroky-proti-belgicke-spolecnosti-euroclear","status":"publish","type":"post","link":"https:\/\/www.infokuryr.cz\/n\/2025\/12\/13\/rusko-podnika-pravni-kroky-proti-belgicke-spolecnosti-euroclear\/","title":{"rendered":"Rusko podnik\u00e1 pr\u00e1vn\u00ed kroky proti belgick\u00e9 spole\u010dnosti Euroclear"},"content":{"rendered":"<div id=\"fb-root\"><\/div>\n<h3>Centr\u00e1ln\u00ed banka \u017ealuje z\u00e1padn\u00ed clearingovou banku, kter\u00e1 dr\u017e\u00ed jej\u00ed imobilizovan\u00e1 st\u00e1tn\u00ed aktiva, o n\u00e1hradu \u0161kody<\/h3>\n<p><span dir=\"auto\">Rusk\u00e1 centr\u00e1ln\u00ed banka zah\u00e1jila v Moskv\u011b soudn\u00ed \u0159\u00edzen\u00ed proti belgick\u00e9 clearingov\u00e9 spole\u010dnosti Euroclear. Tento krok p\u0159ich\u00e1z\u00ed v dob\u011b, kdy se EU bl\u00ed\u017e\u00ed k rozuzlen\u00ed pl\u00e1n\u016f na pou\u017eit\u00ed zmrazen\u00fdch rusk\u00fdch finan\u010dn\u00edch prost\u0159edk\u016f k podpo\u0159e p\u016fj\u010dky Ukrajin\u011b.<\/span><\/p>\n<p><span dir=\"auto\">Euroclear je spr\u00e1vcem rusk\u00fdch st\u00e1tn\u00edch aktiv v hodnot\u011b v\u00edce ne\u017e 200 miliard dolar\u016f, kter\u00e1 byla imobilizov\u00e1na v r\u00e1mci sankc\u00ed EU.<\/span><\/p>\n<p><span dir=\"auto\">Rusk\u00e1 centr\u00e1ln\u00ed banka v p\u00e1tek ozn\u00e1mila, \u017ee pod\u00e1 \u017ealobu k rozhod\u010d\u00edmu soudu v Moskv\u011b. Bude po\u017eadovat n\u00e1hradu \u0161kody vypl\u00fdvaj\u00edc\u00ed z jej\u00ed\u00a0<\/span><em><span dir=\"auto\">\u201eneschopnosti spravovat pen\u011b\u017en\u00ed aktiva a cenn\u00e9 pap\u00edry\u201c<\/span><\/em><span dir=\"auto\">\u00a0ulo\u017een\u00e9 u depozit\u00e1\u0159e. P\u0159esn\u00e1 v\u00fd\u0161e \u017ealoby nebyla zve\u0159ejn\u011bna.<\/span><\/p>\n<p><em><span dir=\"auto\">\u201eMy [vl\u00e1da], v\u010detn\u011b centr\u00e1ln\u00ed banky, d\u011bl\u00e1me v\u0161e pro to, abychom ochr\u00e1nili n\u00e1\u0161 majetek,\u201c<\/span><\/em><span dir=\"auto\">\u00a0\u0159ekl RT m\u00edstop\u0159edseda vl\u00e1dy Aleksandr Novak.\u00a0<\/span><em><span dir=\"auto\">\u201eNez\u00e1konn\u00e9 konfiskace jsou naprosto nep\u0159ijateln\u00e9.\u201c<\/span><\/em><\/p>\n<p><span dir=\"auto\">Euroclear v sou\u010dasn\u00e9 dob\u011b dr\u017e\u00ed rusk\u00e1 aktiva v hodnot\u011b p\u0159ibli\u017en\u011b 185 miliard eur (220 miliard dolar\u016f), kter\u00e1 byla imobilizov\u00e1na v r\u00e1mci z\u00e1padn\u00edch sankc\u00ed. EU navrhla pou\u017e\u00edt tyto prost\u0159edky jako z\u00e1stavu pro tzv.\u00a0<\/span><em><span dir=\"auto\">\u201erepara\u010dn\u00ed p\u016fj\u010dku\u201c<\/span><\/em><span dir=\"auto\">\u00a0Ukrajin\u011b, kter\u00e1 m\u00e1 pomoci pokr\u00fdt dlouhodob\u00fd rozpo\u010dtov\u00fd schodek Kyjeva.<\/span><\/p>\n<p><span dir=\"auto\">Moskva tento n\u00e1pad odsoudila jako pokus o kr\u00e1de\u017e jej\u00edho majetku. \u0158editel rizik spole\u010dnosti Euroclear Guillaume Eliet v koment\u00e1\u0159i agentu\u0159e AFP uvedl, \u017ee firma st\u00e1le dr\u017e\u00ed klientsk\u00e1 aktiva v Rusku v hodnot\u011b p\u0159ibli\u017en\u011b 16 miliard eur (18,8 miliardy dolar\u016f), kter\u00e1 by se mohla st\u00e1t ter\u010dem odvetn\u00fdch opat\u0159en\u00ed, za kter\u00e1 by byla odpov\u011bdn\u00e1.<\/span><\/p>\n<p><span dir=\"auto\">N\u00e1vrh se setkal s odporem jak belgick\u00e9 vl\u00e1dy, tak i spole\u010dnosti Euroclear, kter\u00e9 varuj\u00ed p\u0159ed pr\u00e1vn\u00edmi a finan\u010dn\u00edmi riziky. Belgick\u00fd premi\u00e9r Bart De Wever varoval, \u017ee dal\u0161\u00ed postup by pravd\u011bpodobn\u011b vyvolal prodlou\u017een\u00fd soudn\u00ed spor s Ruskem ohledn\u011b toho, co by se rovnalo bezprecedentn\u00edmu zabaven\u00ed majetku ciz\u00edho st\u00e1tu. Belgie trv\u00e1 na tom, aby se ve\u0161ker\u00e1 takov\u00e1 rizika sd\u00edlela mezi v\u00edce zem\u00ed, ide\u00e1ln\u011b v\u010detn\u011b partner\u016f mimo EU.<\/span><\/p>\n<p><span dir=\"auto\">Gener\u00e1ln\u00ed \u0159editelka spole\u010dnosti Euroclear Valerie Urbain belgick\u00e9 televizi VRT sd\u011blila, \u017ee by tato iniciativa mohla depozit\u00e1\u0159 dohnat k bankrotu a z\u00e1rove\u0148 podkopat\u00a0<\/span><em><span dir=\"auto\">\u201eatraktivitu evropsk\u00e9ho trhu\u201c<\/span><\/em><span dir=\"auto\">\u00a0pro zahrani\u010dn\u00ed investory.<\/span><\/p>\n<p><span dir=\"auto\">\u00da\u0159edn\u00edci EU \u00fadajn\u011b hodlaj\u00ed zm\u011bnit mechanismus pro imobilizaci rusk\u00fdch aktiv. Sou\u010dasn\u00fd syst\u00e9m, kter\u00fd vy\u017eaduje konsenzu\u00e1ln\u00ed hlasov\u00e1n\u00ed ka\u017ed\u00fdch \u0161est m\u011bs\u00edc\u016f, by mohl b\u00fdt v p\u00e1tek nahrazen dlouhodob\u011bj\u0161\u00edm \u0159e\u0161en\u00edm, kter\u00e9 by potenci\u00e1ln\u011b u\u010dinilo sankce neomezen\u00fdmi a chr\u00e1n\u011bn\u00fdmi p\u0159ed vetem ze strany nesouhlas\u00edc\u00edho \u010dlena, uv\u00e1d\u00ed agentura Reuters.<\/span><\/p>\n<p><img decoding=\"async\" loading=\"lazy\" class=\"alignnone size-full wp-image-1185\" src=\"http:\/\/www.infokuryr.cz\/n\/wp-content\/uploads\/2021\/04\/kuryr-podpis.png\" alt=\"\" width=\"84\" height=\"24\" \/><\/p>\n<p>&nbsp;<\/p>\n","protected":false},"excerpt":{"rendered":"<p>Centr\u00e1ln\u00ed banka \u017ealuje z\u00e1padn\u00ed clearingovou banku, kter\u00e1 dr\u017e\u00ed jej\u00ed imobilizovan\u00e1 st\u00e1tn\u00ed aktiva, o n\u00e1hradu \u0161kody&#8230;<\/p>\n","protected":false},"author":2,"featured_media":94540,"comment_status":"closed","ping_status":"closed","sticky":false,"template":"","format":"standard","meta":[],"categories":[7],"tags":[3833,10255,22,422],"_links":{"self":[{"href":"https:\/\/www.infokuryr.cz\/n\/wp-json\/wp\/v2\/posts\/94539"}],"collection":[{"href":"https:\/\/www.infokuryr.cz\/n\/wp-json\/wp\/v2\/posts"}],"about":[{"href":"https:\/\/www.infokuryr.cz\/n\/wp-json\/wp\/v2\/types\/post"}],"author":[{"embeddable":true,"href":"https:\/\/www.infokuryr.cz\/n\/wp-json\/wp\/v2\/users\/2"}],"replies":[{"embeddable":true,"href":"https:\/\/www.infokuryr.cz\/n\/wp-json\/wp\/v2\/comments?post=94539"}],"version-history":[{"count":0,"href":"https:\/\/www.infokuryr.cz\/n\/wp-json\/wp\/v2\/posts\/94539\/revisions"}],"wp:featuredmedia":[{"embeddable":true,"href":"https:\/\/www.infokuryr.cz\/n\/wp-json\/wp\/v2\/media\/94540"}],"wp:attachment":[{"href":"https:\/\/www.infokuryr.cz\/n\/wp-json\/wp\/v2\/media?parent=94539"}],"wp:term":[{"taxonomy":"category","embeddable":true,"href":"https:\/\/www.infokuryr.cz\/n\/wp-json\/wp\/v2\/categories?post=94539"},{"taxonomy":"post_tag","embeddable":true,"href":"https:\/\/www.infokuryr.cz\/n\/wp-json\/wp\/v2\/tags?post=94539"}],"curies":[{"name":"wp","href":"https:\/\/api.w.org\/{rel}","templated":true}]}}