{"id":94530,"date":"2025-12-13T05:34:03","date_gmt":"2025-12-13T04:34:03","guid":{"rendered":"https:\/\/www.infokuryr.cz\/n\/?p=94530"},"modified":"2025-12-13T05:34:03","modified_gmt":"2025-12-13T04:34:03","slug":"nikdo-nam-nebude-stat-v-ceste-prohlasila-al-saraa-pri-prvnim-vyroci-asadova-padu","status":"publish","type":"post","link":"https:\/\/www.infokuryr.cz\/n\/2025\/12\/13\/nikdo-nam-nebude-stat-v-ceste-prohlasila-al-saraa-pri-prvnim-vyroci-asadova-padu\/","title":{"rendered":"\u201eNikdo n\u00e1m nebude st\u00e1t v cest\u011b,\u201c prohl\u00e1sila al-\u0160araa p\u0159i prvn\u00edm v\u00fdro\u010d\u00ed Asadova p\u00e1du"},"content":{"rendered":"<div id=\"fb-root\"><\/div>\n<p><strong><span dir=\"auto\">Sy\u0159an\u00e9 oslavili 8. prosince prvn\u00ed v\u00fdro\u010d\u00ed p\u00e1du vl\u00e1dy b\u00fdval\u00e9ho syrsk\u00e9ho prezidenta Ba\u0161\u00e1ra Asada, kdy\u017e al\u00e1vit\u00e9 zorganizovali gener\u00e1ln\u00ed st\u00e1vku na protest proti politice nov\u00e9 vl\u00e1dy veden\u00e9 extremisty v Dama\u0161ku.<\/span><\/strong><\/p>\n<p><span dir=\"auto\">Tis\u00edce lid\u00ed se z\u00fa\u010dastnily demonstrac\u00ed na Umajj\u00e1dsk\u00e9m n\u00e1m\u011bst\u00ed v Dama\u0161ku a jinde v zemi, aby si p\u0159ipomn\u011bly p\u00e1d Asadovy vl\u00e1dy, kter\u00e1 S\u00fdrii vl\u00e1dla v\u00edce ne\u017e p\u011bt desetilet\u00ed.<\/span><\/p>\n<p><span dir=\"auto\">Samozvan\u00fd syrsk\u00fd prezident Ahmad a\u0161-\u0160ara, d\u0159\u00edve zn\u00e1m\u00fd jako v\u016fdce al-K\u00e1idy Ab\u00fa Muhammad D\u017eul\u00e1n\u00ed, si obl\u00e9kl vojenskou uniformu, kterou nosil b\u011bhem lo\u0148sk\u00e9 ofenz\u00edvy na Dama\u0161ek proti syrsk\u00e9 arm\u00e1d\u011b, a po modlitb\u011b v Umajj\u00e1dsk\u00e9 me\u0161it\u011b promluvil k ob\u010dan\u016fm.<\/span><\/p>\n<p><span dir=\"auto\">Prezident prohl\u00e1sil:<\/span><\/p>\n<p><span dir=\"auto\">\u201eNikdo, a\u0165 je sebemocn\u011bj\u0161\u00ed, n\u00e1m nestoj\u00ed v cest\u011b. \u017d\u00e1dn\u00e1 p\u0159ek\u00e1\u017eka n\u00e1s nezastav\u00ed a spole\u010dn\u011b, d\u00e1-li B\u016fh, p\u0159ekon\u00e1me ka\u017edou v\u00fdzvu.\u201c<\/span><\/p>\n<p><span dir=\"auto\">\u201eOd severu k jihu a od v\u00fdchodu k z\u00e1padu obnov\u00edme velikost S\u00fdrie prost\u0159ednictv\u00edm rekonstrukce hodn\u00e9 jej\u00ed sou\u010dasnosti i minulosti, hodn\u00e9 syrsk\u00e9ho starobyl\u00e9ho d\u011bdictv\u00ed,\u201c dodal \u0160ar\u00e1a a up\u0159esnil, \u017ee dal\u0161\u00ed f\u00e1ze se zam\u011b\u0159\u00ed na \u201epodporu zraniteln\u00fdch lid\u00ed a zaru\u010den\u00ed spravedlnosti mezi n\u00e1rody\u201c.<\/span><\/p>\n<p><span dir=\"auto\">V Homsu, t\u0159et\u00edm m\u011bst\u011b, kter\u00e9 padlo loni po dobyt\u00ed Aleppa a Hamy extremistick\u00fdmi silami \u0160ar&#8217;\u00e1, byla zorganizov\u00e1na vojensk\u00e1 p\u0159ehl\u00eddka.<\/span><\/p>\n<p><span dir=\"auto\">Oslavy prob\u00edhaj\u00ed ji\u017e dva t\u00fddny a Sy\u0159an\u00e9 si 27. listopadu p\u0159ipom\u00ednaj\u00ed v\u00fdro\u010d\u00ed zah\u00e1jen\u00ed 11denn\u00ed ofenz\u00edvy, kter\u00e1 svrhla p\u0159edchoz\u00ed vl\u00e1du.<\/span><\/p>\n<p><span dir=\"auto\">Na f\u00f3ru v Kataru tento v\u00edkend \u0160ar\u00e1a prohl\u00e1sil, \u017ee \u201eS\u00fdrie dnes za\u017e\u00edv\u00e1 sv\u00e9 nejlep\u0161\u00ed chv\u00edle\u201c.<\/span><\/p>\n<p><span dir=\"auto\">Duchovn\u00ed v\u016fdce alavitsk\u00e9 komunity v S\u00fdrii vyzval ke gener\u00e1ln\u00ed st\u00e1vce na protest proti zlo\u010din\u016fm sp\u00e1chan\u00fdm novou vl\u00e1dou na t\u00e9to n\u00e1bo\u017eensk\u00e9 men\u0161in\u011b.<\/span><\/p>\n<p><span dir=\"auto\">\u201eTato vl\u00e1da n\u00e1s chce donutit oslavovat nahrazen\u00ed jednoho nespravedliv\u00e9ho syst\u00e9mu jin\u00fdm, je\u0161t\u011b utla\u010duj\u00edc\u00edm,\u201c \u0159ekl alavitsk\u00fd v\u016fdce Ghazal Ghazal.<\/span><\/p>\n<p><span dir=\"auto\">Tis\u00edce alavitsk\u00fdch civilist\u016f byly loni v b\u0159eznu zmasakrov\u00e1ny syrsk\u00fdmi vl\u00e1dn\u00edmi silami b\u011bhem n\u00e1siln\u00e9ho z\u00e1sahu, jeho\u017e c\u00edlem bylo potla\u010dit ozbrojen\u00e9 povst\u00e1n\u00ed veden\u00e9 \u010dleny komunity.<\/span><\/p>\n<p><span dir=\"auto\">Od t\u00e9 doby je alavitsk\u00e1 komunita Dama\u0161kem odzbrojena, \u010d\u00edm\u017e je vystavena sekt\u00e1\u0159sk\u00fdm \u00fatok\u016fm a vra\u017ed\u00e1m. Mlad\u00e9 alavitsk\u00e9 \u017eeny a d\u00edvky nad\u00e1le miz\u00ed, un\u00e1\u0161ej\u00ed je s\u00edt\u011b napojen\u00e9 na vl\u00e1du a alavit\u0161t\u00ed mu\u017ei jsou pravideln\u011b popravov\u00e1ni.<\/span><\/p>\n<p><span dir=\"auto\">Vl\u00e1dn\u00ed s\u00edly tak\u00e9 loni v \u010dervenci zmasakrovaly stovky dr\u00fazsk\u00fdch civilist\u016f b\u011bhem st\u0159et\u016f mezi dr\u00fazsk\u00fdmi frakcemi a syrsk\u00fdmi vl\u00e1dn\u00edmi silami v ji\u017en\u00edm guvernor\u00e1tu Suvajda.<\/span><\/p>\n<p><span dir=\"auto\">Nov\u00e1 syrsk\u00e1 arm\u00e1da se skl\u00e1d\u00e1 p\u0159ev\u00e1\u017en\u011b z d\u0159\u00edve zn\u00e1m\u00e9 skupiny Hajat Tahr\u00edr a\u0161-\u0160\u00e1m (HTS), kter\u00e1 je odno\u017e\u00ed al-K\u00e1idy. Od p\u00e1du Asadova re\u017eimu a rozpadu jeho arm\u00e1dy p\u0159ed rokem se do nov\u00e9 syrsk\u00e9 arm\u00e1dy form\u00e1ln\u011b integrovala \u0159ada dal\u0161\u00edch extremistick\u00fdch frakc\u00ed napojen\u00fdch na Isl\u00e1msk\u00fd st\u00e1t.<\/span><\/p>\n<p><span dir=\"auto\">Tyto skupiny jsou tak\u00e9 zn\u00e1m\u00e9 svou dlouhou histori\u00ed pron\u00e1sledov\u00e1n\u00ed a n\u00e1sil\u00ed v\u016f\u010di Kurd\u016fm.<\/span><\/p>\n<p><span dir=\"auto\">Mezi prosincem 2024 a \u010dervnem 2025 bylo v S\u00fdrii zabito nejm\u00e9n\u011b 7 670 lid\u00ed, v\u011bt\u0161inou civilist\u016f, uvedla za\u010d\u00e1tkem tohoto roku Syrsk\u00e1 observato\u0159 pro lidsk\u00e1 pr\u00e1va (SOHR).<\/span><\/p>\n<p><span dir=\"auto\">Podle t\u00e9to observato\u0159e toto \u010d\u00edslo zahrnuje v\u00edce ne\u017e 2 130 mimosoudn\u00edch poprav a vra\u017ed na z\u00e1klad\u011b identity. Mezi ob\u011b\u0165mi jsou stovky \u017een a d\u011bt\u00ed. SOHR rovn\u011b\u017e varoval p\u0159ed organizovan\u00fdm n\u00e1sil\u00edm v cel\u00e9 zemi.<\/span><\/p>\n<p><span dir=\"auto\">Od sv\u00e9ho n\u00e1stupu k moci se nov\u00e1 syrsk\u00e1 vl\u00e1da spojila s Washingtonem. V souladu s po\u017eadavky USA potla\u010dovala palestinsk\u00e9 frakce odporu \u2013 kter\u00e9 syrsk\u00e1 vl\u00e1da po cel\u00e1 desetilet\u00ed chr\u00e1nila \u2013 a podporovala \u00fasil\u00ed Washingtonu o potla\u010den\u00ed Hizball\u00e1hu v Libanonu.<\/span><\/p>\n<p><a href=\"https:\/\/www.mondialisation.ca\/personne-ne-nous-barrera-la-route-affirme-al-sharaa-lors-du-premier-anniversaire-de-la-chute-dassad\/5703204?doing_wp_cron=1765268683.4325790405273437500000\" target=\"_blank\" rel=\"noopener\"><em><span dir=\"auto\">Zdroj<\/span><\/em><\/a><\/p>\n<p>&nbsp;<\/p>\n","protected":false},"excerpt":{"rendered":"<p>Sy\u0159an\u00e9 oslavili 8. prosince prvn\u00ed v\u00fdro\u010d\u00ed p\u00e1du vl\u00e1dy b\u00fdval\u00e9ho syrsk\u00e9ho prezidenta Ba\u0161\u00e1ra Asada, kdy\u017e al\u00e1vit\u00e9&#8230;<\/p>\n","protected":false},"author":2,"featured_media":94531,"comment_status":"closed","ping_status":"closed","sticky":false,"template":"","format":"standard","meta":[],"categories":[7],"tags":[1503,165,147],"_links":{"self":[{"href":"https:\/\/www.infokuryr.cz\/n\/wp-json\/wp\/v2\/posts\/94530"}],"collection":[{"href":"https:\/\/www.infokuryr.cz\/n\/wp-json\/wp\/v2\/posts"}],"about":[{"href":"https:\/\/www.infokuryr.cz\/n\/wp-json\/wp\/v2\/types\/post"}],"author":[{"embeddable":true,"href":"https:\/\/www.infokuryr.cz\/n\/wp-json\/wp\/v2\/users\/2"}],"replies":[{"embeddable":true,"href":"https:\/\/www.infokuryr.cz\/n\/wp-json\/wp\/v2\/comments?post=94530"}],"version-history":[{"count":0,"href":"https:\/\/www.infokuryr.cz\/n\/wp-json\/wp\/v2\/posts\/94530\/revisions"}],"wp:featuredmedia":[{"embeddable":true,"href":"https:\/\/www.infokuryr.cz\/n\/wp-json\/wp\/v2\/media\/94531"}],"wp:attachment":[{"href":"https:\/\/www.infokuryr.cz\/n\/wp-json\/wp\/v2\/media?parent=94530"}],"wp:term":[{"taxonomy":"category","embeddable":true,"href":"https:\/\/www.infokuryr.cz\/n\/wp-json\/wp\/v2\/categories?post=94530"},{"taxonomy":"post_tag","embeddable":true,"href":"https:\/\/www.infokuryr.cz\/n\/wp-json\/wp\/v2\/tags?post=94530"}],"curies":[{"name":"wp","href":"https:\/\/api.w.org\/{rel}","templated":true}]}}