{"id":9452,"date":"2022-03-27T07:20:29","date_gmt":"2022-03-27T05:20:29","guid":{"rendered":"http:\/\/www.infokuryr.cz\/n\/?p=9452"},"modified":"2022-04-09T07:22:51","modified_gmt":"2022-04-09T05:22:51","slug":"polska-televize-odvysilala-mapu-rozdelene-ukrajiny","status":"publish","type":"post","link":"https:\/\/www.infokuryr.cz\/n\/2022\/03\/27\/polska-televize-odvysilala-mapu-rozdelene-ukrajiny\/","title":{"rendered":"Polsk\u00e1 televize odvys\u00edlala mapu rozd\u011blen\u00e9 Ukrajiny"},"content":{"rendered":"<div id=\"fb-root\"><\/div>\n<h4>Polsk\u00e1 televize odvys\u00edlala mapu rozd\u011blen\u00e9 Ukrajiny, Polsko m\u00e1 v pl\u00e1nu vyu\u017e\u00edt rusk\u00e9 \u201cpomoci\u201d a vz\u00edt si zp\u00e1tky Hali\u010d, Volyni a Lvov s p\u0159ilehl\u00fdmi regiony a Kyjev za odstoupen\u00ed \u00fazem\u00ed Polsku dostane ve\u0161kerou vojenskou pomoc pr\u00e1v\u011b skrze Polsko! Var\u0161ava o v\u00edkendu potvrdila, \u017ee m\u00e1 souhlas USA k dod\u00e1n\u00ed polsk\u00fdch st\u00edha\u010dek Kyjevu! A hlavn\u00ed ot\u00e1zka je na stole, pro\u010d Rusk\u00e1 arm\u00e1da nezah\u00e1jila denacifika\u010dn\u00ed operace pr\u00e1v\u011b na z\u00e1padn\u00ed Ukrajin\u011b, kde je Banderovc\u016f \u00fapln\u011b nejv\u00edce? Jsme sv\u011bdky domluven\u00e9ho porcov\u00e1n\u00ed Ukrajiny? Jedin\u011b rozporcovan\u00e1 Ukrajina bude ne\u0161kodn\u00e1 Ukrajina? Mapy nazna\u010duj\u00ed kone\u010dn\u00e9 \u0159e\u0161en\u00ed!<\/h4>\n<p>Situace okolo Ukrajiny se za\u010d\u00edn\u00e1 ub\u00edrat opravdu nev\u00eddan\u00fdm sm\u011brem. Polsk\u00e1 televize TVP1 toti\u017e ve \u010dtvrtek ve\u010der odvys\u00edlala report\u00e1\u017e\u00a0<strong>[<a href=\"https:\/\/href.li\/?https:\/\/en.topwar.ru\/193936-polskoe-televidenie-pokazalo-kartu-razdela-ukrainy.html\" target=\"_blank\" rel=\"nofollow noopener\">1<\/a>]<\/strong>, ve kter\u00e9 byla zobrazena\u00a0<strong>mapa rozd\u011blen\u00e9 Ukrajiny, na kter\u00e9 byla z\u00e1padn\u00ed Ukrajina v \u010dele se Lvovem, Hali\u010d\u00ed a Volyn\u00ed p\u0159ipojena k Polsku, zat\u00edmco Rusko si p\u0159ipojilo cel\u00fd jih a v\u00fdchod Ukrajiny v\u010detn\u011b Od\u011bsy a Charkova<\/strong>, zat\u00edmco Ukrajin\u011b m\u00e1 z\u016fstat jenom vnitrozem\u00ed okolo Kyjeva a bez p\u0159\u00edstupu k \u010cern\u00e9mu mo\u0159i. Mapa podle informac\u00ed poch\u00e1z\u00ed ze strategick\u00fdch map a pl\u00e1nov\u00e1n\u00ed polsk\u00e9ho gener\u00e1ln\u00edho \u0161t\u00e1bu, kter\u00fd informaci nepotvrdil a ani nevyvr\u00e1til.<\/p>\n<p>Za norm\u00e1ln\u00edch okolnost\u00ed bychom mohli \u0159\u00edct, \u017ee jde o hoax a dezinformaci polsk\u00e9 televize, kter\u00e1 n\u011bkde vyt\u00e1hla od n\u011bjak\u00e9ho polsk\u00e9ho d\u016fstojn\u00edka kdejakou mapku a tu uve\u0159ejnila s c\u00edlem vyvol\u00e1n\u00ed \u0161oku a chaosu. N\u011bco takov\u00e9ho by p\u0159ece nikdy Kyjev nedovolil a ani Moskva by nedovolila porcov\u00e1n\u00ed Ukrajiny, cel\u00e9 je to nesmysl a mohli bychom to rovnou zavrhnout, kdyby ov\u0161em nebyly k dispozici indicie, kter\u00e9 nazna\u010duj\u00ed, \u017ee ta mapa v\u016fbec nemus\u00ed b\u00fdt a\u017e takov\u00fd nesmysl, jak by se mohl zd\u00e1t.<\/p>\n<figure id=\"attachment_51083\" class=\"wp-caption aligncenter\"><a href=\"https:\/\/aeronet.news\/wp-content\/uploads\/TVP1_UkraineMap.jpg\"><img decoding=\"async\" loading=\"lazy\" class=\"wp-image-51083 size-large\" src=\"https:\/\/aeronet.news\/wp-content\/uploads\/TVP1_UkraineMap-1024x574.jpg\" sizes=\"(max-width: 700px) 100vw, 700px\" srcset=\"https:\/\/aeronet.news\/wp-content\/uploads\/TVP1_UkraineMap-1024x574.jpg 1024w, https:\/\/aeronet.news\/wp-content\/uploads\/TVP1_UkraineMap-300x168.jpg 300w, https:\/\/aeronet.news\/wp-content\/uploads\/TVP1_UkraineMap-768x430.jpg 768w, https:\/\/aeronet.news\/wp-content\/uploads\/TVP1_UkraineMap-700x392.jpg 700w, https:\/\/aeronet.news\/wp-content\/uploads\/TVP1_UkraineMap-637x357.jpg 637w, https:\/\/aeronet.news\/wp-content\/uploads\/TVP1_UkraineMap-862x483.jpg 862w, https:\/\/aeronet.news\/wp-content\/uploads\/TVP1_UkraineMap.jpg 1280w\" alt=\"\" width=\"700\" height=\"392\" \/><\/a><figcaption class=\"wp-caption-text\">Mapa odvys\u00edlan\u00e1 na polsk\u00e9 televizi<\/figcaption><\/figure>\n<p>Nejprve si mus\u00edme ujasnit, \u017ee prob\u00edh\u00e1 informa\u010dn\u00ed v\u00e1lka na v\u0161ech front\u00e1ch a pravdu a skute\u010dn\u00e9 obrysy pl\u00e1n\u016f s Ukrajinou se jen tak nedozv\u00edme. M\u016f\u017eeme v\u0161ak v\u011b\u0159it tomu, co nen\u00ed vy\u0159\u010deno, ale co je zobrazeno na v\u00e1le\u010dn\u00fdch map\u00e1ch na Ukrajin\u011b. A dob\u0159e si toho v\u0161imn\u011bte. Rusk\u00e1 arm\u00e1da vstoupila na Ukrajinu s c\u00edlem demilitarizace a p\u0159edev\u0161\u00edm denacifikace Ukrajiny. To je jist\u011b nezbytn\u00e9 z rusk\u00e9ho pohledu, ale m\u00e1 to jeden konceptu\u00e1ln\u00ed h\u00e1\u010dek, kter\u00fd mn\u011b tr\u00e1p\u00ed u\u017e od po\u010d\u00e1tku rusk\u00e9 vojensk\u00e9 operace.\u00a0<strong>Kdy\u017e se toti\u017e pod\u00edv\u00e1me na v\u00e1le\u010dn\u00e9 mapy, od samotn\u00e9ho po\u010d\u00e1tku se z n\u011bjak\u00e9ho d\u016fvodu Rusk\u00e1 arm\u00e1da absolutn\u011b vyh\u00fdb\u00e1 z\u00e1padn\u00ed Ukrajin\u011b<\/strong>, kde je p\u0159itom nejv\u011bt\u0161\u00ed koncentrace ukrajinsk\u00fdch neonacist\u016f, nejv\u011bt\u0161\u00ed zastoupen\u00ed Prav\u00e9ho sektoru a Banderovc\u016f.<\/p>\n<h6><span style=\"font-size: 14pt;\">Rusk\u00e1 arm\u00e1da od po\u010d\u00e1tku operace se z\u00e1padn\u00ed Ukrajin\u011b zcela vyh\u00fdb\u00e1, jako kdyby s n\u00ed u\u017e nepo\u010d\u00edtala<\/span><\/h6>\n<p>Naproti tomu Azov a Aidar operuj\u00ed hlavn\u011b na jihu a v\u00fdchod\u011b Ukrajiny, tak\u017ee t\u011bch se to net\u00fdk\u00e1. V\u0161echny rusk\u00e9 fronty na Ukrajin\u011b kop\u00edruj\u00ed celkem 5 hlavn\u00edch frontov\u00fdch lini\u00ed.\u00a0<strong>Ani jedna z nich se ale net\u00fdk\u00e1 z\u00e1padu Ukrajiny, centra neonacist\u016f.<\/strong>\u00a0Prvn\u00ed z nich je fronta na Donbasu s c\u00edlem vy\u010di\u0161t\u011bn\u00ed region\u016f DLR a LLR. Druh\u00e1 fronta je v Charkov\u011b. T\u0159et\u00ed fronta ze severu m\u00ed\u0159\u00ed na Kyjev a \u010dtvrt\u00e1 a p\u00e1t\u00e1 fronta z Krymu m\u00ed\u0159\u00ed dv\u011bma sm\u011bry, jedna na z\u00e1pad sm\u011brem k Od\u011bse a Podn\u011bst\u0159\u00ed, a druh\u00e1 z Krymu m\u00ed\u0159\u00ed na v\u00fdchod k Mariupolu a Donbasu na pomoc prvn\u00ed front\u011b. Kdy\u017e se pod\u00edv\u00e1me na v\u0161echny v\u00e1le\u010dn\u00e9 mapy, Rusk\u00e1 arm\u00e1da \u00fapln\u011b rezignovala na z\u00e1pad Ukrajiny. Rusov\u00e9 tam pouze pos\u00edlaj\u00ed \u0159\u00edzen\u00e9 rakety na sklady a v\u00fdcvikov\u00e9 t\u00e1bory \u017eold\u00e1k\u016f, ale to je v\u0161echno.<\/p>\n<figure id=\"attachment_51085\" class=\"wp-caption aligncenter\"><a href=\"https:\/\/aeronet.news\/wp-content\/uploads\/WarMap26032022.jpg\"><img decoding=\"async\" loading=\"lazy\" class=\"wp-image-51085 size-large\" src=\"https:\/\/aeronet.news\/wp-content\/uploads\/WarMap26032022-1024x882.jpg\" sizes=\"(max-width: 700px) 100vw, 700px\" srcset=\"https:\/\/aeronet.news\/wp-content\/uploads\/WarMap26032022-1024x882.jpg 1024w, https:\/\/aeronet.news\/wp-content\/uploads\/WarMap26032022-300x259.jpg 300w, https:\/\/aeronet.news\/wp-content\/uploads\/WarMap26032022-768x662.jpg 768w, https:\/\/aeronet.news\/wp-content\/uploads\/WarMap26032022-700x603.jpg 700w, https:\/\/aeronet.news\/wp-content\/uploads\/WarMap26032022-414x357.jpg 414w, https:\/\/aeronet.news\/wp-content\/uploads\/WarMap26032022-561x483.jpg 561w, https:\/\/aeronet.news\/wp-content\/uploads\/WarMap26032022.jpg 1200w\" alt=\"\" width=\"700\" height=\"603\" \/><\/a><figcaption class=\"wp-caption-text\">V\u00e1le\u010dn\u00e1 mapa ze soboty 26. b\u0159ezna 2022<\/figcaption><\/figure>\n<p>Rusk\u00e1 arm\u00e1da podle v\u0161eho v\u016fbec neuva\u017euje o proveden\u00ed denacifikace z\u00e1padn\u00ed Ukrajiny! A to je naprost\u00fd \u0161ok, kter\u00fd v konceptu\u00e1ln\u00ed rovin\u011b stav\u00ed tu mapu z polsk\u00e9 televize do \u00fapln\u011b jin\u00e9ho a v tu r\u00e1nu do uv\u011b\u0159iteln\u00e9ho rozm\u011bru.\u00a0<strong>Moskva mus\u00ed p\u0159ece v\u011bd\u011bt, \u017ee z\u00e1pad Ukrajiny je hn\u00edzdem neonacistick\u00fdch skupin a hn\u00edzdem nejv\u011bt\u0161\u00edho Banderismu, je to kol\u00e9bka ukrajinsk\u00e9ho nacismu.<\/strong>\u00a0A mus\u00ed b\u00fdt Moskv\u011b jasn\u00e9, \u017ee jenom p\u0159esn\u00fdmi raketami nejde z\u00e1pad Ukrajiny denacifikovat, to je samoz\u0159ejm\u011b nesmysl. A mus\u00ed b\u00fdt Kremlu jasn\u00e9, \u017ee v\u0161echny nacistick\u00e9 odd\u00edly se st\u00e1hnou pr\u00e1v\u011b na z\u00e1pad Ukrajiny. Rusk\u00e1 arm\u00e1da ale podle v\u0161eho s operac\u00ed na z\u00e1padn\u00ed Ukrajin\u011b nepo\u010d\u00edt\u00e1. A to ned\u00e1v\u00e1 smysl, ale pozor, jenom do chv\u00edle, ne\u017e se pod\u00edv\u00e1me na mapu z polsk\u00e9 televize.<\/p>\n<h6><span style=\"font-size: 14pt;\">Polsk\u00e1 aktivita okolo Ukrajiny s n\u00e1padem na m\u00edrovou misi i bez \u00fa\u010dasti NATO nazna\u010duje pl\u00e1n na pov\u00e1le\u010dn\u00e9 rozporcov\u00e1n\u00ed Ukrajiny<\/span><\/h6>\n<p>Existuje pouze jedno jedin\u00e9 vysv\u011btlen\u00ed, pro\u010d Rusk\u00e1 arm\u00e1da a jej\u00ed invaze nezahrnuje z\u00e1pad Ukrajiny, kde je p\u0159itom nejv\u011bt\u0161\u00ed koncentrace nacist\u016f a bez denacifikace z\u00e1padn\u00ed Ukrajiny nelze o denacifikaci Ukrajiny jako celku v\u016fbec mluvit. A t\u00edm vysv\u011btlen\u00edm je rozd\u011blen\u00ed Ukrajiny. Pokud Moskva v\u00ed, \u017ee Ukrajina se bude \u0161t\u011bpit a porcovat, potom nem\u00e1 smysl v\u00e9st na z\u00e1pad\u011b vojensk\u00e9 operace, nem\u00e1 smysl tam pos\u00edlat rusk\u00e9 voj\u00e1ky a pozemn\u00ed jednotky, kdy\u017e to \u00fazem\u00ed m\u00e1 ve skute\u010dnosti p\u0159ipadnout Polsku.<\/p>\n<p>Existuje pouze jedno re\u00e1ln\u00e9 vysv\u011btlen\u00ed, pro\u010d rusk\u00e9 jednotky nezah\u00e1jily frontu na z\u00e1pad Ukrajiny. S t\u00edm \u00fazem\u00edm u\u017e Rusov\u00e9 pro Ukrajinu jako jej\u00ed sou\u010d\u00e1st prost\u011b nepo\u010d\u00edtaj\u00ed. A polsk\u00e1 arm\u00e1da to zjevn\u011b v\u00ed a tento sign\u00e1l od Rus\u016f pochopila. Proto o v\u00edkendu Kyjev a sou\u010dasn\u011b i\u00a0<strong>Polsko ozn\u00e1milo [<a href=\"https:\/\/href.li\/?https:\/\/www.ndtv.com\/world-news\/us-has-no-objections-to-poland-supplying-war-planes-against-russian-invasion-says-ukraine-2845540\" target=\"_blank\" rel=\"nofollow noopener\">2<\/a>], \u017ee USA nemaj\u00ed nic proti p\u0159\u00edm\u00fdm dod\u00e1vk\u00e1m polsk\u00fdch st\u00edha\u010dek MiG-29 ukrajinsk\u00e9 arm\u00e1d\u011b, \u010d\u00edm\u017e Polsko jako zem\u011b NATO aktivn\u011b pom\u016f\u017ee Kyjevu s dod\u00e1vkami zbran\u00ed<\/strong>, ale za souhlasu USA. Informaci o mo\u017en\u00e9m d\u011blen\u00ed Ukrajiny p\u0159inesl dokonce i rusk\u00fd tisk.<\/p>\n<figure id=\"attachment_51086\" class=\"wp-caption aligncenter\"><a href=\"https:\/\/aeronet.news\/wp-content\/uploads\/RUpressUAsplit.jpg\"><img decoding=\"async\" loading=\"lazy\" class=\"wp-image-51086 size-large\" src=\"https:\/\/aeronet.news\/wp-content\/uploads\/RUpressUAsplit-1024x538.jpg\" sizes=\"(max-width: 700px) 100vw, 700px\" srcset=\"https:\/\/aeronet.news\/wp-content\/uploads\/RUpressUAsplit-1024x538.jpg 1024w, https:\/\/aeronet.news\/wp-content\/uploads\/RUpressUAsplit-300x158.jpg 300w, https:\/\/aeronet.news\/wp-content\/uploads\/RUpressUAsplit-768x403.jpg 768w, https:\/\/aeronet.news\/wp-content\/uploads\/RUpressUAsplit-700x368.jpg 700w, https:\/\/aeronet.news\/wp-content\/uploads\/RUpressUAsplit-680x357.jpg 680w, https:\/\/aeronet.news\/wp-content\/uploads\/RUpressUAsplit-920x483.jpg 920w, https:\/\/aeronet.news\/wp-content\/uploads\/RUpressUAsplit.jpg 1080w\" alt=\"\" width=\"700\" height=\"368\" \/><\/a><figcaption class=\"wp-caption-text\">Mapa rozd\u011blen\u00ed Ukrajiny v rusk\u00fdch novin\u00e1ch<\/figcaption><\/figure>\n<p>Polsko ji\u017e dlouho podporuje my\u0161lenku navr\u00e1cen\u00ed z\u00e1padn\u00edho \u00fazem\u00ed Ukrajiny a nebr\u00e1n\u00ed se vyu\u017e\u00edt sou\u010dasn\u00e9 situace. Odm\u00edtnut\u00ed NATO pod\u00edlet se na dobrodru\u017estv\u00ed navrhovan\u00e9m polskou vl\u00e1dou je\u0161t\u011b nic neznamen\u00e1, Var\u0161ava si m\u016f\u017ee vytvo\u0159it vlastn\u00ed koalici t\u011bch, kte\u0159\u00ed se cht\u011bj\u00ed tzv. \u201c<em>m\u00edrov\u00e9 mise<\/em>\u201d z\u00fa\u010dastnit. A jednou z t\u011bch zem\u00ed bude podle v\u0161eho i \u010cesk\u00e1 republika, pouze \u010desk\u00e1 ve\u0159ejnost o tom jaksi asi nebyla informov\u00e1na ze strany vl\u00e1dy Petra Fialy.\u00a0<strong>\u010ce\u0161t\u00ed \u017eold\u00e1ci s po\u017eehn\u00e1n\u00edm \u010desk\u00e9 vl\u00e1dy ji\u017e jsou v Irpinu podle ukrajinsk\u00fdch novin\u00e1\u0159\u016f, viz. n\u00ed\u017ee.<\/strong><\/p>\n<p>Ta mapa z polsk\u00e9 televize\u00a0zahrnuje Lvovskou, Ivanofrankovskou, Voly\u0148skou, Rovenskou a Ternopilskou oblast Ukrajiny jako sou\u010d\u00e1st Polska, \u010cernivsk\u00e1 oblast p\u0159ipadne Rumunsku, Zakarpatsk\u00e1 oblast Ma\u010farsku. Cel\u00fd jih Ukrajiny, v\u010detn\u011b Od\u011bsk\u00e9, Mykolajivsk\u00e9, Chersonsk\u00e9, Z\u00e1poro\u017esk\u00e9, Dn\u011bpropetrovsk\u00e9 a Charkovsk\u00e9 oblasti a Donbasu, m\u00e1 p\u0159ipadnout Rusku, zat\u00edmco centr\u00e1ln\u00ed a severn\u00ed oblasti zem\u011b z\u016fstaly v r\u00e1mci samotn\u00e9 Ukrajiny.<\/p>\n<h6><span style=\"font-size: 14pt;\">Bez Ruska nep\u016fjde Ukrajinu rozporcovat, tak\u017ee rusk\u00e9 vyh\u00fdb\u00e1n\u00ed se z\u00e1padu Ukrajiny p\u0159i denacifika\u010dn\u00ed operaci m\u016f\u017ee lecos nazna\u010dovat<\/span><\/h6>\n<p>Z\u00e1pad je zjevn\u011b p\u0159ipraven na rozd\u011blen\u00ed Ukrajiny a nebude nic nam\u00edtat, pokud \u010d\u00e1st zem\u011b p\u0159ipadne Evrop\u011b a NATO v podob\u011b Polska, Ma\u010farska a Rumunska. NATO v\u0161ak nebude do konfliktu zasahovat, aby se nedostalo do p\u0159\u00edm\u00e9ho vojensk\u00e9ho st\u0159etu s Ruskem, kter\u00fd by mohl p\u0159er\u016fst ve t\u0159et\u00ed sv\u011btovou v\u00e1lku. Stoltenberg to opakoval v\u00edcekr\u00e1t, kdy\u017e komentoval n\u00e1vrh Polska v\u00e9st vojska aliance na Ukrajinu. Jen\u017ee, do t\u00e9hle rovnice chyb\u00ed jedna prom\u011bnn\u00e1, a tou je postoj Kremlu.\u00a0<strong>V sobotu uve\u0159ejnil ukrajinsk\u00fd novin\u00e1\u0159 fotografii \u010desk\u00fdch \u017eold\u00e1k\u016f v bunkru v Irpinu. Jestli opravdu jde o \u010desk\u00e9 ob\u010dany, to se n\u00e1m nepoda\u0159ilo ov\u011b\u0159it.<\/strong>\u00a0Nen\u00ed zn\u00e1m\u00e9 ani st\u00e1\u0159\u00ed fotografie, proto\u017ee o t\u0159i dny d\u0159\u00edve 23. b\u0159ezna provedla rusk\u00e1 vojska devastuj\u00edc\u00ed raketov\u00fd \u00fatok termobarick\u00fdmi raketami na komplexy \u017eold\u00e1k\u016f pr\u00e1v\u011b v Irpinu. Informaci p\u0159inesla izraelsk\u00e1 m\u00e9dia.<\/p>\n<div class=\"twitter-tweet twitter-tweet-rendered\"><iframe id=\"twitter-widget-0\" class=\"\" title=\"Twitter Tweet\" src=\"https:\/\/platform.twitter.com\/embed\/Tweet.html?dnt=true&amp;embedId=twitter-widget-0&amp;features=eyJ0ZndfZXhwZXJpbWVudHNfY29va2llX2V4cGlyYXRpb24iOnsiYnVja2V0IjoxMjA5NjAwLCJ2ZXJzaW9uIjpudWxsfSwidGZ3X3NwYWNlX2NhcmQiOnsiYnVja2V0Ijoib2ZmIiwidmVyc2lvbiI6bnVsbH0sInRmd19zZW5zaXRpdmVfbWVkaWFfaW50ZXJzdGl0aWFsXzEzOTYzIjp7ImJ1Y2tldCI6ImNvbnRyb2wiLCJ2ZXJzaW9uIjo0fX0%3D&amp;frame=false&amp;hideCard=false&amp;hideThread=false&amp;id=1507802426836926468&amp;lang=cs&amp;origin=https%3A%2F%2Faeronet.news%2Fpolska-televize-odvysilala-mapu-rozdelene-ukrajiny-polsko-ma-v-planu-vyuzit-ruske-pomoci-a-vzit-si-zpatky-halic-volyni-a-lvov-s-prilehlymi-regiony-a-kyjev-za-odstoupeni-uzemi-polsku-dostane%2F&amp;sessionId=9463ad327bdf64556d83f3abc30caa420c70572d&amp;theme=light&amp;widgetsVersion=940dd9ee54270%3A1649359550911&amp;width=550px\" frameborder=\"0\" scrolling=\"no\" allowfullscreen=\"allowfullscreen\" data-tweet-id=\"1507802426836926468\" data-mce-fragment=\"1\"><\/iframe><\/div>\n<p>&nbsp;<\/p>\n<p>Bez Ruska je porcov\u00e1n\u00ed Ukrajiny vylou\u010deno, a to mus\u00ed v\u011bd\u011bt i polsk\u00fd gener\u00e1ln\u00ed \u0161t\u00e1b, to mus\u00ed v\u011bd\u011bt i Brusel a Praha rovn\u011b\u017e.\u00a0<strong>Pokud by Rusko cht\u011blo Ukrajinu udr\u017eet pohromad\u011b, d\u00e1my a p\u00e1nov\u00e9, tak by musela denacifika\u010dn\u00ed operace prob\u00edhat hlavn\u011b a p\u0159edev\u0161\u00edm na z\u00e1pad\u011b Ukrajiny a v okol\u00ed Lvova, nikoliv na jihu Ukrajiny, ani na severu a ani na v\u00fdchod\u011b.<\/strong>\u00a0Jen\u017ee pr\u00e1v\u011b tam na z\u00e1pad\u011b Rusk\u00e1 arm\u00e1da operovat nebude, s v\u00fdjimkou d\u00e1lkov\u00fdch \u00fader\u016f proti vybran\u00fdm sklad\u016fm zbran\u00ed a v\u00fdcvikov\u00fdch center.<\/p>\n<figure id=\"attachment_51088\" class=\"wp-caption aligncenter\" style=\"width: 609px;\"><a href=\"https:\/\/aeronet.news\/wp-content\/uploads\/CzechMercsUA.jpg\"><img decoding=\"async\" loading=\"lazy\" class=\"wp-image-51088 \" src=\"https:\/\/aeronet.news\/wp-content\/uploads\/CzechMercsUA-1024x806.jpg\" sizes=\"(max-width: 700px) 100vw, 700px\" srcset=\"https:\/\/aeronet.news\/wp-content\/uploads\/CzechMercsUA-1024x806.jpg 1024w, https:\/\/aeronet.news\/wp-content\/uploads\/CzechMercsUA-300x236.jpg 300w, https:\/\/aeronet.news\/wp-content\/uploads\/CzechMercsUA-768x604.jpg 768w, https:\/\/aeronet.news\/wp-content\/uploads\/CzechMercsUA-700x551.jpg 700w, https:\/\/aeronet.news\/wp-content\/uploads\/CzechMercsUA-454x357.jpg 454w, https:\/\/aeronet.news\/wp-content\/uploads\/CzechMercsUA-614x483.jpg 614w, https:\/\/aeronet.news\/wp-content\/uploads\/CzechMercsUA.jpg 1280w\" alt=\"\" width=\"609\" height=\"479\" \/><\/a><figcaption class=\"wp-caption-text\">\u00dadajn\u00ed \u010de\u0161t\u00ed \u017eold\u00e1ci v ukrajinsk\u00e9m Irpinu<\/figcaption><\/figure>\n<p>A to znamen\u00e1 v konceptu\u00e1ln\u00ed rovin\u011b jedinou mo\u017enou odpov\u011b\u010f, \u017ee Moskva se z\u00e1padem Ukrajiny pro pov\u00e1le\u010dnou Ukrajinu ji\u017e nepo\u010d\u00edt\u00e1! Ano, je to \u0161ok, ale konceptu\u00e1ln\u00ed fakta jsou prost\u011b nezvratn\u00e1. Jestli\u017ee Moskva mluv\u00ed o denacifikaci Ukrajiny, ale\u00a0<strong>operace Rusk\u00e9 arm\u00e1dy se hlavn\u00edmu centru nacist\u016f a Banderovc\u016f na z\u00e1pad\u011b Ukrajiny vyh\u00fdbaj\u00ed<\/strong>, jestli\u017ee se polsk\u00e1, \u010desk\u00e1 a slovinsk\u00e1 delegace premi\u00e9r\u016f setk\u00e1v\u00e1 mimo instrukce NATO s ukrajinsk\u00fdm prezidentem a jen p\u00e1r dn\u00ed pot\u00e9 Var\u0161ava navrhuje vysl\u00e1n\u00ed m\u00edrov\u00fdch mis\u00ed na z\u00e1padn\u00ed Ukrajinu, a jestli\u017ee vz\u00e1p\u011bt\u00ed p\u0159\u00edmo Var\u0161ava oznamuje \u017ee Kyjevu dod\u00e1 st\u00edha\u010dky a je ochotna zv\u00e1\u017eit m\u00edrov\u00e9 mise na Ukrajin\u011b i bez po\u017eehn\u00e1n\u00ed NATO, pouze za pomoc\u00ed voj\u00e1k\u016f \u201cochotn\u00fdch zem\u00ed\u201d, tak v tom okam\u017eiku se p\u0159ed n\u00e1mi za\u010d\u00edn\u00e1 r\u00fdsovat n\u00e1sleduj\u00edc\u00ed sc\u00e9n\u00e1\u0159.<\/p>\n<h6><span style=\"font-size: 14pt;\">Ukrajina v dosavadn\u00ed podob\u011b a hranic\u00edch podle v\u0161eho skon\u010dila<\/span><\/h6>\n<p>Kyjev si je v\u011bdom situace, \u017ee Ukrajina tak, jak jsme ji znali, v jej\u00edch hranic\u00edch, podle v\u0161eho pr\u00e1v\u011b skon\u010dila. A pokud Kyjev bude cht\u00edt p\u0159e\u017e\u00edt, mus\u00ed ob\u011btovat sv\u00e9 \u00fazem\u00ed Rusku, Polsku a dal\u0161\u00edm st\u00e1t\u016fm. Polsko tak sou\u010dasnou situaci m\u016f\u017ee vn\u00edmat jako \u201cruskou pomoc\u201d a zp\u016fsob, jak se pod z\u00e1minkou v\u00e1lky na Ukrajin\u011b dostat zp\u00e1tky k Hali\u010di, Volyni a hlavn\u011b ke Lvovu. A jak to m\u00e1 vypadat po institucion\u00e1ln\u00ed str\u00e1nce?<\/p>\n<p>Polsk\u00e1 arm\u00e1da opravdu m\u016f\u017ee spolu s voj\u00e1ky ochotn\u00fdch zem\u00ed jako je \u010cR, Slovensko, Slovinsko, Pobaltsk\u00e9 zem\u011b a dal\u0161\u00ed vyslat na z\u00e1pad Ukrajiny m\u00edrov\u00e9 sbory, proto\u017ee nikam d\u00e1l si Var\u0161ava voj\u00e1ky vyslat nedovol\u00ed, proto\u017ee o to ani nestoj\u00ed.\u00a0<strong>N\u00ed\u017ee je \u0161pion\u00e1\u017en\u00ed sn\u00edmek z izraelsk\u00e9ho satelitu zachycuj\u00edc\u00ed termobarick\u00fd raketov\u00fd \u00fatok z rusk\u00fdch komplex\u016f Grad proti ubytovn\u00e1m a objekt\u016fm zahrani\u010dn\u00edch \u017eold\u00e1k\u016f v Irpinu<\/strong>. Termobarick\u00e9 exploze jsou ty \u017elut\u00e9 te\u010dky,<\/p>\n<div class=\"twitter-tweet twitter-tweet-rendered\"><iframe id=\"twitter-widget-1\" class=\"\" title=\"Twitter Tweet\" src=\"https:\/\/platform.twitter.com\/embed\/Tweet.html?dnt=true&amp;embedId=twitter-widget-1&amp;features=eyJ0ZndfZXhwZXJpbWVudHNfY29va2llX2V4cGlyYXRpb24iOnsiYnVja2V0IjoxMjA5NjAwLCJ2ZXJzaW9uIjpudWxsfSwidGZ3X3NwYWNlX2NhcmQiOnsiYnVja2V0Ijoib2ZmIiwidmVyc2lvbiI6bnVsbH0sInRmd19zZW5zaXRpdmVfbWVkaWFfaW50ZXJzdGl0aWFsXzEzOTYzIjp7ImJ1Y2tldCI6ImNvbnRyb2wiLCJ2ZXJzaW9uIjo0fX0%3D&amp;frame=false&amp;hideCard=false&amp;hideThread=false&amp;id=1507329286298124291&amp;lang=cs&amp;origin=https%3A%2F%2Faeronet.news%2Fpolska-televize-odvysilala-mapu-rozdelene-ukrajiny-polsko-ma-v-planu-vyuzit-ruske-pomoci-a-vzit-si-zpatky-halic-volyni-a-lvov-s-prilehlymi-regiony-a-kyjev-za-odstoupeni-uzemi-polsku-dostane%2F&amp;sessionId=9463ad327bdf64556d83f3abc30caa420c70572d&amp;theme=light&amp;widgetsVersion=940dd9ee54270%3A1649359550911&amp;width=550px\" frameborder=\"0\" scrolling=\"no\" allowfullscreen=\"allowfullscreen\" data-tweet-id=\"1507329286298124291\" data-mce-fragment=\"1\"><\/iframe><\/div>\n<p>&nbsp;<\/p>\n<p>Pol\u00e1ci budou ovl\u00e1dat z\u00e1pad Ukrajiny a Rusov\u00e9 nakonec Kyjev ovl\u00e1dnou a dosad\u00ed tam denacifikovanou vl\u00e1du, zcela vy\u010di\u0161t\u011bnu od struktur, kter\u00e9 se k moci dostaly v roce 2014. Tyto neonacistick\u00e9 struktury skon\u010d\u00ed na z\u00e1pad\u011b Ukrajiny v prostoru Lvova, kde budou v\u00edt\u00e1ni. Rusov\u00e9 denacifikuj\u00ed Ukrajinu, ale bez jej\u00ed z\u00e1padn\u00ed \u010d\u00e1sti. A to prost\u011b samo o sob\u011b dop\u0159edu p\u0159edes\u00edl\u00e1, \u017ee Kreml opravdu s porcov\u00e1n\u00edm Ukrajiny ji\u017e po\u010d\u00edt\u00e1.\u00a0<strong>Ve Var\u0161av\u011b jsou si v\u011bdomi, \u017ee tato p\u0159\u00edle\u017eitost se u\u017e nemus\u00ed opakovat a polsk\u00e1 vl\u00e1da se bude sna\u017eit poslat na z\u00e1pad Ukrajiny sv\u00e9 voj\u00e1ky st\u016fj co st\u016fj, pod z\u00e1minkou m\u00edrov\u00fdch sbor\u016f.<\/strong><\/p>\n<p>A to nakonec povede k tomu, \u017ee z\u00e1pad Ukrajiny si odhlasuje referendum, \u017ee cht\u011bj\u00ed b\u00fdt sou\u010d\u00e1st\u00ed Polska a dostat se t\u00edm p\u00e1dem do EU a do NATO, co\u017e bude pro m\u00edstn\u00ed neonacisty, Banderovce a Prav\u00fd sektor hotov\u00e9 v\u00edt\u011bzstv\u00ed a z\u00e1chrana p\u0159ed Rusy. A proto\u017ee ukrajinsk\u00fdm neonacist\u016fm se v NATO, v USA a v EU v\u0161ichni dnes klan\u00ed, je u\u017e dop\u0159edu jasn\u00e9, \u017ee tomuto pl\u00e1nu nebudou st\u00e1t v cest\u011b. A neonacist\u00e9 v \u201cpolsk\u00e9m\u201d Lvov\u011b jako ob\u010dan\u00e9 EU u\u017e opravdu Moskv\u011b vadit nebudou. Naopak, neonacist\u00e9 v Polsku a v EU zp\u016fsob\u00ed postupem \u010dasu opravdu velk\u00e9 probl\u00e9my. Ukrajina v dne\u0161n\u00ed podob\u011b zkr\u00e1tka kon\u010d\u00ed.<\/p>\n<p>-VK- \u0160\u00e9fredaktor AE News<\/p>\n<p><a href=\"https:\/\/aeronet.news\/polska-televize-odvysilala-mapu-rozdelene-ukrajiny-polsko-ma-v-planu-vyuzit-ruske-pomoci-a-vzit-si-zpatky-halic-volyni-a-lvov-s-prilehlymi-regiony-a-kyjev-za-odstoupeni-uzemi-polsku-dostane\/\">ZDROJ<\/a><\/p>\n<p>&nbsp;<\/p>\n","protected":false},"excerpt":{"rendered":"<p>Polsk\u00e1 televize odvys\u00edlala mapu rozd\u011blen\u00e9 Ukrajiny, Polsko m\u00e1 v pl\u00e1nu vyu\u017e\u00edt rusk\u00e9 \u201cpomoci\u201d a vz\u00edt&#8230;<\/p>\n","protected":false},"author":2,"featured_media":866,"comment_status":"closed","ping_status":"closed","sticky":false,"template":"","format":"standard","meta":[],"categories":[7],"tags":[2130,31,26],"_links":{"self":[{"href":"https:\/\/www.infokuryr.cz\/n\/wp-json\/wp\/v2\/posts\/9452"}],"collection":[{"href":"https:\/\/www.infokuryr.cz\/n\/wp-json\/wp\/v2\/posts"}],"about":[{"href":"https:\/\/www.infokuryr.cz\/n\/wp-json\/wp\/v2\/types\/post"}],"author":[{"embeddable":true,"href":"https:\/\/www.infokuryr.cz\/n\/wp-json\/wp\/v2\/users\/2"}],"replies":[{"embeddable":true,"href":"https:\/\/www.infokuryr.cz\/n\/wp-json\/wp\/v2\/comments?post=9452"}],"version-history":[{"count":0,"href":"https:\/\/www.infokuryr.cz\/n\/wp-json\/wp\/v2\/posts\/9452\/revisions"}],"wp:featuredmedia":[{"embeddable":true,"href":"https:\/\/www.infokuryr.cz\/n\/wp-json\/wp\/v2\/media\/866"}],"wp:attachment":[{"href":"https:\/\/www.infokuryr.cz\/n\/wp-json\/wp\/v2\/media?parent=9452"}],"wp:term":[{"taxonomy":"category","embeddable":true,"href":"https:\/\/www.infokuryr.cz\/n\/wp-json\/wp\/v2\/categories?post=9452"},{"taxonomy":"post_tag","embeddable":true,"href":"https:\/\/www.infokuryr.cz\/n\/wp-json\/wp\/v2\/tags?post=9452"}],"curies":[{"name":"wp","href":"https:\/\/api.w.org\/{rel}","templated":true}]}}