{"id":94496,"date":"2025-12-13T00:19:47","date_gmt":"2025-12-12T23:19:47","guid":{"rendered":"https:\/\/www.infokuryr.cz\/n\/?p=94496"},"modified":"2025-12-12T09:28:01","modified_gmt":"2025-12-12T08:28:01","slug":"nemecko-libanonsky-migrant-zastaveny-policii-mel-28-ruznych-identit-policie-ho-znovu-deportovala","status":"publish","type":"post","link":"https:\/\/www.infokuryr.cz\/n\/2025\/12\/13\/nemecko-libanonsky-migrant-zastaveny-policii-mel-28-ruznych-identit-policie-ho-znovu-deportovala\/","title":{"rendered":"N\u011bmecko: Libanonsk\u00fd migrant zastaven\u00fd polici\u00ed m\u011bl 28 r\u016fzn\u00fdch identit, policie ho znovu deportovala"},"content":{"rendered":"<div id=\"fb-root\"><\/div>\n<h3 class=\"s-tagline fw-tagline\"><span dir=\"auto\">Mnoho migrant\u016f, kte\u0159\u00ed vstoupili do Evropy, m\u00e1 v\u00edce p\u0159ezd\u00edvek, zejm\u00e9na ti, kte\u0159\u00ed se pod\u00edlej\u00ed na trestn\u00e9 \u010dinnosti<\/span><\/h3>\n<p><span dir=\"auto\">O minul\u00e9m v\u00edkendu zatkla feder\u00e1ln\u00ed policie na hlavn\u00edm n\u00e1dra\u017e\u00ed v C\u00e1ch\u00e1ch v N\u011bmecku 37let\u00e9ho libanonsk\u00e9ho migranta s neuv\u011b\u0159iteln\u00fdmi 28 r\u016fzn\u00fdmi p\u0159ezd\u00edvkami.<\/span><\/p>\n<p><span dir=\"auto\">Jeho \u017e\u00e1dost o azyl ji\u017e byla v minulosti zam\u00edtnuta a byl mu ulo\u017een z\u00e1kaz vstupu a pobytu, jak uvedl den\u00edk\u00a0<\/span><a href=\"https:\/\/www.spiegel.de\/panorama\/justiz\/aachen-abgelehnter-asylbewerber-mit-28-aliasnamen-festgenommen-a-0c7cba1f-e004-4a85-abcd-ae7046a57cd2\"><span dir=\"auto\">\u201eAachener Zeitung<\/span><\/a><span dir=\"auto\">\u00a0\u201c s odvol\u00e1n\u00edm na policii v C\u00e1ch\u00e1ch.<\/span><\/p>\n<p><span dir=\"auto\">Mu\u017e cestoval region\u00e1ln\u00edm vlakem z Belgie 6. prosince kolem 22:30. N\u011bmeck\u00fdm \u00fa\u0159edn\u00edk\u016fm p\u0159edlo\u017eil libanonsk\u00fd pas a italsk\u00e9 povolen\u00ed k pobytu, tento dokument v\u0161ak nebyl platn\u00fd v schengensk\u00e9m prostoru, co\u017e nazna\u010duje, \u017ee se mohlo jednat o pad\u011blek.<\/span><\/p>\n<p><span dir=\"auto\">Podle c\u00e1chsk\u00e9 policie byl v policejn\u00edm p\u00e1trac\u00edm syst\u00e9mu registrov\u00e1n pod 28 r\u016fzn\u00fdmi p\u0159ezd\u00edvkami.<\/span><\/p>\n<p><span dir=\"auto\">Libanonec byl n\u011bmeck\u00e9 policii ji\u017e dob\u0159e zn\u00e1m\u00fd pro svou historii trestn\u00fdch \u010din\u016f souvisej\u00edc\u00edch s narkotiky. Jeho \u017e\u00e1dost o azyl v N\u011bmecku byla v dubnu 2025 definitivn\u011b zam\u00edtnuta.<\/span><\/p>\n<p><span dir=\"auto\">N\u011bmeck\u00e1 feder\u00e1ln\u00ed policie ho vzala do vazby, aby se p\u0159ipravila na jeho obnovenou deportaci. \u010cl\u00e1nek v\u0161ak neuv\u00e1d\u00ed, kam bude deportov\u00e1n. S nejv\u011bt\u0161\u00ed pravd\u011bpodobnost\u00ed se jedn\u00e1 o jin\u00fd evropsk\u00fd st\u00e1t.<\/span><\/p>\n<p><span dir=\"auto\">P\u0159\u00edpad zd\u016fraz\u0148uje nejen to, kolik migrant\u016f, kte\u0159\u00ed v p\u0159edchoz\u00edch letech dorazili do Evropy, m\u00e1 v\u00edce fale\u0161n\u00fdch identit, ale tak\u00e9 to, jak jim policie \u010dasto nedok\u00e1\u017ee zabr\u00e1nit ve voln\u00e9m cestov\u00e1n\u00ed po Evrop\u011b.<\/span><\/p>\n<p><span dir=\"auto\">Ve skute\u010dnosti\u00a0<\/span><a href=\"https:\/\/rmx.news\/article\/why-do-over-400-000-migrants-in-germany-have-their-birthday-on-january-1st\/\"><span dir=\"auto\">v N\u011bmecku \u017eije 400 000 migrant\u016f, kte\u0159\u00ed maj\u00ed jako den narozen\u00ed 1. ledna<\/span><\/a><span dir=\"auto\">\u00a0, co\u017e byl den, kdy vstoupili do zem\u011b bez doklad\u016f. Ned\u00e1vn\u00fd soudn\u00ed proces s deseti Sy\u0159any obvin\u011bn\u00fdmi z pron\u00e1sledov\u00e1n\u00ed ob\u011bti, dokud nespadla z balkonu osmipatrov\u00e9 budovy,\u00a0<\/span><a href=\"https:\/\/rmx.news\/article\/germany-10-syrians-on-trial-for-chasing-and-attacking-a-15-year-old-who-fell-to-his-death-from-8-stories-5-of-them-have-jan-1-birthdays\/\"><span dir=\"auto\">odhalil, \u017ee p\u011bt z nich m\u00e1 takov\u00fd den narozen\u00ed 1. ledna<\/span><\/a><span dir=\"auto\">\u00a0.<\/span><\/p>\n<p><span dir=\"auto\">Je tak\u00e9 extr\u00e9mn\u011b b\u011b\u017en\u00e9, \u017ee migranti, zejm\u00e9na ti zapojen\u00ed do trestn\u00e9 \u010dinnosti,\u00a0<\/span><a href=\"https:\/\/rmx.news\/article\/germany-moroccan-migrant-with-11-false-names-and-huge-criminal-record-on-trial-for-attempted-murder-for-beating-victim-with-bicycle-lock-in-hanover\/\"><span dir=\"auto\">maj\u00ed mnoho r\u016fzn\u00fdch p\u0159ezd\u00edvek.<\/span><\/a><\/p>\n<p><img decoding=\"async\" loading=\"lazy\" class=\"alignnone size-full wp-image-1185\" src=\"http:\/\/www.infokuryr.cz\/n\/wp-content\/uploads\/2021\/04\/kuryr-podpis.png\" alt=\"\" width=\"84\" height=\"24\" \/><\/p>\n<p>&nbsp;<\/p>\n","protected":false},"excerpt":{"rendered":"<p>Mnoho migrant\u016f, kte\u0159\u00ed vstoupili do Evropy, m\u00e1 v\u00edce p\u0159ezd\u00edvek, zejm\u00e9na ti, kte\u0159\u00ed se pod\u00edlej\u00ed na&#8230;<\/p>\n","protected":false},"author":2,"featured_media":94497,"comment_status":"closed","ping_status":"closed","sticky":false,"template":"","format":"standard","meta":[],"categories":[7],"tags":[2195,551,84,86],"_links":{"self":[{"href":"https:\/\/www.infokuryr.cz\/n\/wp-json\/wp\/v2\/posts\/94496"}],"collection":[{"href":"https:\/\/www.infokuryr.cz\/n\/wp-json\/wp\/v2\/posts"}],"about":[{"href":"https:\/\/www.infokuryr.cz\/n\/wp-json\/wp\/v2\/types\/post"}],"author":[{"embeddable":true,"href":"https:\/\/www.infokuryr.cz\/n\/wp-json\/wp\/v2\/users\/2"}],"replies":[{"embeddable":true,"href":"https:\/\/www.infokuryr.cz\/n\/wp-json\/wp\/v2\/comments?post=94496"}],"version-history":[{"count":0,"href":"https:\/\/www.infokuryr.cz\/n\/wp-json\/wp\/v2\/posts\/94496\/revisions"}],"wp:featuredmedia":[{"embeddable":true,"href":"https:\/\/www.infokuryr.cz\/n\/wp-json\/wp\/v2\/media\/94497"}],"wp:attachment":[{"href":"https:\/\/www.infokuryr.cz\/n\/wp-json\/wp\/v2\/media?parent=94496"}],"wp:term":[{"taxonomy":"category","embeddable":true,"href":"https:\/\/www.infokuryr.cz\/n\/wp-json\/wp\/v2\/categories?post=94496"},{"taxonomy":"post_tag","embeddable":true,"href":"https:\/\/www.infokuryr.cz\/n\/wp-json\/wp\/v2\/tags?post=94496"}],"curies":[{"name":"wp","href":"https:\/\/api.w.org\/{rel}","templated":true}]}}