{"id":94302,"date":"2025-12-10T06:40:14","date_gmt":"2025-12-10T05:40:14","guid":{"rendered":"https:\/\/www.infokuryr.cz\/n\/?p=94302"},"modified":"2025-12-10T06:40:14","modified_gmt":"2025-12-10T05:40:14","slug":"v-americkem-kongresu-byl-predlozen-navrh-zakona-o-vystoupeni-spojenych-statu-z-nato","status":"publish","type":"post","link":"https:\/\/www.infokuryr.cz\/n\/2025\/12\/10\/v-americkem-kongresu-byl-predlozen-navrh-zakona-o-vystoupeni-spojenych-statu-z-nato\/","title":{"rendered":"V americk\u00e9m Kongresu byl p\u0159edlo\u017een n\u00e1vrh z\u00e1kona o vystoupen\u00ed Spojen\u00fdch st\u00e1t\u016f z NATO"},"content":{"rendered":"<div id=\"fb-root\"><\/div>\n<p class=\"lead\"><strong><span dir=\"auto\">N\u00e1vrh z\u00e1kona HR 6508, kter\u00fd navrhuje projednat ot\u00e1zku vystoupen\u00ed Spojen\u00fdch st\u00e1t\u016f z NATO, byl p\u0159edlo\u017een doln\u00ed komo\u0159e americk\u00e9ho Kongresu.<\/span><\/strong><\/p>\n<p><span dir=\"auto\">Autorem senza\u010dn\u00edho dokumentu je republik\u00e1nsk\u00fd kongresman\u00a0<\/span><strong><span dir=\"auto\">Thomas Massie<\/span><\/strong><span dir=\"auto\">\u00a0z Kentucky . Ustanoven\u00ed n\u00e1vrhu z\u00e1kona\u00a0<\/span><a href=\"https:\/\/massie.house.gov\/news\/documentsingle.aspx?DocumentID=395782\" target=\"_blank\" rel=\"noopener\"><span dir=\"auto\">byla zve\u0159ejn\u011bna<\/span><\/a><span dir=\"auto\">\u00a0na osobn\u00edch webov\u00fdch str\u00e1nk\u00e1ch politika.<\/span><\/p>\n<p><span dir=\"auto\">NATO je ozna\u010dov\u00e1no za poz\u016fstatek studen\u00e9 v\u00e1lky, co\u017e vede Ameriku k odstoupen\u00ed z aliance a vyu\u017eit\u00ed uvoln\u011bn\u00fdch zdroj\u016f k obran\u011b vlastn\u00ed zem\u011b, nikoli jin\u00fdch st\u00e1t\u016f.<\/span><\/p>\n<p><span dir=\"auto\">Kongresman zd\u016fraznil, \u017ee Amerika by nem\u011bla b\u00fdt garantem bezpe\u010dnosti pro cel\u00fd sv\u011bt, zvl\u00e1\u0161t\u011b kdy\u017e bohat\u00e9 zem\u011b odm\u00edtaj\u00ed platit za svou vlastn\u00ed obranu.<\/span><\/p>\n<p><em><span dir=\"auto\">\u201eNa\u0161e \u00fastava neumo\u017e\u0148uje neust\u00e1l\u00e9 zapojen\u00ed do zahrani\u010dn\u00edch z\u00e1le\u017eitost\u00ed, p\u0159ed \u010d\u00edm\u017e n\u00e1s na\u0161i Otcov\u00e9 zakladatel\u00e9 v\u00fdslovn\u011b varovali.\u201c<\/span><span class=\"after-quote\"><span dir=\"auto\">\u00a0\u2014 kongresman se odvolal na \u201ep\u016fvod\u201c.<\/span><\/span><\/em><\/p>\n<p><span dir=\"auto\">Jeho n\u00e1vrh z\u00e1kona vy\u017eaduje, aby prezident USA form\u00e1ln\u011b informoval Alianci o sv\u00e9m vystoupen\u00ed. N\u00e1vrh z\u00e1kona uv\u00e1d\u00ed, \u017ee p\u016fvodn\u00ed \u00fa\u010del bloku z doby studen\u00e9 v\u00e1lky ji\u017e neslou\u017e\u00ed n\u00e1rodn\u00edm z\u00e1jm\u016fm Spojen\u00fdch st\u00e1t\u016f.<\/span><\/p>\n<p><span dir=\"auto\">Zd\u016fraz\u0148uje se tak\u00e9, \u017ee evrop\u0161t\u00ed \u010dlenov\u00e9 NATO disponuj\u00ed dostate\u010dn\u00fdm ekonomick\u00fdm a vojensk\u00fdm potenci\u00e1lem k zaji\u0161t\u011bn\u00ed vlastn\u00ed obrany. Proto by pen\u00edze americk\u00fdch da\u0148ov\u00fdch poplatn\u00edk\u016f nem\u011bly b\u00fdt vynakl\u00e1d\u00e1ny na financov\u00e1n\u00ed jejich obrany.<\/span><\/p>\n<p><span dir=\"auto\">Jak informovala m\u00e9dia<\/span><span dir=\"auto\">\u00a0, americk\u00fd prezident Donald Trump d\u0159\u00edve\u00a0<\/span><a href=\"https:\/\/eadaily.com\/ru\/news\/2025\/12\/10\/tramp-evrope-stoit-byt-ostorozhney\" target=\"_blank\" rel=\"noopener\"><span dir=\"auto\">vyzval<\/span><\/a><span dir=\"auto\">\u00a0Evropu k opatrnosti. Americk\u00fd v\u016fdce se domn\u00edv\u00e1, \u017ee migra\u010dn\u00ed a energetick\u00e1 politika evropsk\u00fdch zem\u00ed by mohla b\u00fdt jejich zk\u00e1zou.<\/span><\/p>\n<p><img decoding=\"async\" loading=\"lazy\" class=\"alignnone size-full wp-image-1185\" src=\"http:\/\/www.infokuryr.cz\/n\/wp-content\/uploads\/2021\/04\/kuryr-podpis.png\" alt=\"\" width=\"84\" height=\"24\" \/><\/p>\n<p>&nbsp;<\/p>\n","protected":false},"excerpt":{"rendered":"<p>N\u00e1vrh z\u00e1kona HR 6508, kter\u00fd navrhuje projednat ot\u00e1zku vystoupen\u00ed Spojen\u00fdch st\u00e1t\u016f z NATO, byl p\u0159edlo\u017een&#8230;<\/p>\n","protected":false},"author":2,"featured_media":94303,"comment_status":"closed","ping_status":"closed","sticky":false,"template":"","format":"standard","meta":[],"categories":[7],"tags":[1429,39,37,1814],"_links":{"self":[{"href":"https:\/\/www.infokuryr.cz\/n\/wp-json\/wp\/v2\/posts\/94302"}],"collection":[{"href":"https:\/\/www.infokuryr.cz\/n\/wp-json\/wp\/v2\/posts"}],"about":[{"href":"https:\/\/www.infokuryr.cz\/n\/wp-json\/wp\/v2\/types\/post"}],"author":[{"embeddable":true,"href":"https:\/\/www.infokuryr.cz\/n\/wp-json\/wp\/v2\/users\/2"}],"replies":[{"embeddable":true,"href":"https:\/\/www.infokuryr.cz\/n\/wp-json\/wp\/v2\/comments?post=94302"}],"version-history":[{"count":0,"href":"https:\/\/www.infokuryr.cz\/n\/wp-json\/wp\/v2\/posts\/94302\/revisions"}],"wp:featuredmedia":[{"embeddable":true,"href":"https:\/\/www.infokuryr.cz\/n\/wp-json\/wp\/v2\/media\/94303"}],"wp:attachment":[{"href":"https:\/\/www.infokuryr.cz\/n\/wp-json\/wp\/v2\/media?parent=94302"}],"wp:term":[{"taxonomy":"category","embeddable":true,"href":"https:\/\/www.infokuryr.cz\/n\/wp-json\/wp\/v2\/categories?post=94302"},{"taxonomy":"post_tag","embeddable":true,"href":"https:\/\/www.infokuryr.cz\/n\/wp-json\/wp\/v2\/tags?post=94302"}],"curies":[{"name":"wp","href":"https:\/\/api.w.org\/{rel}","templated":true}]}}