{"id":94293,"date":"2025-12-10T06:26:53","date_gmt":"2025-12-10T05:26:53","guid":{"rendered":"https:\/\/www.infokuryr.cz\/n\/?p=94293"},"modified":"2025-12-10T06:26:53","modified_gmt":"2025-12-10T05:26:53","slug":"na-ukrajine-zabit-britsky-vojak-uvedlo-britske-ministerstvo-obrany","status":"publish","type":"post","link":"https:\/\/www.infokuryr.cz\/n\/2025\/12\/10\/na-ukrajine-zabit-britsky-vojak-uvedlo-britske-ministerstvo-obrany\/","title":{"rendered":"Na Ukrajin\u011b zabit britsk\u00fd voj\u00e1k, uvedlo britsk\u00e9 ministerstvo obrany"},"content":{"rendered":"<div id=\"fb-root\"><\/div>\n<h3>Ministerstvo obrany uvedlo, \u017ee voj\u00e1k zem\u0159el p\u0159i \u201enehod\u011b\u201c p\u0159i pozorov\u00e1n\u00ed zkou\u0161ky zbran\u00ed<\/h3>\n<p data-start=\"89\" data-end=\"366\"><span dir=\"auto\">Britsk\u00e9 ministerstvo obrany ozn\u00e1milo, \u017ee p\u0159i nezve\u0159ejn\u011bn\u00e9m incidentu na Ukrajin\u011b byl zabit p\u0159\u00edslu\u0161n\u00edk britsk\u00e9 arm\u00e1dy.<\/span><\/p>\n<p data-start=\"368\" data-end=\"813\"><em><span dir=\"auto\">\u201eS hlubokou l\u00edtost\u00ed mus\u00edme ozn\u00e1mit, \u017ee dnes r\u00e1no na Ukrajin\u011b zem\u0159el p\u0159\u00edslu\u0161n\u00edk britsk\u00fdch ozbrojen\u00fdch sil,\u201c<\/span><\/em><span dir=\"auto\">\u00a0uvedlo ministerstvo obrany v \u00fater\u00fd v po\u0159adu X.<\/span><\/p>\n<p data-start=\"368\" data-end=\"813\"><em><span dir=\"auto\">\u201eByl zran\u011bn p\u0159i tragick\u00e9 nehod\u011b, kdy\u017e pozoroval ukrajinsk\u00e9 s\u00edly, jak testuj\u00ed novou obrannou schopnost mimo frontovou linii,\u201c<\/span><\/em><span dir=\"auto\">\u00a0dodalo ministerstvo bez dal\u0161\u00edch podrobnost\u00ed.<\/span><\/p>\n<p data-start=\"815\" data-end=\"903\"><span dir=\"auto\">Podle BBC se incident pravd\u011bpodobn\u011b nezp\u016fsobil nep\u0159\u00e1telskou palbou. List Telegraph s odvol\u00e1n\u00edm na zdroj z ministerstva obrany uvedl, \u017ee se jedn\u00e1 o prvn\u00ed ofici\u00e1ln\u00ed ob\u011b\u0165 britsk\u00e9 arm\u00e1dy na Ukrajin\u011b.<\/span><\/p>\n<p data-start=\"905\" data-end=\"1050\" data-is-last-node=\"\" data-is-only-node=\"\"><span dir=\"auto\">Premi\u00e9r Keir Starmer vyj\u00e1d\u0159il soustrast rodin\u011b padl\u00e9ho voj\u00e1ka.\u00a0<\/span><em><span dir=\"auto\">\u201eJejich slu\u017eba a ob\u011b\u0165 nebudou nikdy zapomenuty,\u201c<\/span><\/em><span dir=\"auto\">\u00a0napsal na X.<\/span><\/p>\n<p data-start=\"905\" data-end=\"1050\" data-is-last-node=\"\" data-is-only-node=\"\"><span dir=\"auto\">Spojen\u00e9 kr\u00e1lovstv\u00ed loni p\u0159iznalo, \u017ee na Ukrajin\u011b slou\u017e\u00ed\u00a0<\/span><em><span dir=\"auto\">\u201emal\u00fd po\u010det voj\u00e1k\u016f\u201c<\/span><\/em><span dir=\"auto\">\u00a0v podp\u016frn\u00e9 roli. Lond\u00fdn je jedn\u00edm z hlavn\u00edch dodavatel\u016f zbran\u00ed pro Kyjev a v r\u00e1mci britsk\u00e9 operace Interflex bylo vycvi\u010deno v\u00edce ne\u017e 56 000 ukrajinsk\u00fdch voj\u00e1k\u016f.<\/span><\/p>\n<p data-start=\"905\" data-end=\"1050\" data-is-last-node=\"\" data-is-only-node=\"\"><span dir=\"auto\">Rusko tvrd\u00ed, \u017ee dod\u00e1vky z\u00e1padn\u00edch zbran\u00ed a v\u00fdcvikov\u00e9 programy \u010din\u00ed z t\u011bchto zem\u00ed de facto \u00fa\u010dastn\u00edky konfliktu. Moskva uvedla, \u017ee s jak\u00fdmikoli zahrani\u010dn\u00edmi jednotkami na ukrajinsk\u00e9 p\u016fd\u011b bude zach\u00e1zet jako s legitimn\u00edmi c\u00edli.<\/span><\/p>\n<p data-start=\"64\" data-end=\"162\" data-is-last-node=\"\" data-is-only-node=\"\"><span dir=\"auto\">Podle den\u00edku The Telegraph zem\u0159elo od roku 2022 v boj\u00edch za Ukrajinu nejm\u00e9n\u011b 40 ob\u010dan\u016f Spojen\u00e9ho kr\u00e1lovstv\u00ed.<\/span><\/p>\n<p data-start=\"64\" data-end=\"162\" data-is-last-node=\"\" data-is-only-node=\"\"><img decoding=\"async\" loading=\"lazy\" class=\"alignnone size-full wp-image-1185\" src=\"http:\/\/www.infokuryr.cz\/n\/wp-content\/uploads\/2021\/04\/kuryr-podpis.png\" alt=\"\" width=\"84\" height=\"24\" \/><\/p>\n<p data-start=\"64\" data-end=\"162\" data-is-last-node=\"\" data-is-only-node=\"\">\n","protected":false},"excerpt":{"rendered":"<p>Ministerstvo obrany uvedlo, \u017ee voj\u00e1k zem\u0159el p\u0159i \u201enehod\u011b\u201c p\u0159i pozorov\u00e1n\u00ed zkou\u0161ky zbran\u00ed Britsk\u00e9 ministerstvo obrany&#8230;<\/p>\n","protected":false},"author":2,"featured_media":94294,"comment_status":"closed","ping_status":"closed","sticky":false,"template":"","format":"standard","meta":[],"categories":[7],"tags":[2209,26,1600,5004],"_links":{"self":[{"href":"https:\/\/www.infokuryr.cz\/n\/wp-json\/wp\/v2\/posts\/94293"}],"collection":[{"href":"https:\/\/www.infokuryr.cz\/n\/wp-json\/wp\/v2\/posts"}],"about":[{"href":"https:\/\/www.infokuryr.cz\/n\/wp-json\/wp\/v2\/types\/post"}],"author":[{"embeddable":true,"href":"https:\/\/www.infokuryr.cz\/n\/wp-json\/wp\/v2\/users\/2"}],"replies":[{"embeddable":true,"href":"https:\/\/www.infokuryr.cz\/n\/wp-json\/wp\/v2\/comments?post=94293"}],"version-history":[{"count":0,"href":"https:\/\/www.infokuryr.cz\/n\/wp-json\/wp\/v2\/posts\/94293\/revisions"}],"wp:featuredmedia":[{"embeddable":true,"href":"https:\/\/www.infokuryr.cz\/n\/wp-json\/wp\/v2\/media\/94294"}],"wp:attachment":[{"href":"https:\/\/www.infokuryr.cz\/n\/wp-json\/wp\/v2\/media?parent=94293"}],"wp:term":[{"taxonomy":"category","embeddable":true,"href":"https:\/\/www.infokuryr.cz\/n\/wp-json\/wp\/v2\/categories?post=94293"},{"taxonomy":"post_tag","embeddable":true,"href":"https:\/\/www.infokuryr.cz\/n\/wp-json\/wp\/v2\/tags?post=94293"}],"curies":[{"name":"wp","href":"https:\/\/api.w.org\/{rel}","templated":true}]}}