{"id":94290,"date":"2025-12-10T06:22:39","date_gmt":"2025-12-10T05:22:39","guid":{"rendered":"https:\/\/www.infokuryr.cz\/n\/?p=94290"},"modified":"2025-12-10T06:22:39","modified_gmt":"2025-12-10T05:22:39","slug":"osn-odsuzuje-izraelsky-utok-na-palestinskou-agenturu-pro-uprchliky","status":"publish","type":"post","link":"https:\/\/www.infokuryr.cz\/n\/2025\/12\/10\/osn-odsuzuje-izraelsky-utok-na-palestinskou-agenturu-pro-uprchliky\/","title":{"rendered":"OSN odsuzuje izraelsk\u00fd \u00fatok na palestinskou agenturu pro uprchl\u00edky"},"content":{"rendered":"<div id=\"fb-root\"><\/div>\n<h3>Policie vzty\u010dila izraelskou vlajku nad kancel\u00e1\u0159\u00ed mezin\u00e1rodn\u00ed organizace ve v\u00fdchodn\u00edm Jeruzal\u00e9m\u011b<\/h3>\n<p data-start=\"175\" data-end=\"424\"><span dir=\"auto\">OSN odsoudila izraelsk\u00fd \u00fatok na s\u00eddlo agentury organizace pro palestinsk\u00e9 uprchl\u00edky ve v\u00fdchodn\u00edm Jeruzal\u00e9m\u011b.<\/span><\/p>\n<p data-start=\"555\" data-end=\"850\"><span dir=\"auto\">Podle den\u00edku Times of Israel vstoupili policist\u00e9 a da\u0148ov\u00ed \u00fa\u0159edn\u00edci v pond\u011bl\u00ed do kancel\u00e1\u0159e UNRWA v r\u00e1mci operace, kterou popsali jako zabavov\u00e1n\u00ed majetku kv\u016fli nezaplacen\u00e9 dani z obecn\u00edho majetku. \u0160\u00e9f UNRWA Philippe Lazzarini uvedl, \u017ee \u00fa\u0159edn\u00edci zabavili\u00a0<\/span><em><span dir=\"auto\">\u201en\u00e1bytek, IT vybaven\u00ed a dal\u0161\u00ed majetek\u201c.<\/span><\/em><\/p>\n<p data-start=\"852\" data-end=\"942\"><span dir=\"auto\">B\u011bhem razie policie odstranila vlajku OSN a nad komplexem vzty\u010dila izraelskou vlajku.<\/span><\/p>\n<p data-start=\"944\" data-end=\"1334\"><em><span dir=\"auto\">\u201eV\u010derej\u0161\u00ed \u00fatok na komplex UNRWA ve v\u00fdchodn\u00edm Jeruzal\u00e9m\u011b izraelskou polici\u00ed a p\u0159evzet\u00ed kontroly \u2013 v\u010detn\u011b nahrazen\u00ed vlajky OSN izraelskou \u2013 vytv\u00e1\u0159\u00ed nebezpe\u010dn\u00fd precedent,\u201c<\/span><\/em><span dir=\"auto\">\u00a0napsal Lazzarini v \u00fater\u00fd na X.\u00a0<\/span><em><span dir=\"auto\">\u201eToto by m\u011blo b\u00fdt varovn\u00fdm sign\u00e1lem. Co se dnes stane UNRWA, se m\u016f\u017ee z\u00edtra st\u00e1t jak\u00e9koli jin\u00e9 mezin\u00e1rodn\u00ed organizaci nebo diplomatick\u00e9 misi po cel\u00e9m sv\u011bt\u011b,\u201c<\/span><\/em><span dir=\"auto\">\u00a0dodal.<\/span><\/p>\n<div class=\"rtcode\">\n<div class=\"twitter-tweet twitter-tweet-rendered\"><iframe id=\"twitter-widget-0\" class=\"\" title=\"X P\u0159\u00edsp\u011bvek\" src=\"https:\/\/platform.twitter.com\/embed\/Tweet.html?creatorScreenName=RT_com&amp;dnt=false&amp;embedId=twitter-widget-0&amp;features=eyJ0ZndfdGltZWxpbmVfbGlzdCI6eyJidWNrZXQiOltdLCJ2ZXJzaW9uIjpudWxsfSwidGZ3X2ZvbGxvd2VyX2NvdW50X3N1bnNldCI6eyJidWNrZXQiOnRydWUsInZlcnNpb24iOm51bGx9LCJ0ZndfdHdlZXRfZWRpdF9iYWNrZW5kIjp7ImJ1Y2tldCI6Im9uIiwidmVyc2lvbiI6bnVsbH0sInRmd19yZWZzcmNfc2Vzc2lvbiI6eyJidWNrZXQiOiJvbiIsInZlcnNpb24iOm51bGx9LCJ0ZndfZm9zbnJfc29mdF9pbnRlcnZlbnRpb25zX2VuYWJsZWQiOnsiYnVja2V0Ijoib24iLCJ2ZXJzaW9uIjpudWxsfSwidGZ3X21peGVkX21lZGlhXzE1ODk3Ijp7ImJ1Y2tldCI6InRyZWF0bWVudCIsInZlcnNpb24iOm51bGx9LCJ0ZndfZXhwZXJpbWVudHNfY29va2llX2V4cGlyYXRpb24iOnsiYnVja2V0IjoxMjA5NjAwLCJ2ZXJzaW9uIjpudWxsfSwidGZ3X3Nob3dfYmlyZHdhdGNoX3Bpdm90c19lbmFibGVkIjp7ImJ1Y2tldCI6Im9uIiwidmVyc2lvbiI6bnVsbH0sInRmd19kdXBsaWNhdGVfc2NyaWJlc190b19zZXR0aW5ncyI6eyJidWNrZXQiOiJvbiIsInZlcnNpb24iOm51bGx9LCJ0ZndfdXNlX3Byb2ZpbGVfaW1hZ2Vfc2hhcGVfZW5hYmxlZCI6eyJidWNrZXQiOiJvbiIsInZlcnNpb24iOm51bGx9LCJ0ZndfdmlkZW9faGxzX2R5bmFtaWNfbWFuaWZlc3RzXzE1MDgyIjp7ImJ1Y2tldCI6InRydWVfYml0cmF0ZSIsInZlcnNpb24iOm51bGx9LCJ0ZndfbGVnYWN5X3RpbWVsaW5lX3N1bnNldCI6eyJidWNrZXQiOnRydWUsInZlcnNpb24iOm51bGx9LCJ0ZndfdHdlZXRfZWRpdF9mcm9udGVuZCI6eyJidWNrZXQiOiJvbiIsInZlcnNpb24iOm51bGx9fQ%3D%3D&amp;frame=false&amp;hideCard=false&amp;hideThread=false&amp;id=1997994089740996808&amp;lang=cs&amp;maxWidth=560px&amp;origin=https%3A%2F%2Fwww.rt.com%2Fnews%2F629244-israel-raids-un-office%2F&amp;sessionId=e16251e1be40268b1420a3167cfb9fcfd9816ae9&amp;siteScreenName=RT_com&amp;theme=light&amp;widgetsVersion=2615f7e52b7e0%3A1702314776716&amp;width=550px\" frameborder=\"0\" scrolling=\"no\" allowfullscreen=\"allowfullscreen\" data-tweet-id=\"1997994089740996808\" data-mce-fragment=\"1\"><\/iframe><\/div>\n<\/div>\n<p data-start=\"1336\" data-end=\"1487\"><span dir=\"auto\">Gener\u00e1ln\u00ed tajemn\u00edk OSN Ant\u00f3nio Guterres operaci odsoudil s t\u00edm, \u017ee \u00fa\u0159ady OSN jsou\u00a0<\/span><em><span dir=\"auto\">\u201enedotknuteln\u00e9 a imunn\u00ed v\u016f\u010di jak\u00e9koli jin\u00e9 form\u011b vm\u011b\u0161ov\u00e1n\u00ed\u201c.<\/span><\/em><\/p>\n<p data-start=\"1489\" data-end=\"1636\"><span dir=\"auto\">Izrael zak\u00e1zal \u010dinnost UNRWA v \u0159\u00edjnu 2024 a obvinil agenturu z tajn\u00e9 pomoci a kryt\u00ed Ham\u00e1su \u2013 toto obvin\u011bn\u00ed OSN pop\u00edr\u00e1.<\/span><\/p>\n<p data-start=\"1638\" data-end=\"2093\"><span dir=\"auto\">M\u00edstostarosta Jeruzal\u00e9ma Arieh King \u00fatok obhajoval s t\u00edm, \u017ee UNRWA nesm\u00ed p\u016fsobit ve v\u00fdchodn\u00edm Jeruzal\u00e9m\u011b, kter\u00fd OSN pova\u017euje za okupovan\u00e9 palestinsk\u00e9 \u00fazem\u00ed.\u00a0<\/span><em><span dir=\"auto\">\u201ePokud je to protipr\u00e1vn\u00ed, mus\u00ed b\u00fdt z\u00e1kon vym\u00e1h\u00e1n,\u201c<\/span><\/em><span dir=\"auto\">\u00a0\u0159ekl King izraelsk\u00e9 tiskov\u00e9 slu\u017eb\u011b. Dodal, \u017ee\u00a0<\/span><em><span dir=\"auto\">\u201elid\u00e9 si mus\u00ed pamatovat, \u017ee UNRWA se pod\u00edlela na teroristick\u00e9m \u00fatoku a masakrech ze 7. \u0159\u00edjna\u201c,<\/span><\/em><span dir=\"auto\">\u00a0s odkazem na \u00fatok Ham\u00e1su v roce 2023, kter\u00fd spustil v\u00e1lku v Gaze.<\/span><\/p>\n<p data-start=\"2095\" data-end=\"2307\" data-is-last-node=\"\" data-is-only-node=\"\"><span dir=\"auto\">A\u010dkoli OSN odm\u00edt\u00e1 \u0161ir\u0161\u00ed tvrzen\u00ed Izraele, \u017ee agentura byla\u00a0<\/span><em><span dir=\"auto\">\u201einfiltrov\u00e1na Ham\u00e1sem\u201c,<\/span><\/em><span dir=\"auto\">\u00a0jej\u00ed vlastn\u00ed vy\u0161et\u0159ov\u00e1n\u00ed z roku 2024 dosp\u011blo k z\u00e1v\u011bru, \u017ee do \u00fatoku ze 7. \u0159\u00edjna mohlo b\u00fdt zapojeno nejm\u00e9n\u011b dev\u011bt zam\u011bstnanc\u016f UNRWA.<\/span><\/p>\n<p data-start=\"2095\" data-end=\"2307\" data-is-last-node=\"\" data-is-only-node=\"\"><img decoding=\"async\" loading=\"lazy\" class=\"alignnone size-full wp-image-1185\" src=\"http:\/\/www.infokuryr.cz\/n\/wp-content\/uploads\/2021\/04\/kuryr-podpis.png\" alt=\"\" width=\"84\" height=\"24\" \/><\/p>\n<p data-start=\"2095\" data-end=\"2307\" data-is-last-node=\"\" data-is-only-node=\"\">\n","protected":false},"excerpt":{"rendered":"<p>Policie vzty\u010dila izraelskou vlajku nad kancel\u00e1\u0159\u00ed mezin\u00e1rodn\u00ed organizace ve v\u00fdchodn\u00edm Jeruzal\u00e9m\u011b OSN odsoudila izraelsk\u00fd \u00fatok&#8230;<\/p>\n","protected":false},"author":2,"featured_media":94291,"comment_status":"closed","ping_status":"closed","sticky":false,"template":"","format":"standard","meta":[],"categories":[7],"tags":[107,186,2568],"_links":{"self":[{"href":"https:\/\/www.infokuryr.cz\/n\/wp-json\/wp\/v2\/posts\/94290"}],"collection":[{"href":"https:\/\/www.infokuryr.cz\/n\/wp-json\/wp\/v2\/posts"}],"about":[{"href":"https:\/\/www.infokuryr.cz\/n\/wp-json\/wp\/v2\/types\/post"}],"author":[{"embeddable":true,"href":"https:\/\/www.infokuryr.cz\/n\/wp-json\/wp\/v2\/users\/2"}],"replies":[{"embeddable":true,"href":"https:\/\/www.infokuryr.cz\/n\/wp-json\/wp\/v2\/comments?post=94290"}],"version-history":[{"count":0,"href":"https:\/\/www.infokuryr.cz\/n\/wp-json\/wp\/v2\/posts\/94290\/revisions"}],"wp:featuredmedia":[{"embeddable":true,"href":"https:\/\/www.infokuryr.cz\/n\/wp-json\/wp\/v2\/media\/94291"}],"wp:attachment":[{"href":"https:\/\/www.infokuryr.cz\/n\/wp-json\/wp\/v2\/media?parent=94290"}],"wp:term":[{"taxonomy":"category","embeddable":true,"href":"https:\/\/www.infokuryr.cz\/n\/wp-json\/wp\/v2\/categories?post=94290"},{"taxonomy":"post_tag","embeddable":true,"href":"https:\/\/www.infokuryr.cz\/n\/wp-json\/wp\/v2\/tags?post=94290"}],"curies":[{"name":"wp","href":"https:\/\/api.w.org\/{rel}","templated":true}]}}