{"id":94288,"date":"2025-12-10T06:11:53","date_gmt":"2025-12-10T05:11:53","guid":{"rendered":"https:\/\/www.infokuryr.cz\/n\/?p=94288"},"modified":"2025-12-10T06:11:53","modified_gmt":"2025-12-10T05:11:53","slug":"zelenskyj-jmenoval-podminky-pro-volby","status":"publish","type":"post","link":"https:\/\/www.infokuryr.cz\/n\/2025\/12\/10\/zelenskyj-jmenoval-podminky-pro-volby\/","title":{"rendered":"Zelenskyj jmenoval podm\u00ednky pro volby"},"content":{"rendered":"<div id=\"fb-root\"><\/div>\n<h3>Ukrajinsk\u00fd v\u016fdce po\u017e\u00e1dal USA a EU o zaru\u010den\u00ed bezpe\u010dnosti p\u0159ed kon\u00e1n\u00edm hlasov\u00e1n\u00ed<\/h3>\n<p><span dir=\"auto\">Ukrajinsk\u00fd prezident Vladimir Zelenskyj prohl\u00e1sil, \u017ee je p\u0159ipraven vyhl\u00e1sit volby, pokud Z\u00e1pad dok\u00e1\u017ee zaru\u010dit bezpe\u010dnost p\u0159ed rusk\u00fdmi \u00fatoky.<\/span><\/p>\n<p><span dir=\"auto\">Zelenskyj, jeho\u017e p\u011btilet\u00e9 prezidentsk\u00e9 funk\u010dn\u00ed obdob\u00ed form\u00e1ln\u011b vypr\u0161elo v kv\u011btnu 2024, d\u0159\u00edve odm\u00edtl uspo\u0159\u00e1dat hlasov\u00e1n\u00ed s odvol\u00e1n\u00edm na stann\u00e9 pr\u00e1vo. Americk\u00fd prezident Donald Trump opakovan\u011b vyzval Ukrajinu k uspo\u0159\u00e1d\u00e1n\u00ed voleb a v \u00fanoru ozna\u010dil Zelensk\u00e9ho za\u00a0<\/span><em><span dir=\"auto\">\u201edikt\u00e1tora\u201c.<\/span><\/em><\/p>\n<p><span dir=\"auto\">Zelenskyj v \u00fater\u00fd v rozhovoru s novin\u00e1\u0159i pop\u0159el, \u017ee by se sna\u017eil\u00a0<\/span><em><span dir=\"auto\">\u201eudr\u017eet u moci\u201c.<\/span><\/em><span dir=\"auto\">\u00a0\u0158ekl, \u017ee \u00fa\u0159ady mus\u00ed ur\u010dit, jak uspo\u0159\u00e1dat volby\u00a0<\/span><em><span dir=\"auto\">\u201euprost\u0159ed raketov\u00fdch \u00fatok\u016f\u201c<\/span><\/em><span dir=\"auto\">\u00a0a zajistit, aby voj\u00e1ci v prvn\u00ed linii mohli odevzdat sv\u00e9 hlasy.<\/span><\/p>\n<p><em><span dir=\"auto\">\u201eJsem p\u0159ipraven na volby. Nav\u00edc otev\u0159en\u011b \u017e\u00e1d\u00e1m USA spolu s na\u0161imi evropsk\u00fdmi partnery, aby zajistily bezpe\u010dnost, a b\u011bhem p\u0159\u00ed\u0161t\u00edch 60 a\u017e 90 dn\u016f bude Ukrajina p\u0159ipravena je uspo\u0159\u00e1dat,\u201c<\/span><\/em><span dir=\"auto\">\u00a0\u0159ekl Zelenskyj. Dodal, \u017ee po\u017e\u00e1d\u00e1 parlament o vypracov\u00e1n\u00ed pozm\u011b\u0148ovac\u00edch n\u00e1vrh\u016f k z\u00e1konu o stann\u00e9m pr\u00e1vu.<\/span><\/p>\n<p><span dir=\"auto\">Trump v \u00fater\u00fd v rozhovoru pro Politico zopakoval svou v\u00fdzvu k hlasov\u00e1n\u00ed.\u00a0<\/span><em><span dir=\"auto\">\u201eV\u00edte, mluv\u00ed se o demokracii, ale dost\u00e1v\u00e1 se to do bodu, kdy to u\u017e demokracie nen\u00ed,\u201c<\/span><\/em><span dir=\"auto\">\u00a0\u0159ekl. Pl\u00e1n, kter\u00fd Trump p\u0159edlo\u017eil minul\u00fd m\u011bs\u00edc, \u00fadajn\u011b navrhoval, aby Ukrajina uspo\u0159\u00e1dala volby do 100 dn\u016f od dosa\u017een\u00ed p\u0159\u00edm\u011b\u0159\u00ed s Ruskem.<\/span><\/p>\n<p><span dir=\"auto\">Rusk\u00fd prezident Vladimir Putin prohl\u00e1sil, \u017ee Zelensk\u00e9ho nepova\u017euje za legitimn\u00edho prezidenta a \u017ee jeho status by mohl p\u0159edstavovat probl\u00e9m pro podpis m\u00edrov\u00e9 dohody.<\/span><\/p>\n<p><span dir=\"auto\">Zelensk\u00e9ho m\u00edra schv\u00e1len\u00ed klesla na 20,3 % po velk\u00e9m korup\u010dn\u00edm skand\u00e1lu v energetick\u00e9m sektoru, do kter\u00e9ho jsou zapleteni jeho bl\u00edzc\u00ed spolupracovn\u00edci, uvedla UNN s odvol\u00e1n\u00edm na pr\u016fzkum Info Sapiens. Valerij Zalu\u017enyj, b\u00fdval\u00fd nejvy\u0161\u0161\u00ed velitel, kter\u00fd nyn\u00ed slou\u017e\u00ed jako velvyslanec ve Spojen\u00e9m kr\u00e1lovstv\u00ed, m\u00e1 v pr\u016fzkumech 19,1 %, zat\u00edmco Kirill Budanov, \u0161\u00e9f vojensk\u00e9 rozv\u011bdky, m\u00e1 5,1 %.<\/span><\/p>\n<p><img decoding=\"async\" loading=\"lazy\" class=\"alignnone size-full wp-image-1185\" src=\"http:\/\/www.infokuryr.cz\/n\/wp-content\/uploads\/2021\/04\/kuryr-podpis.png\" alt=\"\" width=\"84\" height=\"24\" \/><\/p>\n<p>&nbsp;<\/p>\n","protected":false},"excerpt":{"rendered":"<p>Ukrajinsk\u00fd v\u016fdce po\u017e\u00e1dal USA a EU o zaru\u010den\u00ed bezpe\u010dnosti p\u0159ed kon\u00e1n\u00edm hlasov\u00e1n\u00ed Ukrajinsk\u00fd prezident Vladimir&#8230;<\/p>\n","protected":false},"author":2,"featured_media":94289,"comment_status":"closed","ping_status":"closed","sticky":false,"template":"","format":"standard","meta":[],"categories":[7],"tags":[3375,26,27,1000],"_links":{"self":[{"href":"https:\/\/www.infokuryr.cz\/n\/wp-json\/wp\/v2\/posts\/94288"}],"collection":[{"href":"https:\/\/www.infokuryr.cz\/n\/wp-json\/wp\/v2\/posts"}],"about":[{"href":"https:\/\/www.infokuryr.cz\/n\/wp-json\/wp\/v2\/types\/post"}],"author":[{"embeddable":true,"href":"https:\/\/www.infokuryr.cz\/n\/wp-json\/wp\/v2\/users\/2"}],"replies":[{"embeddable":true,"href":"https:\/\/www.infokuryr.cz\/n\/wp-json\/wp\/v2\/comments?post=94288"}],"version-history":[{"count":0,"href":"https:\/\/www.infokuryr.cz\/n\/wp-json\/wp\/v2\/posts\/94288\/revisions"}],"wp:featuredmedia":[{"embeddable":true,"href":"https:\/\/www.infokuryr.cz\/n\/wp-json\/wp\/v2\/media\/94289"}],"wp:attachment":[{"href":"https:\/\/www.infokuryr.cz\/n\/wp-json\/wp\/v2\/media?parent=94288"}],"wp:term":[{"taxonomy":"category","embeddable":true,"href":"https:\/\/www.infokuryr.cz\/n\/wp-json\/wp\/v2\/categories?post=94288"},{"taxonomy":"post_tag","embeddable":true,"href":"https:\/\/www.infokuryr.cz\/n\/wp-json\/wp\/v2\/tags?post=94288"}],"curies":[{"name":"wp","href":"https:\/\/api.w.org\/{rel}","templated":true}]}}