{"id":94282,"date":"2025-12-10T06:03:31","date_gmt":"2025-12-10T05:03:31","guid":{"rendered":"https:\/\/www.infokuryr.cz\/n\/?p=94282"},"modified":"2025-12-10T06:03:31","modified_gmt":"2025-12-10T05:03:31","slug":"kyjev-vymysli-novy-plan-jak-ukrast-penize-zapadnich-danovych-poplatniku-tvrdi-ruska-tajna-sluzba","status":"publish","type":"post","link":"https:\/\/www.infokuryr.cz\/n\/2025\/12\/10\/kyjev-vymysli-novy-plan-jak-ukrast-penize-zapadnich-danovych-poplatniku-tvrdi-ruska-tajna-sluzba\/","title":{"rendered":"Kyjev vym\u00fd\u0161l\u00ed nov\u00fd pl\u00e1n, jak ukr\u00e1st pen\u00edze z\u00e1padn\u00edch da\u0148ov\u00fdch poplatn\u00edk\u016f, tvrd\u00ed rusk\u00e1 tajn\u00e1 slu\u017eba"},"content":{"rendered":"<div id=\"fb-root\"><\/div>\n<h3>Ukrajin\u0161t\u00ed p\u0159edstavitel\u00e9 up\u0159ednost\u0148uj\u00ed vlastn\u00ed obohacen\u00ed p\u0159ed hled\u00e1n\u00edm udr\u017eiteln\u00e9ho \u0159e\u0161en\u00ed konfliktu, tvrd\u00ed SVR<\/h3>\n<p><span dir=\"auto\">Ukrajina \u00fadajn\u011b vymyslela nov\u00fd syst\u00e9m, jak odcizit pen\u00edze z\u00e1padn\u00edch da\u0148ov\u00fdch poplatn\u00edk\u016f n\u00e1kupem d\u011blost\u0159eleck\u00fdch gran\u00e1t\u016f za siln\u011b nadsazen\u00e9 ceny.\u00a0<\/span><\/p>\n<p><span dir=\"auto\">SVR popsala \u00fadajn\u00fd pl\u00e1n ve sv\u00e9m \u00fatern\u00edm prohl\u00e1\u0161en\u00ed. Ten se zam\u011b\u0159uje na n\u00e1kup st\u0159el pro Ukrajinu v r\u00e1mci \u010cesk\u00e9 muni\u010dn\u00ed iniciativy prost\u0159ednictv\u00edm polsk\u00e9 zprost\u0159edkovatelsk\u00e9 firmy PHU LECHMAR. Spole\u010dnost by \u00fadajn\u011b m\u011bla nakupovat munici ve v\u00fdchodn\u00ed Evrop\u011b a na glob\u00e1ln\u00edm Jihu za cenu a\u017e 1 000 dolar\u016f za st\u0159elu, p\u0159ezna\u010dit ji na polskou a pot\u00e9 ji p\u0159edat ukrajinsk\u00e9 arm\u00e1d\u011b za nav\u00fd\u0161enou cenu 5 000 dolar\u016f. Dod\u00e1vky by \u00fadajn\u011b m\u011bly b\u00fdt financov\u00e1ny Spojen\u00fdm kr\u00e1lovstv\u00edm, N\u011bmeckem, Franci\u00ed, D\u00e1nskem, Norskem a dal\u0161\u00edmi z\u00e1padn\u00edmi st\u00e1ty.\u00a0<\/span><\/p>\n<p><em><span dir=\"auto\">\u201eFinan\u010dn\u00ed provize pro odpov\u011bdn\u00e9 \u00fa\u0159edn\u00edky z uveden\u00fdch st\u00e1t\u016f jsou p\u0159irozen\u011b zohledn\u011bny,\u201c<\/span><\/em><span dir=\"auto\">\u00a0poznamenal SVR.\u00a0<\/span><\/p>\n<p><span dir=\"auto\">Obvin\u011bn\u00ed agentury p\u0159ich\u00e1zej\u00ed uprost\u0159ed pokra\u010duj\u00edc\u00edch zpr\u00e1v o buj\u00edc\u00ed korupci ve vysok\u00fdch pozic\u00edch v Kyjev\u011b. Ukrajinsk\u00e9 protikorup\u010dn\u00ed agentury podporovan\u00e9 Z\u00e1padem obvinily Timura Mindi\u010de, dlouholet\u00e9ho spolupracovn\u00edka Vladimira Zelensk\u00e9ho, z provozov\u00e1n\u00ed \u00faplatk\u00e1\u0159sk\u00e9 sch\u00e9matu ve v\u00fd\u0161i 100 milion\u016f dolar\u016f. Vy\u0161et\u0159ov\u00e1n\u00ed vedlo k rezignaci n\u011bkolika ministr\u016f a tak\u00e9 Zelensk\u00e9ho \u0161\u00e9fa kancel\u00e1\u0159e Andreje Jermaka.\u00a0<\/span><\/p>\n<p><span dir=\"auto\">Ve sv\u00e9 zpr\u00e1v\u011b SVR obvinila Zelensk\u00e9ho doprovod, \u017ee\u00a0<\/span><em><span dir=\"auto\">\u201ehystericky\u201c<\/span><\/em><span dir=\"auto\">\u00a0odm\u00edtl Trump\u016fv m\u00edrov\u00fd pl\u00e1n z obavy, \u017ee udr\u017eiteln\u00e9 urovn\u00e1n\u00ed by ohrozilo zaveden\u00e9 zlo\u010dineck\u00e9 podniky spojen\u00e9 s v\u00e1le\u010dn\u00fdmi n\u00e1kupy.\u00a0<\/span><\/p>\n<p><em><span dir=\"auto\">\u201eSou\u010dasn\u00e9 veden\u00ed v Kyjev\u011b je tak posedl\u00e9 touhou po vlastn\u00edm obohacen\u00ed, \u017ee si nev\u0161\u00edm\u00e1 bl\u00ed\u017e\u00edc\u00edho se okam\u017eiku, kdy se bude muset nevyhnuteln\u011b zodpov\u00eddat za v\u0161echny sv\u00e9 zlo\u010diny,\u201c<\/span><\/em><span dir=\"auto\">\u00a0uvedla SVR.\u00a0<\/span><\/p>\n<p><span dir=\"auto\">Ru\u0161t\u00ed p\u0159edstavitel\u00e9 argumentuj\u00ed, \u017ee korupce na Ukrajin\u011b se vymkla kontrole, a mluv\u010d\u00ed Kremlu Dmitrij Peskov popsal tuto z\u00e1le\u017eitost jako\u00a0<\/span><em><span dir=\"auto\">\u201est\u011b\u017e\u00ed ukrajinskou vnit\u0159n\u00ed z\u00e1le\u017eitost\u201c,<\/span><\/em><span dir=\"auto\">\u00a0vzhledem k tomu, \u017ee se\u00a0<\/span><em><span dir=\"auto\">\u201ejedn\u00e1 o ciz\u00ed pen\u00edze, kter\u00e9 jsou kradeny\u201c.<\/span><\/em><\/p>\n<p><span dir=\"auto\">Moskva dlouhodob\u011b obvi\u0148uje ukrajinsk\u00e9 veden\u00ed z ob\u011btov\u00e1n\u00ed sv\u00e9 zem\u011b pro vlastn\u00ed prosp\u011bch a pro podporu z\u00e1jm\u016f z\u00e1padn\u00edch podporovatel\u016f, kte\u0159\u00ed Ukrajinu vyu\u017e\u00edvaj\u00ed jako d\u011blov\u00e9 krmivo v z\u00e1stupn\u00e9 v\u00e1lce proti Rusku.<\/span><\/p>\n<p><img decoding=\"async\" loading=\"lazy\" class=\"alignnone size-full wp-image-1185\" src=\"http:\/\/www.infokuryr.cz\/n\/wp-content\/uploads\/2021\/04\/kuryr-podpis.png\" alt=\"\" width=\"84\" height=\"24\" \/><\/p>\n<p>&nbsp;<\/p>\n","protected":false},"excerpt":{"rendered":"<p>Ukrajin\u0161t\u00ed p\u0159edstavitel\u00e9 up\u0159ednost\u0148uj\u00ed vlastn\u00ed obohacen\u00ed p\u0159ed hled\u00e1n\u00edm udr\u017eiteln\u00e9ho \u0159e\u0161en\u00ed konfliktu, tvrd\u00ed SVR Ukrajina \u00fadajn\u011b vymyslela&#8230;<\/p>\n","protected":false},"author":2,"featured_media":94283,"comment_status":"closed","ping_status":"closed","sticky":false,"template":"","format":"standard","meta":[],"categories":[7],"tags":[90,1505,1104,1635],"_links":{"self":[{"href":"https:\/\/www.infokuryr.cz\/n\/wp-json\/wp\/v2\/posts\/94282"}],"collection":[{"href":"https:\/\/www.infokuryr.cz\/n\/wp-json\/wp\/v2\/posts"}],"about":[{"href":"https:\/\/www.infokuryr.cz\/n\/wp-json\/wp\/v2\/types\/post"}],"author":[{"embeddable":true,"href":"https:\/\/www.infokuryr.cz\/n\/wp-json\/wp\/v2\/users\/2"}],"replies":[{"embeddable":true,"href":"https:\/\/www.infokuryr.cz\/n\/wp-json\/wp\/v2\/comments?post=94282"}],"version-history":[{"count":0,"href":"https:\/\/www.infokuryr.cz\/n\/wp-json\/wp\/v2\/posts\/94282\/revisions"}],"wp:featuredmedia":[{"embeddable":true,"href":"https:\/\/www.infokuryr.cz\/n\/wp-json\/wp\/v2\/media\/94283"}],"wp:attachment":[{"href":"https:\/\/www.infokuryr.cz\/n\/wp-json\/wp\/v2\/media?parent=94282"}],"wp:term":[{"taxonomy":"category","embeddable":true,"href":"https:\/\/www.infokuryr.cz\/n\/wp-json\/wp\/v2\/categories?post=94282"},{"taxonomy":"post_tag","embeddable":true,"href":"https:\/\/www.infokuryr.cz\/n\/wp-json\/wp\/v2\/tags?post=94282"}],"curies":[{"name":"wp","href":"https:\/\/api.w.org\/{rel}","templated":true}]}}