{"id":9428,"date":"2022-04-02T05:23:48","date_gmt":"2022-04-02T03:23:48","guid":{"rendered":"http:\/\/www.infokuryr.cz\/n\/?p=9428"},"modified":"2022-04-09T05:25:14","modified_gmt":"2022-04-09T03:25:14","slug":"jiri-vyvadil-prvni-ovoce-totalni-valky-zapadu-proti-rusku","status":"publish","type":"post","link":"https:\/\/www.infokuryr.cz\/n\/2022\/04\/02\/jiri-vyvadil-prvni-ovoce-totalni-valky-zapadu-proti-rusku\/","title":{"rendered":"Ji\u0159\u00ed Vyvadil: Prvn\u00ed ovoce tot\u00e1ln\u00ed v\u00e1lky Z\u00e1padu proti Rusku\u2026"},"content":{"rendered":"<div id=\"fb-root\"><\/div>\n<div class=\"perex\">N\u00e1zev tot\u00e1ln\u00ed v\u00e1lka Z\u00e1padu proti Rusku nevymysleli progresivisti\u010dt\u00ed novin\u00e1\u0159i, ale \u0161\u0165astn\u00ed francouz\u0161t\u00ed minist\u0159i zahrani\u010d\u00ed a financ\u00ed Jean-Yves Le Drian a Bruno le Maire. Pozd\u011bji n\u00e1zev s radost\u00ed uchopil americk\u00fd prezident Jo Biden a u\u010dinil \u00fadern\u00fdm kladivem sv\u00e9 r\u00e9toriky. Jo Biden st\u00e1le po p\u016fl procentu kles\u00e1 a mimochodem i Emanuel Macron tak\u00e9 ve vztahu k Marine le Pen po za\u010d\u00e1tku konfliktu na Ukrajin\u011b ztr\u00e1c\u00ed dech. Nev\u00edm, jestli d\u011blaj\u00ed dob\u0159e. Ale a\u0165 tak \u010di onak, tak drtiv\u00e9 sankce v\u010detn\u011b bezprecetentn\u00edho zmra\u017een\u00ed devizov\u00fdch rezerv slo\u017een\u00fdch u zahrani\u010dn\u00edch bank tady je\u0161t\u011b nikdy nebyly a v sou\u010dasn\u00e9 dob\u011b je Rusko adres\u00e1tem nejv\u011bt\u0161\u00edho mno\u017estv\u00ed sankc\u00ed na sv\u011bt\u011b. Do toho p\u0159i\u0161lo masivn\u00ed odvol\u00e1v\u00e1n\u00ed velvyslanc\u016f a j\u00e1 nev\u00edm co je\u0161t\u011b\u2026<\/div>\n<div class=\"content\">\n<p>C\u00edle Z\u00e1padu jsou diferencovan\u00e9. USA ze sv\u00e9ho pohledu od po\u010d\u00e1tku spr\u00e1vn\u011b ch\u00e1pe, \u017ee kdy\u017e Rusko nez\u00edskalo p\u0159\u00edslib nep\u0159ipu\u0161t\u011bn\u00ed Ukrajiny a Gruzie coby \u010dlen\u016f NATO, nelze p\u0159ipustit, aby si vojenskou silou vynutilo stejn\u00fd v\u00fdsledek. A t\u00edm by v\u00a0o\u010d\u00edch z\u00e1padn\u00edch jest\u0159\u00e1b\u016f vlastn\u011b negovalo cel\u00e1 smysl roku 1991 a n\u00e1sleduj\u00edc\u00edch. Podobn\u011b by\u0165 zpo\u010d\u00e1tku m\u00e9n\u011b ost\u0159eji uva\u017eovaly i ostatn\u00ed z\u00e1padn\u00ed st\u00e1ty. Tedy ty st\u00e1ty, kter\u00e9 podle v\u00fd\u010dtu Ruska jsou nep\u0159\u00e1telsk\u00fdmi, za kter\u00e9 pokl\u00e1daj\u00ed st\u00e1ty, kter\u00e9 mu ulo\u017eily sankce, \u010dili jde o st\u00e1ty tzv. kolektivn\u00edho Z\u00e1padu. Geograficky a z\u0159ejm\u011b i v jist\u00e9m smyslu geopoliticky, mezi on\u011bmi 40 st\u00e1ty, nen\u00ed ani jeden z\u00a0Latinsk\u00e9 Ameriky, Bl\u00edzk\u00e9ho v\u00fdchodu, Afriky a z\u00a0hlediska Asie tam nejsou giganti typu v\u00edce ne\u017e miliardov\u00fdch a nav\u00edc \u00fasp\u011b\u0161n\u011b se rozv\u00edjej\u00edc\u00edch ekonomick\u00fdch supervelmoc\u00ed \u010c\u00edny i Indie, ale i dramaticky rozv\u00edjej\u00edc\u00edho stomili\u00f3nov\u00e9ho Vietnamu\u2026<\/p>\n<p>Tlak na \u010c\u00ednu i Indii ze strany USA byl a\u017e brut\u00e1ln\u00ed, aby se p\u0159ipojili k\u00a0honu na Rusko. Nepoddaly se\u2026Pozorovatel\u00e9 r\u016fzn\u011b vysv\u011btluj\u00ed jejich chov\u00e1n\u00ed jenom z\u00a0d\u016fvod\u016f ekonomiky. Jist\u011b, ta hraje svou \u00falohu a dod\u00e1vky surovin, mimochodem op\u011bt proti odporu USA, by\u0165 za zlevn\u011bn\u00fd pen\u00edz ukazuj\u00ed na to, \u017ee mimo Z\u00e1pad, jsou to USA a nikoliv Rusko, kdo je izolovan\u00fd.<\/p>\n<p>Nez\u00e1padn\u00ed sv\u011bt, \u010dili ta drtiv\u00e1 v\u011bt\u0161ina st\u00e1t\u016f sv\u011bta, kter\u00e1 rozhodn\u011b nen\u00ed v\u017edy zaostal\u00e1, nechce s\u00a0ohledem na tragick\u00e9 zku\u0161enosti kolonialismu, ale i historickou spolupr\u00e1ci se Sov\u011btsk\u00fdm svazem vym\u011bnit za celosv\u011btovou dominanci USA a Z\u00e1padu.<\/p>\n<p>A tak i kdy\u017e mlad\u00ed nez\u00e1padn\u00edho sv\u011bta jist\u011b sleduj\u00ed modern\u00ed proudy kultury Z\u00e1padu a sleduj\u00ed i Netflix, Rusko, jako rebel proti americk\u00e9 superdominanci, a \u010c\u00edna i Indie jako snad nejprogresivn\u011bj\u0161\u00ed ekonomiky sv\u011bta jsou \u017e\u00e1douc\u00edmi alternativami. Zubo\u017een\u00e9 Rusko by bylo por\u00e1\u017ekou nez\u00e1padn\u00edho sv\u011bta.<\/p>\n<p>Tak\u017ee to je prvn\u00ed \u201eskv\u011bl\u00fd v\u00fdsledek\u201c tot\u00e1ln\u00ed v\u00e1lky Z\u00e1padu proti Rusku\u2026<\/p>\n<p>Hlavn\u00edm c\u00edlem tot\u00e1ln\u00ed v\u00e1lky m\u011blo b\u00fdt, \u017ee Rusko bude natolik sankcemi zni\u010deno, \u017ee p\u0159estane bojovat. To, \u017ee p\u016fvodn\u00ed rozsah operace zcela zjevn\u011b neusp\u011bl je z\u0159ejm\u00e9. Ale jist\u011b to nen\u00ed kv\u016fli sankc\u00edm. Nen\u00ed mo\u017en\u00e9 usp\u011bt v\u00a0operaci, kdy po\u010det \u00fato\u010d\u00edc\u00edch je 200\u00a0000 a po\u010det \u00fasp\u011b\u0161n\u011b se br\u00e1n\u00edc\u00edch u\u017e zpo\u010d\u00e1tku bez odvod\u016f byl 300\u00a0000 a po odvodech jen narostl. N\u011bkte\u0159\u00ed odborn\u00edci \u0159\u00edkaj\u00ed, \u017ee v\u00fdsledek ukrajinsk\u00e9ho konfliktu m\u016f\u017ee b\u00fdt p\u0159ipom\u00ednat finskou v\u00e1lku. Tehdy po dlouh\u00fdch boj\u00edch Rusko sice vyhr\u00e1lo, ale za cenu mohutn\u00fdch ztr\u00e1t, ale z\u00edskalo Kar\u00e9lii. V\u00a0ka\u017ed\u00e9m p\u0159\u00edpad\u011b si a\u017e do dne\u0161n\u00edch dn\u016f zajistilo politickou neutralitu Finska. A to zejm\u00e9na v\u00a0dob\u011b studen\u00e9 v\u00e1lky bylo mimo\u0159\u00e1dn\u011b v\u00fdznamnou hodnotou.<\/p>\n<p>Co se ov\u0161em n\u011bjak Z\u00e1padu neda\u0159\u00ed, je polo\u017eit Rusko ekonomicky na z\u00e1da. Rubl se stabilizoval, ceny hlavn\u00edch v\u00fdvozn\u00edch artikl\u016f ropy, plynu, hnojiv, potravin vzrostly a Rusko m\u00e1 absurdn\u011b jednu z\u00a0nejlep\u0161\u00edch platebn\u00edch bilanc\u00ed za posledn\u00ed roky.<\/p>\n<p>Zato na Z\u00e1pad\u011b za stejn\u00e9 obdob\u00ed r\u016fst cen plynu a ropy zdra\u017eil a r\u016fst cen bude. EU si samoz\u0159ejm\u011b vym\u00fd\u0161l\u00ed, jak se zbavit pomalu do m\u011bs\u00edce z\u00e1vislost\u00ed na rusk\u00e9m plynu a ropy, ale je to sp\u00ed\u0161e k\u00a0\u00fasm\u011bvu. No a jestli jako dal\u0161\u00ed sankce p\u0159ibude dovoz uhl\u00ed, je to jen margin\u00e1lie.<\/p>\n<p>Zat\u00edm tuto situaci Z\u00e1pad horko t\u011b\u017eko p\u0159e\u017e\u00edv\u00e1. Samoz\u0159ejm\u011b, \u017ee se m\u016f\u017ee n\u011bkdy odpojit od ropovod\u016f i plynovod\u016f, ale n\u011bkdo by m\u011bl re\u00e1ln\u011b \u0159\u00edci, \u017ee to rozhodn\u011b nem\u016f\u017ee b\u00fdt v\u00a0\u0159\u00e1dech m\u011bs\u00edc\u016f a mo\u017en\u00e1 ani rok\u016f. I v\u00fdstavba termin\u00e1l\u016f na stla\u010den\u00fd plyn trv\u00e1 roky.<\/p>\n<p>To je dal\u0161\u00ed z\u00e1\u0159n\u00fd v\u00fdsledek tot\u00e1ln\u00ed v\u00e1lky Z\u00e1padu proti Rusku\u2026<\/p>\n<p>Hlavn\u011b v\u00a0tom, \u017ee negativn\u00ed dopady pro Z\u00e1pad nastaly ji\u017e nyn\u00ed, ale kdy\u017e se v\u00e1lka rozjede, hned tak nekon\u010d\u00ed. Tot\u00e1ln\u00ed sank\u010dn\u00ed a v\u00e1lka proti Rusku v\u010detn\u011b zp\u011btn\u00fdch protisankc\u00ed z\u0159ejm\u011b bude trvat ne m\u011bs\u00edce, ale mo\u017en\u00e1 roky.<\/p>\n<p>Na tyto v\u00fdsledky si budeme muset dlouho po\u010dkat. A budou drsn\u00e9.<\/p>\n<p>Jej\u00edm v\u00fdsledkem bude nepochybn\u011b pos\u00edlen\u00ed Ruska coby geopolitick\u00e9ho protivn\u00edka USA a Z\u00e1padu v\u00a0r\u00e1mci nez\u00e1padn\u00edho sv\u011bta, kdy z\u00a0tohoto hlediska m\u016f\u017ee b\u00fdt stav\u011bno jako v\u00fdznamn\u00fd dopln\u011bk ekonomicky \u00fasp\u011b\u0161n\u011bj\u0161\u00edch velmoc\u00ed \u010c\u00edny i Indie.<\/p>\n<p>Z\u00e1pad bude pro n\u011bho z\u0159ejm\u011b uzav\u0159en, ale ot\u00e1zkou je, zda o to st\u00e1t. Tu m\u00edru nep\u0159\u00e1telstv\u00ed mezi Z\u00e1padem a Ruskem stejn\u011b nelze jednodu\u0161e p\u0159ekonat.<\/p>\n<p>Velmi zaj\u00edmav\u00e1 bude budoucnost Evropy\u2026Mohutn\u00e1 anga\u017eovanost EU ve v\u00e1lce proti Rusku se jist\u011b l\u00edb\u00ed na\u0161im i evropsk\u00fdm havlist\u016fm, ale Orb\u00e1novi naopak kritika protirusk\u00e9ho Zelensk\u00e9ho mohutn\u011b pomohla. Tak \u010di onak, bude-li tato jinak od za\u010d\u00e1tku absurdn\u00ed konfrontace del\u0161\u00ed dobu pokra\u010dovat nav\u00edc umocn\u011bna nap\u0159\u00edklad progresivistick\u00fdmi sankcemi nap\u0159\u00edklad proti Ma\u010farsku, budou \u010dasem znovu s\u00a0velkou intenzitou vzn\u00e1\u0161eny ot\u00e1zky kritick\u00e9 existence NATO a hlavn\u011b smyslupln\u00e9ho fungov\u00e1n\u00ed EU.<\/p>\n<p>Dobr\u00fd den, p\u0159\u00e1tel\u00e9.<\/p>\n<\/div>\n<p><a href=\"http:\/\/vasevec.parlamentnilisty.cz\/komentare\/prvni-ovoce-totalni-valky-zapadu-proti-rusku\">Ji\u0159\u00ed Vyvadil<\/a><\/p>\n<p>&nbsp;<\/p>\n","protected":false},"excerpt":{"rendered":"<p>N\u00e1zev tot\u00e1ln\u00ed v\u00e1lka Z\u00e1padu proti Rusku nevymysleli progresivisti\u010dt\u00ed novin\u00e1\u0159i, ale \u0161\u0165astn\u00ed francouz\u0161t\u00ed minist\u0159i zahrani\u010d\u00ed a&#8230;<\/p>\n","protected":false},"author":2,"featured_media":672,"comment_status":"closed","ping_status":"closed","sticky":false,"template":"","format":"standard","meta":[],"categories":[6],"tags":[29,22,40,365],"_links":{"self":[{"href":"https:\/\/www.infokuryr.cz\/n\/wp-json\/wp\/v2\/posts\/9428"}],"collection":[{"href":"https:\/\/www.infokuryr.cz\/n\/wp-json\/wp\/v2\/posts"}],"about":[{"href":"https:\/\/www.infokuryr.cz\/n\/wp-json\/wp\/v2\/types\/post"}],"author":[{"embeddable":true,"href":"https:\/\/www.infokuryr.cz\/n\/wp-json\/wp\/v2\/users\/2"}],"replies":[{"embeddable":true,"href":"https:\/\/www.infokuryr.cz\/n\/wp-json\/wp\/v2\/comments?post=9428"}],"version-history":[{"count":0,"href":"https:\/\/www.infokuryr.cz\/n\/wp-json\/wp\/v2\/posts\/9428\/revisions"}],"wp:featuredmedia":[{"embeddable":true,"href":"https:\/\/www.infokuryr.cz\/n\/wp-json\/wp\/v2\/media\/672"}],"wp:attachment":[{"href":"https:\/\/www.infokuryr.cz\/n\/wp-json\/wp\/v2\/media?parent=9428"}],"wp:term":[{"taxonomy":"category","embeddable":true,"href":"https:\/\/www.infokuryr.cz\/n\/wp-json\/wp\/v2\/categories?post=9428"},{"taxonomy":"post_tag","embeddable":true,"href":"https:\/\/www.infokuryr.cz\/n\/wp-json\/wp\/v2\/tags?post=9428"}],"curies":[{"name":"wp","href":"https:\/\/api.w.org\/{rel}","templated":true}]}}