{"id":94276,"date":"2025-12-10T05:50:01","date_gmt":"2025-12-10T04:50:01","guid":{"rendered":"https:\/\/www.infokuryr.cz\/n\/?p=94276"},"modified":"2025-12-10T05:50:01","modified_gmt":"2025-12-10T04:50:01","slug":"uprchlik-ma-28-identit-a-byl-opakovane-vyhosten-ale-uz-je-zase-zpatky","status":"publish","type":"post","link":"https:\/\/www.infokuryr.cz\/n\/2025\/12\/10\/uprchlik-ma-28-identit-a-byl-opakovane-vyhosten-ale-uz-je-zase-zpatky\/","title":{"rendered":"Uprchl\u00edk m\u00e1 28 identit a byl opakovan\u011b vyho\u0161t\u011bn, ale u\u017e je zase zp\u00e1tky"},"content":{"rendered":"<div id=\"fb-root\"><\/div>\n<p>Kdy\u017e pt\u00e1\u010dka lapaj\u00ed, p\u011bkn\u011b mu zp\u00edvaj\u00ed. Tak zn\u00ed star\u00e9 p\u0159\u00edslov\u00ed a n\u011bmeck\u00fd voli\u010d o n\u011bm mus\u00ed n\u011bco v\u011bd\u011bt. Kdy\u017e mu p\u0159i posledn\u00edch volb\u00e1ch CDU\/CSU slibovala sn\u00ed\u017een\u00ed migrace a vyho\u0161\u0165ov\u00e1n\u00ed neleg\u00e1ln\u00edch imigrant\u016f, tak j\u00ed op\u011bt uv\u011b\u0159il a jak to dopadlo?<\/p>\n<p><strong>Migrace jede na pln\u00e9 pecky v N\u011bmecku d\u00e1l. P\u011bkn\u00fd p\u0159\u00edklad za\u017eila policie v n\u011bmeck\u00e9m<a href=\"https:\/\/jungefreiheit.de\/politik\/deutschland\/2025\/libanese-mit-28-identitaeten-reist-erneut-nach-deutschland-ein\/\">\u00a0Aachenu<\/a>. Ve vlaku byl zadr\u017een muslimsk\u00fd uprchl\u00edk \u00fadajn\u011b z Libanonu, kter\u00fd je v zemi veden pod 28 r\u016fzn\u00fdmi jm\u00e9ny a byl opakovan\u011b vyho\u0161t\u011bn\u2026.<\/strong><\/p>\n<p><strong>Ale u\u017e je zase v klidu zp\u00e1tky, \u017eije v komun\u00e1ln\u00edm byt\u011b a ve voln\u00e9m \u010dase prod\u00e1v\u00e1 drogy. Aby toho nebylo m\u00e1lo, tak uprchl\u00edk m\u00e1 je\u0161t\u011b trvalou adresu v It\u00e1lii a mo\u017en\u00e1 i jinde.<\/strong><\/p>\n<p>Tohle je u\u017e v\u00e1\u017en\u011b v\u00fdsm\u011bch p\u016fvodn\u00edm obyvatel\u016fm. N\u011bmecku je ni\u010deno v p\u0159\u00edm\u00e9m p\u0159enosu a nestar\u0161\u00ed mafie sv\u011bta chyst\u00e1 stejn\u00fd osud i \u010cech\u016fm<\/p>\n<p><a href=\"https:\/\/ceskavec.com\/2025\/12\/uprchlik-ma-28-identit-a-byl-opakovane-vyhosten-ale-uz-je-zase-zpatky\">Aron G.<\/a><\/p>\n<p>&nbsp;<\/p>\n","protected":false},"excerpt":{"rendered":"<p>Kdy\u017e pt\u00e1\u010dka lapaj\u00ed, p\u011bkn\u011b mu zp\u00edvaj\u00ed. Tak zn\u00ed star\u00e9 p\u0159\u00edslov\u00ed a n\u011bmeck\u00fd voli\u010d o n\u011bm&#8230;<\/p>\n","protected":false},"author":2,"featured_media":68010,"comment_status":"closed","ping_status":"closed","sticky":false,"template":"","format":"standard","meta":[],"categories":[7],"tags":[2195,84,297],"_links":{"self":[{"href":"https:\/\/www.infokuryr.cz\/n\/wp-json\/wp\/v2\/posts\/94276"}],"collection":[{"href":"https:\/\/www.infokuryr.cz\/n\/wp-json\/wp\/v2\/posts"}],"about":[{"href":"https:\/\/www.infokuryr.cz\/n\/wp-json\/wp\/v2\/types\/post"}],"author":[{"embeddable":true,"href":"https:\/\/www.infokuryr.cz\/n\/wp-json\/wp\/v2\/users\/2"}],"replies":[{"embeddable":true,"href":"https:\/\/www.infokuryr.cz\/n\/wp-json\/wp\/v2\/comments?post=94276"}],"version-history":[{"count":0,"href":"https:\/\/www.infokuryr.cz\/n\/wp-json\/wp\/v2\/posts\/94276\/revisions"}],"wp:featuredmedia":[{"embeddable":true,"href":"https:\/\/www.infokuryr.cz\/n\/wp-json\/wp\/v2\/media\/68010"}],"wp:attachment":[{"href":"https:\/\/www.infokuryr.cz\/n\/wp-json\/wp\/v2\/media?parent=94276"}],"wp:term":[{"taxonomy":"category","embeddable":true,"href":"https:\/\/www.infokuryr.cz\/n\/wp-json\/wp\/v2\/categories?post=94276"},{"taxonomy":"post_tag","embeddable":true,"href":"https:\/\/www.infokuryr.cz\/n\/wp-json\/wp\/v2\/tags?post=94276"}],"curies":[{"name":"wp","href":"https:\/\/api.w.org\/{rel}","templated":true}]}}