{"id":94271,"date":"2025-12-10T00:25:47","date_gmt":"2025-12-09T23:25:47","guid":{"rendered":"https:\/\/www.infokuryr.cz\/n\/?p=94271"},"modified":"2025-12-10T05:42:36","modified_gmt":"2025-12-10T04:42:36","slug":"jana-markova-tak-mirnejsi-formu-chat-control-uz-odmitaji-jen-4-staty-ceska-republika-polsko-nizozemsko-a-italie","status":"publish","type":"post","link":"https:\/\/www.infokuryr.cz\/n\/2025\/12\/10\/jana-markova-tak-mirnejsi-formu-chat-control-uz-odmitaji-jen-4-staty-ceska-republika-polsko-nizozemsko-a-italie\/","title":{"rendered":"Jana Markov\u00e1: Tak \u201em\u00edrn\u011bj\u0161\u00ed\u201c formu Chat Control u\u017e odm\u00edtaj\u00ed jen 4 st\u00e1ty. \u010cesk\u00e1 republika, Polsko, Nizozemsko a It\u00e1lie"},"content":{"rendered":"<div id=\"fb-root\"><\/div>\n<p>A v aktu\u00e1ln\u011b p\u0159edsedaj\u00edc\u00edm D\u00e1nsku, kter\u00e9 tenhle \u0161m\u00edrovac\u00ed z\u00e1kon tla\u010d\u00ed co m\u016f\u017ee, dokonce prohl\u00e1sil ministr spravedlnosti Peter Hummelgaard, \u017ee ob\u010dan\u00e9 nemaj\u00ed n\u00e1rok na pou\u017e\u00edv\u00e1n\u00ed aplikac\u00ed se \u0161ifrovanou komunikac\u00ed. \u201eMus\u00edme se zbavit zcela chybn\u00e9ho dojmu, \u017ee pou\u017e\u00edv\u00e1n\u00ed \u0161ifrovan\u00fdch komunika\u010dn\u00edch aplikac\u00ed pat\u0159\u00ed k ob\u010dansk\u00fdm pr\u00e1v\u016fm\u201c \u0159ekl doslova. Prost\u011b jinak \u0159e\u010deno, chceme v\u011bd\u011bt o v\u0161em o \u010dem si p\u00ed\u0161ete, co \u0159e\u0161\u00edte, co kupujete. Zlat\u00ed \u010d\u00edn\u0161t\u00ed komou\u0161i. Cht\u011blo by se \u0159\u00edct.<\/p>\n<p>NE! Nem\u00e1te pr\u00e1vo v\u011bd\u011bt nic z toho, na co si mysl\u00edte, \u017ee to pr\u00e1vo m\u00e1te. A ne, nen\u00ed to \u017e\u00e1dn\u00e1 m\u00edrn\u011bj\u0161\u00ed forma, je to jen oblbov\u00e1k na lidi. Oproti d\u0159\u00edv\u011bj\u0161\u00edmu n\u00e1vrhu tam sice nen\u00ed form\u00e1ln\u00ed povinnost plo\u0161n\u011b skenovat obsah zpr\u00e1v, nicm\u00e9n\u011b zav\u00e1d\u00ed povinnost \u201ezm\u00edr\u0148ov\u00e1n\u00ed rizik\u201c, co\u017e je v podstat\u011b tot\u00e9\u017e, proto\u017ee abyste mohli zm\u00edr\u0148ovat, pot\u0159ebujete \u010d\u00edst, co si kdo p\u00ed\u0161e. Tak\u017ee abyste splnili podm\u00ednky, budete \u0161m\u00edrovat dobrovoln\u011b povinn\u011b.<\/p>\n<p>A tohle v\u0161e se d\u011bje samoz\u0159ejm\u011b pod z\u00e1minkou ochrany d\u011bt\u00ed a boje proti pedofilii. Kdy samoz\u0159ejm\u011b v\u011bt\u0161ina pedofil\u016f pou\u017e\u00edv\u00e1 Messenger a v\u016fbec se nepohybuje na darknetu a pomoc\u00ed VPN. V dob\u011b, kdy za systematick\u00e9 zneu\u017eit\u00ed d\u00edt\u011bte dostanete podm\u00ednku a jste vr\u00e1cen do rodiny, proto\u017ee v\u00e1s \u201epot\u0159ebuje\u201c, je to obzvl\u00e1\u0161t\u011b sm\u011b\u0161n\u00e9. O \u017e\u00e1dnou pedofilii ve skute\u010dnosti nejde, jde jen o plnou kontrolu nad komunikac\u00ed ka\u017ed\u00e9ho, kdy je u\u017e skute\u010dn\u011b jen mal\u00fd kr\u016f\u010dek k syst\u00e9mu soci\u00e1ln\u00edch kredit\u016f.<\/p>\n<p>Proti tomuto je pot\u0159eba se vzbou\u0159it a nutit svoje europoslance hlasovat v z\u00e1jmu n\u00e1s lid\u00ed, nikoliv v z\u00e1jmu unijn\u00edch \u0161mejd\u016f. Proto\u017ee na Evropsk\u00e9m parlamentu te\u010f z\u00e1le\u017e\u00ed. Radou EU u\u017e toto zv\u011brstvo pro\u0161lo. A \u0159\u00edk\u00e1m to proto, \u017ee \u0159ada europoslanc\u016f, stejn\u011b jako \u201ekvalitn\u011b blb\u00e1\u201c Danu\u0161e Nerudov\u00e1 v\u016fbec netu\u0161\u00ed, o co jde. Ta si toti\u017e mysl\u00ed, \u017ee nutnost poslat sv\u016fj ob\u010dansk\u00fd pr\u016fkaz nebo scan obli\u010deje internetov\u00e9 platform\u011b pln\u011b k dispozici je to sam\u00e9, jako z\u00e1mek na iPhonu. I toto stvo\u0159en\u00ed pak rozhoduje o tom, jestli podobn\u00e9 v\u011bci projdou nebo ne.<\/p>\n<p>Lid\u00e9 maj\u00ed na anonymitu pr\u00e1vo. Stejn\u011b jako maj\u00ed pr\u00e1vo na to b\u00fdt off-line a platit hotovost\u00ed. Jinak to nen\u00ed demokracie, ale totalitn\u00ed koncentr\u00e1k ala \u010c\u00edna. Neremcejte, makejte, ide\u00e1ln\u011b se moc nevzd\u011bl\u00e1vejte a \u010d\u00edm v\u00edc strachu, t\u00edm l\u00edp. Nep\u0159\u00edtele v\u00e1m u\u017e najdeme. Ne, d\u00edky. To si pros\u00edm str\u010dte do sv\u00e9ho bruselsk\u00e9ho pozad\u00ed i se v\u0161emi t\u011bmi zlato-rud\u00fdmi hv\u011bzdami.<\/p>\n<p><a href=\"https:\/\/web.litterate.cz\/tak-mirnejsi-formu-chat-control-uz-odmitaji-jen-4-staty-ceska-republika-polsko-nizozemsko-a-italie\/\">Jana Markov\u00e1<\/a><\/p>\n<p><img decoding=\"async\" loading=\"lazy\" class=\"alignnone size-full wp-image-34862\" src=\"http:\/\/www.infokuryr.cz\/n\/wp-content\/uploads\/2023\/08\/jana-markova.jpg\" alt=\"\" width=\"180\" height=\"180\" srcset=\"https:\/\/www.infokuryr.cz\/n\/wp-content\/uploads\/2023\/08\/jana-markova.jpg 180w, https:\/\/www.infokuryr.cz\/n\/wp-content\/uploads\/2023\/08\/jana-markova-150x150.jpg 150w\" sizes=\"(max-width: 180px) 100vw, 180px\" \/><\/p>\n<p>&nbsp;<\/p>\n","protected":false},"excerpt":{"rendered":"<p>A v aktu\u00e1ln\u011b p\u0159edsedaj\u00edc\u00edm D\u00e1nsku, kter\u00e9 tenhle \u0161m\u00edrovac\u00ed z\u00e1kon tla\u010d\u00ed co m\u016f\u017ee, dokonce prohl\u00e1sil ministr&#8230;<\/p>\n","protected":false},"author":2,"featured_media":66437,"comment_status":"closed","ping_status":"closed","sticky":false,"template":"","format":"standard","meta":[],"categories":[6],"tags":[1042,63,245,647,2320],"_links":{"self":[{"href":"https:\/\/www.infokuryr.cz\/n\/wp-json\/wp\/v2\/posts\/94271"}],"collection":[{"href":"https:\/\/www.infokuryr.cz\/n\/wp-json\/wp\/v2\/posts"}],"about":[{"href":"https:\/\/www.infokuryr.cz\/n\/wp-json\/wp\/v2\/types\/post"}],"author":[{"embeddable":true,"href":"https:\/\/www.infokuryr.cz\/n\/wp-json\/wp\/v2\/users\/2"}],"replies":[{"embeddable":true,"href":"https:\/\/www.infokuryr.cz\/n\/wp-json\/wp\/v2\/comments?post=94271"}],"version-history":[{"count":0,"href":"https:\/\/www.infokuryr.cz\/n\/wp-json\/wp\/v2\/posts\/94271\/revisions"}],"wp:featuredmedia":[{"embeddable":true,"href":"https:\/\/www.infokuryr.cz\/n\/wp-json\/wp\/v2\/media\/66437"}],"wp:attachment":[{"href":"https:\/\/www.infokuryr.cz\/n\/wp-json\/wp\/v2\/media?parent=94271"}],"wp:term":[{"taxonomy":"category","embeddable":true,"href":"https:\/\/www.infokuryr.cz\/n\/wp-json\/wp\/v2\/categories?post=94271"},{"taxonomy":"post_tag","embeddable":true,"href":"https:\/\/www.infokuryr.cz\/n\/wp-json\/wp\/v2\/tags?post=94271"}],"curies":[{"name":"wp","href":"https:\/\/api.w.org\/{rel}","templated":true}]}}