{"id":9426,"date":"2022-04-01T05:17:35","date_gmt":"2022-04-01T03:17:35","guid":{"rendered":"http:\/\/www.infokuryr.cz\/n\/?p=9426"},"modified":"2022-04-09T05:19:19","modified_gmt":"2022-04-09T03:19:19","slug":"stan-parta-amateru-ci-podvodniku","status":"publish","type":"post","link":"https:\/\/www.infokuryr.cz\/n\/2022\/04\/01\/stan-parta-amateru-ci-podvodniku\/","title":{"rendered":"STAN \u2013 parta amat\u00e9r\u016f \u010di podvodn\u00edk\u016f?"},"content":{"rendered":"<div id=\"fb-root\"><\/div>\n<div class=\"perex\">V posledn\u00edch m\u011bs\u00edc\u00edch tento apendix vl\u00e1dn\u00ed koalice jm\u00e9nem STAN st\u00edh\u00e1 jeden ostudn\u00fd probl\u00e9m za druh\u00fdm. V dob\u011b Babi\u0161ovy vl\u00e1dy m\u011bli tito dob\u0159\u00ed lid\u00e9 pln\u00e1 \u00fasta toho, jak by se to m\u011blo spr\u00e1vn\u011b a transparentn\u011b d\u011blat. V\u011bd\u011bli p\u0159esn\u011b, kdo je za\u0161pin\u011bn\u00fd a kdo je \u0161pinav\u00fd. A kdo je \u00fapln\u00fd a k tomu zkorumpovan\u00fd lump. Samoz\u0159ejm\u011b nejh\u016f\u0159e z jejich \u00fast vych\u00e1zela hodnocen\u00ed b\u00fdval\u00e9ho premi\u00e9ra Babi\u0161e. Na toho d\u0161tili ohe\u0148 a s\u00edru.<\/div>\n<div class=\"content\">\n<p>Ji\u017e kolem voleb se uk\u00e1zalo, \u017ee vlastn\u011b nejkvalifikovan\u011bj\u0161\u00ed \u010dlov\u011bk z\u00a0cel\u00e9 Fialovy vl\u00e1dy, V\u011bslav Michalik, nyn\u00ed ji\u017e b\u00fdval\u00fd budouc\u00ed ministr pr\u016fmyslu za STAN nedok\u00e1zal vysv\u011btlit podivn\u00e9 machinace, kter\u00e9 prov\u00e1d\u011bly jeho firmy propojen\u00e9 na da\u0148ov\u00e9 r\u00e1je. V\u00a0t\u00e9 dob\u011b se tak\u00e9 uk\u00e1zalo, \u017ee strana byla financov\u00e1na podivn\u00fdmi koridory a zdroji pr\u00e1v\u011b z\u00a0da\u0148ov\u00fdch r\u00e1j\u016f. Prost\u011b nic hezk\u00e9ho. V. Michalik i p\u0159esto nad\u00e1le z\u016fst\u00e1v\u00e1 hrd\u00fdm reprezentantem STAN v\u00a0Rad\u011b St\u0159edo\u010desk\u00e9ho kraje a starostou Doln\u00edch B\u0159e\u017ean. N\u011bkolikr\u00e1t v\u00a0minulosti jsem vyzvedl jeho nepopirateln\u00e9 \u00fasp\u011bchy, coby starosty Doln\u00edch B\u0159e\u017ean a tak\u00e9 jeho n\u011bkdej\u0161\u00ed profesionalitu v\u00a0r\u00e1mci poradensk\u00e9 firmy, v\u00a0n\u00ed\u017e pracoval na zak\u00e1zku hl. m. Prahy v\u00a0dob\u011b, kdy jsem byl n\u00e1m\u011bstkem pra\u017esk\u00e9ho prim\u00e1tora pro finance. Ale probl\u00e9my, kter\u00e9 byly zji\u0161t\u011bny v jeho osobn\u00edch financ\u00edch by v zemi alespo\u0148 se z\u00e1kladn\u00ed politickou kulturou znamenaly konec jeho politick\u00e9 kari\u00e9ry. U n\u00e1s to je bur\u00e1\u010dek, kter\u00fd se ne\u0159e\u0161\u00ed.<\/p>\n<p>Kdy\u017e si ale p\u0159edstav\u00edm, \u017ee by podobn\u00e9 podivn\u00e9 transakce provedl nap\u0159. reprezentant \u010cSSD \u010di hnut\u00ed ANO, a to v\u00a0jak\u00e9koliv politick\u00e9 pozici, srovnateln\u00e9 s\u00a0tou Michalikovou v\u00a0kraji, byla by toho pln\u00e1 m\u00e9dia do doby, ne\u017e by ten neboh\u00fd reprezentant \u010cSSD \u010di hnut\u00ed ANO nadobro zmizel z\u00a0politiky. A s ostudou.<\/p>\n<p>Michalikova strana STAN m\u00e1 v\u0161ak dobr\u00e9 nervy. \u017d\u00e1dn\u00e9 odstupov\u00e1n\u00ed, p\u011bkn\u011b probl\u00e9my vysed\u011bt.<\/p>\n<p>Dal\u0161\u00edm v\u00fdte\u010dn\u00edkem t\u00e9to poda\u0159en\u00e9 strany vykuk\u016f byl dnes u\u017e b\u00fdval\u00fd poslanec Farsk\u00fd. Ten si za\u0159\u00eddil fe\u0161\u00e1ckou st\u00e1\u017e na jak\u00e9si univerzit\u011b v\u00a0USA, kde zkoum\u00e1 v\u011bci, kter\u00e9 m\u016f\u017ee zkoumat \u00fapln\u011b stejn\u011b ze sv\u00e9 kancel\u00e1\u0159e v\u00a0Semilech nebo v\u00a0jin\u00e9m m\u011bst\u011b, ze kter\u00e9ho poch\u00e1z\u00ed. V\u00a0USA je toti\u017e na univerzit\u00e1ch prakticky v\u0161echno digitalizov\u00e1no a tak vlastn\u011b nepot\u0159ebuje k tomu, aby sklohnil n\u011bjakou r\u00e1doby v\u011bdeckou pr\u00e1ci, \u017e\u00e1dn\u00fd nov\u00fd aspirant \u010desk\u00e9 v\u011bdy, odej\u00edt ze sv\u00e9ho ob\u00fdv\u00e1ku.<\/p>\n<p>Farsk\u00fd se rozhodl str\u00e1vit p\u0159\u00edjemn\u00e9ho p\u016fl roku v\u00a0USA a cht\u011bl tady zanechat sv\u00e9 voli\u010de, kte\u0159\u00ed ho do sn\u011bmovny volili, p\u016fl roku tak n\u011bjak na pospas. Co na tom, \u017ee se p\u0159ed volbami zap\u0159\u00edsahal, \u017ee pro n\u011b bude do \u00famoru pracovat. Po ostudn\u00e9m zve\u0159ejn\u011bn\u00ed cel\u00e9 kauzy a po n\u011bkolikadenn\u00ed politick\u00e9 ag\u00f3nii Farsk\u00e9ho a hnut\u00ed STAN, Farsk\u00fd pochopil, \u017ee se mus\u00ed sv\u00e9ho hezk\u00e9ho kor\u00fdtka v\u00a0poslaneck\u00e9 sn\u011bmovn\u011b vzd\u00e1t. A s\u00a0jist\u00fdmi prodlevami tak u\u010dinil.<\/p>\n<p>Jeho velk\u00fd kamar\u00e1d, europoslanec za STAN, Pol\u010d\u00e1k na to \u0161el od lesa. Tedy, aby vyd\u011blal n\u011bjakou tu p\u011btku. Zastupoval obce v\u00a0rajonu Vrb\u011btic, kter\u00e9 byly po\u0161kozeny v\u00fdbuchy muni\u010dn\u00edch sklad\u016f, aby jim zajistil vl\u00e1dn\u00ed finan\u010dn\u00ed pomoc. Za to cht\u011bl pr\u00fd advok\u00e1tsk\u00e9 palm\u00e1re ve v\u00fd\u0161i 9 milionu K\u010d. Pol\u010d\u00e1kovi p\u00e1r dn\u00ed trvalo, pot\u00e9 co se v\u00a0obc\u00edch lid\u00e9 i starostov\u00e9 za\u010dali bou\u0159it a odplivovat si p\u0159ed STAN za\u010dali i jeho zatvrzel\u00ed spojenci v\u00a0m\u00e9di\u00edch, \u017ee vym\u00e1h\u00e1n\u00ed palm\u00e1re v\u00a0t\u00e9to v\u00fd\u0161i je nemo\u017en\u00e9. Ale ostuda to byla par\u00e1dn\u00ed.<\/p>\n<p>Te\u010f zase dal\u0161\u00ed hv\u011bzda hnut\u00ed STAN, Hurv\u00ednek \u010desk\u00e9 politiky, ministr \u0161kolstv\u00ed Gazd\u00edk zapomn\u011bl na sv\u00e9 \u010dlenstv\u00ed v\u00a0jak\u00e9si spole\u010dnosti, kde m\u00e1 majetkov\u00fd pod\u00edl. Je to mo\u017en\u00e1 lap\u00e1lie, ale u\u017e to, \u017ee si t\u00e9to kauzy v\u0161iml Mirek Kalousek, aby ho vypl\u00edsnil, \u017ee p\u0159ed jeden\u00e1cti lety po\u017eadoval za obdobnou v\u011bc politick\u00fd stript\u00fdz od tehdej\u0161\u00edho ministra kultury Bessera, ukazuje, jak je to spole\u010densky a politicky z\u00e1va\u017en\u00e1 z\u00e1le\u017eitost. Samoz\u0159ejm\u011b, \u017ee Gazd\u00edk tvrd\u00ed, \u017ee te\u010f je to ale \u00fapln\u011b jin\u00e1 v\u011bc, ne\u017e byla ta Besserova p\u0159ed jeden\u00e1cti lety. Tehdy ov\u0161em Bessera ut\u0159el za n\u011bco podobn\u00e9ho jako zarosen\u00e9 okno a Besser z\u00e1hy v \u010dele ministerstva kultury skon\u010dil..<\/p>\n<p>Prost\u011b vyda\u0159en\u00e1 parti\u010dka, to hnut\u00ed STAN. \u010cek\u00e1m jen, kdo z\u00a0jeho korte\u0161\u016f a \u0161ibal\u016f sp\u00e1ch\u00e1 dal\u0161\u00ed ro\u0161\u0165\u00e1rnu, kter\u00e1 zase ostudn\u011b zasmrd\u00ed.<\/p>\n<\/div>\n<p><a href=\"http:\/\/vasevec.parlamentnilisty.cz\/domaci-politika\/stan-parta-amateru-ci-podvodniku\">Ji\u0159\u00ed Paroubek<\/a><\/p>\n<p>&nbsp;<\/p>\n","protected":false},"excerpt":{"rendered":"<p>V posledn\u00edch m\u011bs\u00edc\u00edch tento apendix vl\u00e1dn\u00ed koalice jm\u00e9nem STAN st\u00edh\u00e1 jeden ostudn\u00fd probl\u00e9m za druh\u00fdm&#8230;.<\/p>\n","protected":false},"author":2,"featured_media":8694,"comment_status":"closed","ping_status":"closed","sticky":false,"template":"","format":"standard","meta":[],"categories":[6],"tags":[29,424,99],"_links":{"self":[{"href":"https:\/\/www.infokuryr.cz\/n\/wp-json\/wp\/v2\/posts\/9426"}],"collection":[{"href":"https:\/\/www.infokuryr.cz\/n\/wp-json\/wp\/v2\/posts"}],"about":[{"href":"https:\/\/www.infokuryr.cz\/n\/wp-json\/wp\/v2\/types\/post"}],"author":[{"embeddable":true,"href":"https:\/\/www.infokuryr.cz\/n\/wp-json\/wp\/v2\/users\/2"}],"replies":[{"embeddable":true,"href":"https:\/\/www.infokuryr.cz\/n\/wp-json\/wp\/v2\/comments?post=9426"}],"version-history":[{"count":0,"href":"https:\/\/www.infokuryr.cz\/n\/wp-json\/wp\/v2\/posts\/9426\/revisions"}],"wp:featuredmedia":[{"embeddable":true,"href":"https:\/\/www.infokuryr.cz\/n\/wp-json\/wp\/v2\/media\/8694"}],"wp:attachment":[{"href":"https:\/\/www.infokuryr.cz\/n\/wp-json\/wp\/v2\/media?parent=9426"}],"wp:term":[{"taxonomy":"category","embeddable":true,"href":"https:\/\/www.infokuryr.cz\/n\/wp-json\/wp\/v2\/categories?post=9426"},{"taxonomy":"post_tag","embeddable":true,"href":"https:\/\/www.infokuryr.cz\/n\/wp-json\/wp\/v2\/tags?post=9426"}],"curies":[{"name":"wp","href":"https:\/\/api.w.org\/{rel}","templated":true}]}}