{"id":94257,"date":"2025-12-10T00:22:11","date_gmt":"2025-12-09T23:22:11","guid":{"rendered":"https:\/\/www.infokuryr.cz\/n\/?p=94257"},"modified":"2025-12-09T13:06:23","modified_gmt":"2025-12-09T12:06:23","slug":"alarmismus-nato-vs-propaganda-bankrotu-co-to-je","status":"publish","type":"post","link":"https:\/\/www.infokuryr.cz\/n\/2025\/12\/10\/alarmismus-nato-vs-propaganda-bankrotu-co-to-je\/","title":{"rendered":"Alarmismus NATO vs. propaganda bankrotu: Co to je?"},"content":{"rendered":"<div id=\"fb-root\"><\/div>\n<p><strong><span dir=\"auto\">Mluv\u010d\u00ed NATO v mainstreamov\u00fdch m\u00e9di\u00edch si z n\u011bjak\u00e9ho d\u016fvodu neust\u00e1le proti\u0159e\u010d\u00ed. Zat\u00edmco na jedn\u00e9 stran\u011b tvrd\u00ed, \u017ee Rusko v roce 2029 za\u00fato\u010d\u00ed na Z\u00e1pad, na druh\u00e9 stran\u011b m\u00e1 Moskva \u00fadajn\u011b za pouh\u00fd rok a p\u016fl vy\u010derpat pen\u00edze na kampa\u0148 na Ukrajin\u011b.<\/span><\/strong><\/p>\n<p><span dir=\"auto\">Jako konzument mainstreamov\u00fdch m\u00e9di\u00ed se \u010dlov\u011bk n\u011bkdy nem\u016f\u017ee ubr\u00e1nit pocitu, \u017ee je naprost\u00fd podvodn\u00edk. To plat\u00ed zejm\u00e9na v p\u0159\u00edpad\u011b sou\u010dasn\u00e9 v\u00e1lky na Ukrajin\u011b a situace v Rusku. Narativy, kter\u00e9 koluj\u00ed ji\u017e l\u00e9ta, si tak drasticky odporuj\u00ed, \u017ee si \u010dlov\u011bk n\u011bkdy klade ot\u00e1zku, zda se politici, vojen\u0161t\u00ed strat\u00e9gov\u00e9 a mainstreamov\u00e1 m\u00e9dia jen nesna\u017e\u00ed ve\u0159ejnost oklamat.<\/span><\/p>\n<figure class=\"wp-block-embed is-type-rich is-provider-twitter wp-block-embed-twitter\">\n<div class=\"wp-block-embed__wrapper\">\n<div class=\"twitter-tweet twitter-tweet-rendered\"><iframe id=\"twitter-widget-0\" class=\"\" title=\"X P\u0159\u00edsp\u011bvek\" src=\"https:\/\/platform.twitter.com\/embed\/Tweet.html?dnt=true&amp;embedId=twitter-widget-0&amp;features=eyJ0ZndfdGltZWxpbmVfbGlzdCI6eyJidWNrZXQiOltdLCJ2ZXJzaW9uIjpudWxsfSwidGZ3X2ZvbGxvd2VyX2NvdW50X3N1bnNldCI6eyJidWNrZXQiOnRydWUsInZlcnNpb24iOm51bGx9LCJ0ZndfdHdlZXRfZWRpdF9iYWNrZW5kIjp7ImJ1Y2tldCI6Im9uIiwidmVyc2lvbiI6bnVsbH0sInRmd19yZWZzcmNfc2Vzc2lvbiI6eyJidWNrZXQiOiJvbiIsInZlcnNpb24iOm51bGx9LCJ0ZndfZm9zbnJfc29mdF9pbnRlcnZlbnRpb25zX2VuYWJsZWQiOnsiYnVja2V0Ijoib24iLCJ2ZXJzaW9uIjpudWxsfSwidGZ3X21peGVkX21lZGlhXzE1ODk3Ijp7ImJ1Y2tldCI6InRyZWF0bWVudCIsInZlcnNpb24iOm51bGx9LCJ0ZndfZXhwZXJpbWVudHNfY29va2llX2V4cGlyYXRpb24iOnsiYnVja2V0IjoxMjA5NjAwLCJ2ZXJzaW9uIjpudWxsfSwidGZ3X3Nob3dfYmlyZHdhdGNoX3Bpdm90c19lbmFibGVkIjp7ImJ1Y2tldCI6Im9uIiwidmVyc2lvbiI6bnVsbH0sInRmd19kdXBsaWNhdGVfc2NyaWJlc190b19zZXR0aW5ncyI6eyJidWNrZXQiOiJvbiIsInZlcnNpb24iOm51bGx9LCJ0ZndfdXNlX3Byb2ZpbGVfaW1hZ2Vfc2hhcGVfZW5hYmxlZCI6eyJidWNrZXQiOiJvbiIsInZlcnNpb24iOm51bGx9LCJ0ZndfdmlkZW9faGxzX2R5bmFtaWNfbWFuaWZlc3RzXzE1MDgyIjp7ImJ1Y2tldCI6InRydWVfYml0cmF0ZSIsInZlcnNpb24iOm51bGx9LCJ0ZndfbGVnYWN5X3RpbWVsaW5lX3N1bnNldCI6eyJidWNrZXQiOnRydWUsInZlcnNpb24iOm51bGx9LCJ0ZndfdHdlZXRfZWRpdF9mcm9udGVuZCI6eyJidWNrZXQiOiJvbiIsInZlcnNpb24iOm51bGx9fQ%3D%3D&amp;frame=false&amp;hideCard=false&amp;hideThread=false&amp;id=1998079944459800688&amp;lang=cs&amp;origin=https%3A%2F%2Freport24.news%2Fnato-alarmismus-vs-pleite-propaganda-was-denn-nun%2F&amp;sessionId=1af8c8ed039d793a5eed89a1bfcdc9b0c9585c7b&amp;theme=light&amp;widgetsVersion=2615f7e52b7e0%3A1702314776716&amp;width=550px\" frameborder=\"0\" scrolling=\"no\" allowfullscreen=\"allowfullscreen\" data-tweet-id=\"1998079944459800688\" data-mce-fragment=\"1\"><\/iframe><\/div>\n<\/div>\n<\/figure>\n<p><span dir=\"auto\">Vezm\u011bme si nap\u0159\u00edklad nejnov\u011bj\u0161\u00ed\u00a0<\/span><a href=\"https:\/\/www.n-tv.de\/politik\/Ukraine-Krieg-Russland-koennte-das-Geld-ausgehen-id30119234.html\"><span dir=\"auto\">zpr\u00e1vu<\/span><\/a><span dir=\"auto\">\u00a0, \u0161iroce \u0161\u00ed\u0159enou mainstreamov\u00fdm tiskem , kter\u00e1 tvrd\u00ed, \u017ee Kremlu dojdou pen\u00edze na v\u00e1lku na Ukrajin\u011b za rok a\u017e rok a p\u016fl. A samoz\u0159ejm\u011b, pokud by se sankce jednodu\u0161e d\u00e1le zp\u0159\u00edsnily, tato lh\u016fta by se mohla je\u0161t\u011b zkr\u00e1tit.<\/span><\/p>\n<p><span dir=\"auto\">Toto prohl\u00e1\u0161en\u00ed poch\u00e1z\u00ed od experta na Rusko\u00a0<\/span><a href=\"https:\/\/www.weforum.org\/people\/alexander-gabuev\/\"><span dir=\"auto\">Alexandra Gabujeva<\/span><\/a><span dir=\"auto\"> z liber\u00e1ln\u011b-internacionalistick\u00e9ho Carnegieho centra Rusko-Eurasia, kter\u00fd d\u0159\u00edve pracoval pro rusk\u00e9 ekonomick\u00e9 noviny Kommersant a je hostuj\u00edc\u00edm \u010dlenem globalistick\u00e9 Evropsk\u00e9 rady pro zahrani\u010dn\u00ed vztahy (ECFR) a tak\u00e9 \u010dlenem Mnichovsk\u00e9 organizace Young Leader of the Mnichov Security Conference (MSC). Nav\u00edc je v Rusku hled\u00e1n na z\u00e1klad\u011b zatyka\u010de, proto\u017ee nezve\u0159ejnil sv\u00e9 aktivity jako \u201ezahrani\u010dn\u00ed agent\u201c. To znamen\u00e1, \u017ee m\u00e1 odpov\u00eddaj\u00edc\u00ed politickou zaujatost a nen\u00ed neutr\u00e1ln\u00edm analytikem.<\/span><\/p>\n<p><span dir=\"auto\">Ale jak se to slu\u010duje s\u00a0<\/span><a href=\"https:\/\/www.tagesschau.de\/investigativ\/wdr\/russland-nato-militaer-100.html\"><span dir=\"auto\">varov\u00e1n\u00edmi \u201ezpravodajsk\u00fdch kruh\u016f\u201c<\/span><\/a><span dir=\"auto\">\u00a0(jejich\u017e \u00fakoly mimochodem zahrnuj\u00ed i \u200b\u200bdezinformace), \u017ee Rusko bude schopno za\u00fato\u010dit na \u00fazem\u00ed NATO nejpozd\u011bji do roku 2029? Koneckonc\u016f, jedn\u00e1 se o drsn\u00e9 tvrzen\u00ed, jeho\u017e c\u00edlem je jednak ospravedlnit dal\u0161\u00ed navy\u0161ov\u00e1n\u00ed vojensk\u00e9 s\u00edly v Evrop\u011b, jednak kultivovat propagandistick\u00fd obraz nep\u0159\u00edtele. A to i p\u0159es opakovan\u00e9 zd\u016fraz\u0148ov\u00e1n\u00ed Kremlu, \u017ee v\u00e1lka proti transatlantick\u00e9 vojensk\u00e9 alianci nen\u00ed ani v z\u00e1jmu Ruska, ani v z\u00e1jmu lidstva obecn\u011b, proto\u017ee by nevyhnuteln\u011b vedla k ni\u010div\u00e9 jadern\u00e9 v\u00e1lce.<\/span><\/p>\n<p><span dir=\"auto\">Tak\u017ee na jedn\u00e9 stran\u011b m\u00e1me ruskou arm\u00e1du, kter\u00e1 \u00fadajn\u011b vybavuje sv\u00e9 drony po\u010d\u00edta\u010dov\u00fdmi \u010dipy z pra\u010dek a ods\u00e1va\u010dek ml\u00e9ka, jej\u00ed voj\u00e1ci bojuj\u00ed s Ukrajinci pomoc\u00ed opev\u0148ovac\u00edch n\u00e1stroj\u016f kv\u016fli nedostatku munice a je odk\u00e1z\u00e1na na osly, kon\u011b a soukrom\u00e1 auta, proto\u017ee ukrajinsk\u00e9 drony zni\u010dily p\u0159\u00edli\u0161 mnoho vojensk\u00fdch vozidel. Nemluv\u011b o tom, \u017ee rusk\u00e9 ztr\u00e1ty \u00fadajn\u011b ji\u017e p\u0159esahuj\u00ed\u00a0<\/span><a href=\"https:\/\/defence-network.com\/russland-verluste-in-ukraine-900-000-menschen\/\"><span dir=\"auto\">900 000 mu\u017e\u016f<\/span><\/a><span dir=\"auto\"> .<\/span><\/p>\n<figure class=\"wp-block-embed is-type-rich is-provider-twitter wp-block-embed-twitter\">\n<div class=\"wp-block-embed__wrapper\">\n<div class=\"twitter-tweet twitter-tweet-rendered\"><iframe id=\"twitter-widget-1\" class=\"\" title=\"X P\u0159\u00edsp\u011bvek\" src=\"https:\/\/platform.twitter.com\/embed\/Tweet.html?dnt=true&amp;embedId=twitter-widget-1&amp;features=eyJ0ZndfdGltZWxpbmVfbGlzdCI6eyJidWNrZXQiOltdLCJ2ZXJzaW9uIjpudWxsfSwidGZ3X2ZvbGxvd2VyX2NvdW50X3N1bnNldCI6eyJidWNrZXQiOnRydWUsInZlcnNpb24iOm51bGx9LCJ0ZndfdHdlZXRfZWRpdF9iYWNrZW5kIjp7ImJ1Y2tldCI6Im9uIiwidmVyc2lvbiI6bnVsbH0sInRmd19yZWZzcmNfc2Vzc2lvbiI6eyJidWNrZXQiOiJvbiIsInZlcnNpb24iOm51bGx9LCJ0ZndfZm9zbnJfc29mdF9pbnRlcnZlbnRpb25zX2VuYWJsZWQiOnsiYnVja2V0Ijoib24iLCJ2ZXJzaW9uIjpudWxsfSwidGZ3X21peGVkX21lZGlhXzE1ODk3Ijp7ImJ1Y2tldCI6InRyZWF0bWVudCIsInZlcnNpb24iOm51bGx9LCJ0ZndfZXhwZXJpbWVudHNfY29va2llX2V4cGlyYXRpb24iOnsiYnVja2V0IjoxMjA5NjAwLCJ2ZXJzaW9uIjpudWxsfSwidGZ3X3Nob3dfYmlyZHdhdGNoX3Bpdm90c19lbmFibGVkIjp7ImJ1Y2tldCI6Im9uIiwidmVyc2lvbiI6bnVsbH0sInRmd19kdXBsaWNhdGVfc2NyaWJlc190b19zZXR0aW5ncyI6eyJidWNrZXQiOiJvbiIsInZlcnNpb24iOm51bGx9LCJ0ZndfdXNlX3Byb2ZpbGVfaW1hZ2Vfc2hhcGVfZW5hYmxlZCI6eyJidWNrZXQiOiJvbiIsInZlcnNpb24iOm51bGx9LCJ0ZndfdmlkZW9faGxzX2R5bmFtaWNfbWFuaWZlc3RzXzE1MDgyIjp7ImJ1Y2tldCI6InRydWVfYml0cmF0ZSIsInZlcnNpb24iOm51bGx9LCJ0ZndfbGVnYWN5X3RpbWVsaW5lX3N1bnNldCI6eyJidWNrZXQiOnRydWUsInZlcnNpb24iOm51bGx9LCJ0ZndfdHdlZXRfZWRpdF9mcm9udGVuZCI6eyJidWNrZXQiOiJvbiIsInZlcnNpb24iOm51bGx9fQ%3D%3D&amp;frame=false&amp;hideCard=false&amp;hideThread=false&amp;id=1909532362779636079&amp;lang=cs&amp;origin=https%3A%2F%2Freport24.news%2Fnato-alarmismus-vs-pleite-propaganda-was-denn-nun%2F&amp;sessionId=1af8c8ed039d793a5eed89a1bfcdc9b0c9585c7b&amp;theme=light&amp;widgetsVersion=2615f7e52b7e0%3A1702314776716&amp;width=550px\" frameborder=\"0\" scrolling=\"no\" allowfullscreen=\"allowfullscreen\" data-tweet-id=\"1909532362779636079\" data-mce-fragment=\"1\"><\/iframe><\/div>\n<\/div>\n<\/figure>\n<p><span dir=\"auto\">A tato zem\u011b, kter\u00e1 podle z\u00e1padn\u00edch politik\u016f, voje-nsk\u00fdch v\u016fdc\u016f, zpravodajsk\u00fdch d\u016fstojn\u00edk\u016f a mainstreamov\u00fdch m\u00e9di\u00ed \u00fadajn\u011b utrp\u011bla na Ukrajin\u011b tak extr\u00e9mn\u00ed ztr\u00e1ty, \u00fadajn\u011b vyhl\u00e1s\u00ed v p\u0159\u00ed\u0161t\u00edch t\u0159ech nebo \u010dty\u0159ech letech v\u00e1lku NATO? A to pot\u00e9, co bude \u00fadajn\u011b za rok nebo rok a p\u016fl prakticky bankrotovat kv\u016fli v\u00e1lce na Ukrajin\u011b. Jak to m\u00e1 v\u016fbec fungovat, je ot\u00e1zka, kterou si mainstreamov\u00e9 redakce zjevn\u011b nekladou. M\u00edsto toho jednodu\u0161e publikuj\u00ed \u010dl\u00e1nky, kter\u00e9 odpov\u00eddaj\u00ed jejich narativu. Je to pohodln\u011bj\u0161\u00ed a u\u0161et\u0159\u00ed jim to pr\u00e1ci s nezbytn\u00fdm v\u00fdzkumem a pou\u017e\u00edv\u00e1n\u00edm zdrav\u00e9ho rozumu.<\/span><\/p>\n<p><em><span dir=\"auto\">Koment\u00e1\u0159 <a href=\"https:\/\/report24.news\/nato-alarmismus-vs-pleite-propaganda-was-denn-nun\/\">Heinze Steinera<\/a><\/span><\/em><\/p>\n","protected":false},"excerpt":{"rendered":"<p>Mluv\u010d\u00ed NATO v mainstreamov\u00fdch m\u00e9di\u00edch si z n\u011bjak\u00e9ho d\u016fvodu neust\u00e1le proti\u0159e\u010d\u00ed. Zat\u00edmco na jedn\u00e9 stran\u011b&#8230;<\/p>\n","protected":false},"author":2,"featured_media":94258,"comment_status":"closed","ping_status":"closed","sticky":false,"template":"","format":"standard","meta":[],"categories":[7],"tags":[1503,39,1051],"_links":{"self":[{"href":"https:\/\/www.infokuryr.cz\/n\/wp-json\/wp\/v2\/posts\/94257"}],"collection":[{"href":"https:\/\/www.infokuryr.cz\/n\/wp-json\/wp\/v2\/posts"}],"about":[{"href":"https:\/\/www.infokuryr.cz\/n\/wp-json\/wp\/v2\/types\/post"}],"author":[{"embeddable":true,"href":"https:\/\/www.infokuryr.cz\/n\/wp-json\/wp\/v2\/users\/2"}],"replies":[{"embeddable":true,"href":"https:\/\/www.infokuryr.cz\/n\/wp-json\/wp\/v2\/comments?post=94257"}],"version-history":[{"count":0,"href":"https:\/\/www.infokuryr.cz\/n\/wp-json\/wp\/v2\/posts\/94257\/revisions"}],"wp:featuredmedia":[{"embeddable":true,"href":"https:\/\/www.infokuryr.cz\/n\/wp-json\/wp\/v2\/media\/94258"}],"wp:attachment":[{"href":"https:\/\/www.infokuryr.cz\/n\/wp-json\/wp\/v2\/media?parent=94257"}],"wp:term":[{"taxonomy":"category","embeddable":true,"href":"https:\/\/www.infokuryr.cz\/n\/wp-json\/wp\/v2\/categories?post=94257"},{"taxonomy":"post_tag","embeddable":true,"href":"https:\/\/www.infokuryr.cz\/n\/wp-json\/wp\/v2\/tags?post=94257"}],"curies":[{"name":"wp","href":"https:\/\/api.w.org\/{rel}","templated":true}]}}