{"id":94250,"date":"2025-12-10T00:18:51","date_gmt":"2025-12-09T23:18:51","guid":{"rendered":"https:\/\/www.infokuryr.cz\/n\/?p=94250"},"modified":"2025-12-09T12:53:22","modified_gmt":"2025-12-09T11:53:22","slug":"nadchazejici-rok-neprinasi-dobra-znameni-vladimir-putin-naridil-novou-mobilizaci","status":"publish","type":"post","link":"https:\/\/www.infokuryr.cz\/n\/2025\/12\/10\/nadchazejici-rok-neprinasi-dobra-znameni-vladimir-putin-naridil-novou-mobilizaci\/","title":{"rendered":"Nadch\u00e1zej\u00edc\u00ed rok nep\u0159in\u00e1\u0161\u00ed dobr\u00e1 znamen\u00ed: Vladimir Putin na\u0159\u00eddil novou mobilizaci"},"content":{"rendered":"<div id=\"fb-root\"><\/div>\n<div class=\"elementor-element elementor-element-1fb4c2c elementor-widget elementor-widget-theme-post-content\" data-id=\"1fb4c2c\" data-element_type=\"widget\" data-widget_type=\"theme-post-content.default\">\n<div class=\"elementor-widget-container\">\n<h3><strong><span dir=\"auto\">Rusko p\u0159ipravuje z\u00e1lo\u017en\u00edky na rok 2026: Putin podepsal dekret o odvodu na vojensk\u00e1 cvi\u010den\u00ed<\/span><\/strong><\/h3>\n<p><span dir=\"auto\">Rusk\u00fd prezident Vladimir Putin podepsal dekret, kter\u00fdm se ob\u010dan\u016fm z vojensk\u00e9 z\u00e1lohy na\u0159izuje \u00fa\u010dast na cvi\u010den\u00edch v roce 2026. Dokument byl zve\u0159ejn\u011bn 8. prosince na ofici\u00e1ln\u00edm port\u00e1lu normativn\u00edch akt\u016f Rusk\u00e9 federace, uv\u00e1d\u011bj\u00ed zpr\u00e1vy z\u00a0<\/span><a href=\"https:\/\/www.moscowtimes.ru\/2025\/12\/08\/popitki-spryatat-navorovannoe-bessmislenni-bastrikin-prigrozil-chinovnikam-chitayuschim-pamyat-poligrafom-a182244\" target=\"_blank\" rel=\"noreferrer noopener\" data-type=\"link\" data-id=\"https:\/\/www.moscowtimes.ru\/2025\/12\/08\/popitki-spryatat-navorovannoe-bessmislenni-bastrikin-prigrozil-chinovnikam-chitayuschim-pamyat-poligrafom-a182244\"><span dir=\"auto\">moscowtimes<\/span><\/a><span dir=\"auto\">\u00a0a\u00a0<\/span><a href=\"https:\/\/www.fontanka.ru\/2025\/12\/08\/76161562\/\" target=\"_blank\" rel=\"noreferrer noopener\" data-type=\"link\" data-id=\"https:\/\/www.fontanka.ru\/2025\/12\/08\/76161562\/\"><span dir=\"auto\">fontanka.ru.<\/span><\/a><\/p>\n<p><span dir=\"auto\">Podle dekretu budou z\u00e1lo\u017en\u00edci povol\u00e1ni na cvi\u010den\u00ed v r\u00e1mci rusk\u00fdch ozbrojen\u00fdch sil, vojsk N\u00e1rodn\u00ed gardy, jednotek Ministerstva pro mimo\u0159\u00e1dn\u00e9 situace, jako\u017e i struktur st\u00e1tn\u00ed bezpe\u010dnosti a Feder\u00e1ln\u00ed bezpe\u010dnostn\u00ed slu\u017eby (FSB). Za organizaci cvi\u010den\u00ed odpov\u00edd\u00e1 feder\u00e1ln\u00ed vl\u00e1da a region\u00e1ln\u00ed \u00fa\u0159ady.<\/span><\/p>\n<p><span dir=\"auto\">Vyhl\u00e1\u0161ka obsahuje dva body ozna\u010den\u00e9 jako \u201epro \u00fa\u0159edn\u00ed pot\u0159ebu\u201c, co\u017e znamen\u00e1, \u017ee po\u010det branc\u016f a p\u0159esn\u00fd harmonogram t\u011bchto cvi\u010den\u00ed nebudou zve\u0159ejn\u011bny. Podle rusk\u00e9ho z\u00e1kona nesm\u00ed d\u00e9lka v\u00fdcviku p\u0159ekro\u010dit dva m\u011bs\u00edce.<\/span><\/p>\n<p><span dir=\"auto\">Ka\u017edoro\u010dn\u00ed mobilizace z\u00e1lo\u017en\u00edk\u016f je standardn\u00ed prax\u00ed, ale po\u0159\u00e1d\u00e1n\u00ed cvi\u010den\u00ed b\u011bhem zimn\u00edch m\u011bs\u00edc\u016f je pova\u017eov\u00e1no za neobvykl\u00e9. V posledn\u00edch letech byly podobn\u00e9 dekrety podepisov\u00e1ny p\u0159ev\u00e1\u017en\u011b na ja\u0159e a ozn\u00e1men\u00ed v prosinci nebo lednu byla vz\u00e1cn\u00e1.<\/span><\/p>\n<p><span dir=\"auto\">Po zve\u0159ejn\u011bn\u00ed dekretu p\u0159ed\u00e1 Ministerstvo obrany pot\u0159ebn\u00e9 pokyny vojensk\u00fdm komisari\u00e1t\u016fm, kter\u00e9 jsou n\u00e1sledn\u011b odpov\u011bdn\u00e9 za doru\u010den\u00ed povol\u00e1vac\u00edch rozkaz\u016f z\u00e1lo\u017en\u00edk\u016fm. V Rusku tvo\u0159\u00ed vojensk\u00e9 z\u00e1lohy b\u00fdval\u00ed branci, absolventi vojensk\u00fdch vzd\u011bl\u00e1vac\u00edch instituc\u00ed, osoby, kter\u00e9 vykon\u00e1valy alternativn\u00ed civiln\u00ed slu\u017ebu, a ob\u010dan\u00e9 osvobozen\u00ed od vojensk\u00e9 slu\u017eby ve v\u011bku 30 let nebo z jin\u00fdch z\u00e1konn\u00fdch d\u016fvod\u016f. Do z\u00e1loh jsou za\u0159azeny i \u017eeny s vojenskou specializac\u00ed.<\/span><\/p>\n<p><span dir=\"auto\">Na pozad\u00ed nap\u011bt\u00ed s NATO n\u011bkte\u0159\u00ed ru\u0161t\u00ed p\u0159edstavitel\u00e9 vyzvali k urychlen\u00e9 p\u0159\u00edprav\u011b obyvatelstva. Gener\u00e1lporu\u010d\u00edk Viktor Sobolev, \u010dlen obrann\u00e9ho v\u00fdboru St\u00e1tn\u00ed dumy, ned\u00e1vno prohl\u00e1sil, \u017ee mlad\u00ed lid\u00e9 by m\u011bli b\u00fdt vys\u00edl\u00e1ni na dlouhodob\u00e1 cvi\u010den\u00ed, proto\u017ee Rusko nem\u00e1 dostate\u010dn\u011b vycvi\u010den\u00e9 a mobilizovateln\u00e9 z\u00e1lo\u017en\u00ed s\u00edly pro potenci\u00e1ln\u00ed rozs\u00e1hl\u00fd konflikt.<\/span><\/p>\n<figure class=\"wp-block-image aligncenter size-large\"><img decoding=\"async\" class=\"aligncenter\" title=\"Nadch\u00e1zej\u00edc\u00ed rok nep\u0159in\u00e1\u0161\u00ed dobr\u00e1 znamen\u00ed: Vladimir Putin na\u0159\u00eddil novou mobilizaci.\" src=\"https:\/\/n1s1.hsmedia.ru\/a4\/60\/25\/a460256f9595cfd2a70ac50dad35996a\/496x700_1_3f98f13b15b5b146d34d692a86e66d3c@639x903_0xGSrA4Qgm_7240184484129702843.jpg.webp\" alt=\"Nadch\u00e1zej\u00edc\u00ed rok nep\u0159in\u00e1\u0161\u00ed dobr\u00e1 znamen\u00ed: Vladimir Putin na\u0159\u00eddil novou mobilizaci.\" \/><\/figure>\n<h2 class=\"wp-block-heading\"><em><span dir=\"auto\">DEKRET<\/span><\/em><\/h2>\n<p><em><span dir=\"auto\">PREZIDENTA RUSK\u00c9 FEDERACE<\/span><\/em><\/p>\n<p><strong><em><span dir=\"auto\">O odvodu ob\u010dan\u016f Rusk\u00e9 federace, kte\u0159\u00ed jsou v z\u00e1loze, na vojensk\u00e1 cvi\u010den\u00ed v roce 2026<\/span><\/em><\/strong><\/p>\n<p><em><span dir=\"auto\">V souladu s feder\u00e1ln\u00edmi z\u00e1kony<\/span><br \/>\n<span dir=\"auto\">\u010d. 61-FZ ze dne 31. kv\u011btna 1996 \u201eO obran\u011b\u201c a<\/span><br \/>\n<span dir=\"auto\">\u010d. 53-FZ ze dne 28. b\u0159ezna 1998 \u201eO brann\u00e9 povinnosti a vojensk\u00e9 slu\u017eb\u011b\u201c se t\u00edmto rozhoduje:<\/span><\/em><\/p>\n<ol class=\"wp-block-list\">\n<li><strong><span dir=\"auto\">V roce 2026 maj\u00ed b\u00fdt ob\u010dan\u00e9 Rusk\u00e9 federace, kte\u0159\u00ed jsou v z\u00e1loze, povol\u00e1ni na vojensk\u00e1 cvi\u010den\u00ed<\/span><\/strong><span dir=\"auto\">\u00a0v Ozbrojen\u00fdch sil\u00e1ch Rusk\u00e9 federace, vojskech N\u00e1rodn\u00ed gardy, z\u00e1chrann\u00fdch jednotk\u00e1ch Ministerstva pro mimo\u0159\u00e1dn\u00e9 situace, jednotk\u00e1ch civiln\u00ed obrany, k \u0159e\u0161en\u00ed mimo\u0159\u00e1dn\u00fdch ud\u00e1lost\u00ed a odstra\u0148ov\u00e1n\u00ed n\u00e1sledk\u016f katastrof, jako\u017e i do struktur St\u00e1tn\u00ed bezpe\u010dnosti a Feder\u00e1ln\u00ed bezpe\u010dnostn\u00ed slu\u017eby (FSB).<\/span><\/li>\n<li><span dir=\"auto\">Vl\u00e1da Rusk\u00e9 federace je odpov\u011bdn\u00e1 za zaji\u0161t\u011bn\u00ed\u00a0<\/span><strong><span dir=\"auto\">organizace vojensk\u00fdch cvi\u010den\u00ed<\/span><\/strong><span dir=\"auto\">\u00a0.<\/span><\/li>\n<li><span dir=\"auto\">V\u00fdkonn\u00e9\u00a0<\/span><strong><span dir=\"auto\">org\u00e1ny subjekt\u016f federace<\/span><\/strong><span dir=\"auto\">\u00a0(tj. region\u00e1ln\u00ed org\u00e1ny) jsou pov\u011b\u0159eny proveden\u00edm v\u0161ech nezbytn\u00fdch opat\u0159en\u00ed souvisej\u00edc\u00edch s mobilizac\u00ed z\u00e1lo\u017en\u00edk\u016f a prov\u00e1d\u011bn\u00edm cvi\u010den\u00ed.<\/span><\/li>\n<li><span dir=\"auto\">Tato vyhl\u00e1\u0161ka nabude \u00fa\u010dinnosti\u00a0<\/span><strong><span dir=\"auto\">dnem jej\u00edho podpisu<\/span><\/strong><span dir=\"auto\">\u00a0.<\/span><\/li>\n<\/ol>\n<\/div>\n<\/div>\n<div class=\"elementor-element elementor-element-8c57238 quelle dc-has-condition dc-condition-empty elementor-widget elementor-widget-heading\" data-id=\"8c57238\" data-element_type=\"widget\" data-widget_type=\"heading.default\">\n<div class=\"elementor-widget-container\">\n<h3 class=\"elementor-heading-title elementor-size-default\"><span style=\"font-size: 10pt;\"><a href=\"https:\/\/www.moscowtimes.ru\/2025\/12\/08\/popitki-spryatat-navorovannoe-bessmislenni-bastrikin-prigrozil-chinovnikam-chitayuschim-pamyat-poligrafom-a182244\" target=\"_blank\" rel=\"nofollow noopener\"><span dir=\"auto\">Zdroj<\/span><\/a><\/span><\/h3>\n<p>&nbsp;<\/p>\n<\/div>\n<\/div>\n","protected":false},"excerpt":{"rendered":"<p>Rusko p\u0159ipravuje z\u00e1lo\u017en\u00edky na rok 2026: Putin podepsal dekret o odvodu na vojensk\u00e1 cvi\u010den\u00ed Rusk\u00fd&#8230;<\/p>\n","protected":false},"author":2,"featured_media":91666,"comment_status":"closed","ping_status":"closed","sticky":false,"template":"","format":"standard","meta":[],"categories":[7],"tags":[2018,102,22],"_links":{"self":[{"href":"https:\/\/www.infokuryr.cz\/n\/wp-json\/wp\/v2\/posts\/94250"}],"collection":[{"href":"https:\/\/www.infokuryr.cz\/n\/wp-json\/wp\/v2\/posts"}],"about":[{"href":"https:\/\/www.infokuryr.cz\/n\/wp-json\/wp\/v2\/types\/post"}],"author":[{"embeddable":true,"href":"https:\/\/www.infokuryr.cz\/n\/wp-json\/wp\/v2\/users\/2"}],"replies":[{"embeddable":true,"href":"https:\/\/www.infokuryr.cz\/n\/wp-json\/wp\/v2\/comments?post=94250"}],"version-history":[{"count":0,"href":"https:\/\/www.infokuryr.cz\/n\/wp-json\/wp\/v2\/posts\/94250\/revisions"}],"wp:featuredmedia":[{"embeddable":true,"href":"https:\/\/www.infokuryr.cz\/n\/wp-json\/wp\/v2\/media\/91666"}],"wp:attachment":[{"href":"https:\/\/www.infokuryr.cz\/n\/wp-json\/wp\/v2\/media?parent=94250"}],"wp:term":[{"taxonomy":"category","embeddable":true,"href":"https:\/\/www.infokuryr.cz\/n\/wp-json\/wp\/v2\/categories?post=94250"},{"taxonomy":"post_tag","embeddable":true,"href":"https:\/\/www.infokuryr.cz\/n\/wp-json\/wp\/v2\/tags?post=94250"}],"curies":[{"name":"wp","href":"https:\/\/api.w.org\/{rel}","templated":true}]}}