{"id":94245,"date":"2025-12-10T00:15:35","date_gmt":"2025-12-09T23:15:35","guid":{"rendered":"https:\/\/www.infokuryr.cz\/n\/?p=94245"},"modified":"2025-12-09T10:24:27","modified_gmt":"2025-12-09T09:24:27","slug":"krize-pro-lidi-luxus-pro-administrativu-vedouci-predstavitele-eu-schvalili-8-zvyseni-platu-za-tri-roky","status":"publish","type":"post","link":"https:\/\/www.infokuryr.cz\/n\/2025\/12\/10\/krize-pro-lidi-luxus-pro-administrativu-vedouci-predstavitele-eu-schvalili-8-zvyseni-platu-za-tri-roky\/","title":{"rendered":"Krize pro lidi, luxus pro administrativu: Vedouc\u00ed p\u0159edstavitel\u00e9 EU schv\u00e1lili 8. zv\u00fd\u0161en\u00ed plat\u016f za t\u0159i roky"},"content":{"rendered":"<div id=\"fb-root\"><\/div>\n<div class=\"elementor-element elementor-element-1fb4c2c elementor-widget elementor-widget-theme-post-content\" data-id=\"1fb4c2c\" data-element_type=\"widget\" data-widget_type=\"theme-post-content.default\">\n<div class=\"elementor-widget-container\">\n<p><strong><span dir=\"auto\">Lid\u00e9 v Evrop\u011b si utahuj\u00ed opasky. Ceny energi\u00ed z\u016fst\u00e1vaj\u00ed vysok\u00e9, \u017eivotn\u00ed n\u00e1klady rostou a rodiny si mus\u00ed po\u010d\u00edtat, zda jim pen\u00edze vydr\u017e\u00ed do konce m\u011bs\u00edce. Mnoho dom\u00e1cnost\u00ed po\u017eaduje politickou \u00falevu u\u017e m\u011bs\u00edce \u2013 ale z Bruselu p\u0159ich\u00e1z\u00ed zcela jin\u00fd sign\u00e1l.<\/span><\/strong><\/p>\n<p><strong><a href=\"https:\/\/journalistenwatch.com\/2025\/12\/08\/sie-lachen-uns-frech-ins-gesicht-achte-gehaltserhoehung-fuer-eu-beamte-seit-2022\/\" target=\"_blank\" rel=\"noreferrer noopener\" data-type=\"link\" data-id=\"https:\/\/journalistenwatch.com\/2025\/12\/08\/sie-lachen-uns-frech-ins-gesicht-achte-gehaltserhoehung-fuer-eu-beamte-seit-2022\/\"><span dir=\"auto\">Po osm\u00e9 od roku 2022 se maj\u00ed zv\u00fd\u0161it platy \u00fa\u0159edn\u00edk\u016f EU<\/span><\/a><span dir=\"auto\"><br \/>\n<\/span><\/strong><br \/>\n<span dir=\"auto\">Zat\u00edmco ob\u010dan\u00e9 se pot\u00fdkaj\u00ed s placen\u00edm \u00fa\u010dt\u016f za elekt\u0159inu a topen\u00ed, administrativa EU op\u011bt dost\u00e1v\u00e1 zv\u00fd\u0161en\u00ed plat\u016f, financovan\u00e9 ze stejn\u00fdch da\u0148ov\u00fdch pen\u011bz, kter\u00e9 st\u00e1le v\u00edce chyb\u00ed oby\u010dejn\u00fdm lidem.<\/span><\/p>\n<p><span dir=\"auto\">Ofici\u00e1ln\u011b se samoz\u0159ejm\u011b jedn\u00e1 o\u00a0<\/span><em><span dir=\"auto\">automatick\u00e9 \u00fapravy<\/span><\/em><span dir=\"auto\">\u00a0. Z pohledu mnoha ob\u010dan\u016f se to ale jev\u00ed jako v\u00fdsm\u011bch:<\/span><br \/>\n<strong><span dir=\"auto\">Evropa, kter\u00e1 od nich vy\u017eaduje \u0161etrnost, si sama sob\u011b zvy\u0161uje plat za platem.<\/span><\/strong><\/p>\n<h2 class=\"wp-block-heading\"><strong><span dir=\"auto\">Ob\u010dan\u00e9 spo\u0159\u00ed \u2013 EU roste<\/span><\/strong><\/h2>\n<p><span dir=\"auto\">A\u0165 u\u017e jde o ceny energi\u00ed, potraviny nebo n\u00e1jemn\u00e9: finan\u010dn\u00ed situace milion\u016f lid\u00ed je napjat\u00e1.<\/span><br \/>\n<span dir=\"auto\">Mnoz\u00ed si pr\u00e1vem kladou ot\u00e1zku:<\/span><\/p>\n<p><strong><span dir=\"auto\">Pro\u010d \u0161et\u0159\u00ed pen\u00edze pouze \u0161irok\u00e1 ve\u0159ejnost \u2013 ale ne politick\u00e1 administrativa?<\/span><\/strong><\/p>\n<p><span dir=\"auto\">Zat\u00edmco m\u00edstn\u00ed podniky zav\u00edraj\u00ed a dom\u00e1cnosti mus\u00ed ka\u017ed\u00fd m\u011bs\u00edc p\u0159epo\u010d\u00edt\u00e1vat n\u00e1klady na vyt\u00e1p\u011bn\u00ed, person\u00e1ln\u00ed n\u00e1klady instituc\u00ed EU nad\u00e1le rostou.<\/span><br \/>\n<span dir=\"auto\">Nejde o z\u00e1vist, ale o\u00a0<\/span><strong><span dir=\"auto\">d\u016fv\u011bryhodnost<\/span><\/strong><span dir=\"auto\">\u00a0.<\/span><\/p>\n<h2 class=\"wp-block-heading\"><strong><span dir=\"auto\">Evropa financuje drah\u00e9 krizov\u00e9 politiky \u2013 a ob\u010dan\u00e9 za to plat\u00ed.<\/span><\/strong><\/h2>\n<p><span dir=\"auto\">Prob\u00edhaj\u00edc\u00ed v\u00e1lka na Ukrajin\u011b bude i v letech 2025 a 2026 nad\u00e1le podporov\u00e1na miliardami eur.<\/span><br \/>\n<span dir=\"auto\">Tyto pen\u00edze nepoch\u00e1zej\u00ed z \u201eBruselu\u201c \u2013 poch\u00e1zej\u00ed od lid\u00ed, kte\u0159\u00ed chod\u00ed do pr\u00e1ce, plat\u00ed dan\u011b a pr\u00e1v\u011b te\u010f mus\u00ed po\u010d\u00edtat ka\u017edou korunu.<\/span><\/p>\n<p><span dir=\"auto\">Mnoho ob\u010dan\u016f m\u00e1 ji\u017e dlouho dojem, \u017ee za d\u016fsledky evropsk\u00e9 zahrani\u010dn\u00ed politiky plat\u00ed dvakr\u00e1t:<\/span><\/p>\n<ol>\n<li><strong><span dir=\"auto\">O rostouc\u00edch cen\u00e1ch energi\u00ed<\/span><\/strong><span dir=\"auto\">\u00a0, proto\u017ee Evropa je od\u0159\u00edznuta od dod\u00e1vek levn\u00e9 energie.<\/span><\/li>\n<li><strong><span dir=\"auto\">O dan\u00edch<\/span><\/strong><span dir=\"auto\">\u00a0, kter\u00e9 se pou\u017e\u00edvaj\u00ed k financov\u00e1n\u00ed vojensk\u00e9 pomoci a bezpe\u010dnostn\u00edch rozpo\u010dt\u016f.<\/span><\/li>\n<\/ol>\n<p><span dir=\"auto\">A mezit\u00edm v pozad\u00ed pokra\u010duje automatick\u00e1 platov\u00e1 spir\u00e1la administrativy EU.<\/span><\/p>\n<h2 class=\"wp-block-heading\"><strong><span dir=\"auto\">Politick\u00fd sign\u00e1l s explozivn\u00edm potenci\u00e1lem<\/span><\/strong><\/h2>\n<p><span dir=\"auto\">Ot\u00e1zka nezn\u00ed, zda si \u00fa\u0159edn\u00edci EU zaslou\u017e\u00ed svou pr\u00e1ci. Ot\u00e1zka zn\u00ed:<\/span><br \/>\n<strong><span dir=\"auto\">M\u00e1 smysl nad\u00e1le zvy\u0161ovat platy uprost\u0159ed soci\u00e1ln\u00ed krize \u2013 bez politick\u00e9 diskuse, bez ohledu na ve\u0159ejn\u00e9 m\u00edn\u011bn\u00ed?<\/span><\/strong><\/p>\n<p><span dir=\"auto\">Takhle politick\u00fd takt nevypad\u00e1.<\/span><br \/>\n<span dir=\"auto\">Mnoho ob\u010dan\u016f se prost\u011b nec\u00edt\u00ed br\u00e1no v\u00e1\u017en\u011b.<\/span><\/p>\n<h2 class=\"wp-block-heading\"><strong><span dir=\"auto\">Evropa dvou realit<\/span><\/strong><\/h2>\n<ul>\n<li><strong><span dir=\"auto\">Zde jsou ob\u010dan\u00e9,<\/span><\/strong><span dir=\"auto\">\u00a0kte\u0159\u00ed se pot\u00fdkaj\u00ed s inflac\u00ed, cenami energi\u00ed a stagnuj\u00edc\u00edmi mzdami.<\/span><\/li>\n<li><strong><span dir=\"auto\">Tam evropsk\u00e1 administrativa<\/span><\/strong><span dir=\"auto\">\u00a0dost\u00e1v\u00e1 automatick\u00e9 p\u0159\u00edplatky, odtr\u017een\u00e9 od reality \u017eivota lid\u00ed, jejich\u017e pen\u00edze financuje.<\/span><\/li>\n<\/ul>\n<p><span dir=\"auto\">Soci\u00e1ln\u00ed propast v Evrop\u011b se neprohlubuje jen kv\u016fli hospod\u00e1\u0159sk\u00e9 politice \u2013 prohlubuje se tak\u00e9 tehdy, kdy\u017e politick\u00e9 instituce vys\u00edlaj\u00ed sign\u00e1ly, kter\u00e9 se zdaj\u00ed b\u00fdt sobeck\u00e9.<\/span><\/p>\n<p><span dir=\"auto\">Pokud cht\u011bj\u00ed politici zabr\u00e1nit dal\u0161\u00edmu rozptylu Evropy, mus\u00ed se za\u010d\u00edt v\u00edce zam\u011b\u0159ovat na realitu, kter\u00e9 \u010del\u00ed jejich ob\u010dan\u00e9.<\/span><br \/>\n<span dir=\"auto\">D\u016fv\u011bra se neztr\u00e1c\u00ed velkolep\u00fdmi projevy \u2013 ztr\u00e1c\u00ed se mal\u00fdmi rozhodnut\u00edmi, kter\u00e1 se v dob\u00e1ch krize zdaj\u00ed b\u00fdt naprosto chybn\u00e1.<\/span><\/p>\n<\/div>\n<\/div>\n<div class=\"elementor-element elementor-element-8c57238 quelle dc-has-condition dc-condition-empty elementor-widget elementor-widget-heading\" data-id=\"8c57238\" data-element_type=\"widget\" data-widget_type=\"heading.default\">\n<div class=\"elementor-widget-container\">\n<h3 class=\"elementor-heading-title elementor-size-default\"><span style=\"font-size: 10pt;\"><a href=\"https:\/\/brusselssignal.eu\/2025\/03\/eu-staff-receive-7th-salary-increase-since-2022\/\" target=\"_blank\" rel=\"nofollow noopener\"><span dir=\"auto\">Zdroj<\/span><\/a><\/span><\/h3>\n<p>&nbsp;<\/p>\n<\/div>\n<\/div>\n","protected":false},"excerpt":{"rendered":"<p>Lid\u00e9 v Evrop\u011b si utahuj\u00ed opasky. Ceny energi\u00ed z\u016fst\u00e1vaj\u00ed vysok\u00e9, \u017eivotn\u00ed n\u00e1klady rostou a rodiny&#8230;<\/p>\n","protected":false},"author":2,"featured_media":94246,"comment_status":"closed","ping_status":"closed","sticky":false,"template":"","format":"standard","meta":[],"categories":[7],"tags":[41,1590,10236],"_links":{"self":[{"href":"https:\/\/www.infokuryr.cz\/n\/wp-json\/wp\/v2\/posts\/94245"}],"collection":[{"href":"https:\/\/www.infokuryr.cz\/n\/wp-json\/wp\/v2\/posts"}],"about":[{"href":"https:\/\/www.infokuryr.cz\/n\/wp-json\/wp\/v2\/types\/post"}],"author":[{"embeddable":true,"href":"https:\/\/www.infokuryr.cz\/n\/wp-json\/wp\/v2\/users\/2"}],"replies":[{"embeddable":true,"href":"https:\/\/www.infokuryr.cz\/n\/wp-json\/wp\/v2\/comments?post=94245"}],"version-history":[{"count":0,"href":"https:\/\/www.infokuryr.cz\/n\/wp-json\/wp\/v2\/posts\/94245\/revisions"}],"wp:featuredmedia":[{"embeddable":true,"href":"https:\/\/www.infokuryr.cz\/n\/wp-json\/wp\/v2\/media\/94246"}],"wp:attachment":[{"href":"https:\/\/www.infokuryr.cz\/n\/wp-json\/wp\/v2\/media?parent=94245"}],"wp:term":[{"taxonomy":"category","embeddable":true,"href":"https:\/\/www.infokuryr.cz\/n\/wp-json\/wp\/v2\/categories?post=94245"},{"taxonomy":"post_tag","embeddable":true,"href":"https:\/\/www.infokuryr.cz\/n\/wp-json\/wp\/v2\/tags?post=94245"}],"curies":[{"name":"wp","href":"https:\/\/api.w.org\/{rel}","templated":true}]}}