{"id":94227,"date":"2025-12-09T05:29:49","date_gmt":"2025-12-09T04:29:49","guid":{"rendered":"https:\/\/www.infokuryr.cz\/n\/?p=94227"},"modified":"2025-12-09T05:29:49","modified_gmt":"2025-12-09T04:29:49","slug":"zemrel-prof-milan-nakonecny-cestny-clen-narodni-demokracie","status":"publish","type":"post","link":"https:\/\/www.infokuryr.cz\/n\/2025\/12\/09\/zemrel-prof-milan-nakonecny-cestny-clen-narodni-demokracie\/","title":{"rendered":"Zem\u0159el prof. Milan Nakone\u010dn\u00fd, \u010destn\u00fd \u010dlen N\u00e1rodn\u00ed demokracie"},"content":{"rendered":"<div id=\"fb-root\"><\/div>\n<div class=\"entry-content\">\n<p><strong>Ve v\u011bku 93 let n\u00e1s opustil Milan Nakone\u010dn\u00fd, zn\u00e1m\u00fd \u010desk\u00fd psycholog, historik, profesor, autor \u0159ady vysoko\u0161kolsk\u00fdch u\u010debnic a p\u0159edn\u00ed \u010desk\u00e1 autorita na okultn\u00ed tradici, p\u0159edev\u0161\u00edm pak na \u010desk\u00fd hermetismus. Byl t\u00e9\u017e prvn\u00edm p\u0159edsedou obnoven\u00e9 tradi\u010dn\u00ed \u010desk\u00e9 spole\u010dnosti hermetik\u016f Universalia.<\/strong><\/p>\n<p>Narodil se v Hora\u017e\u010fovic\u00edch. Vystudoval pedagogiku a psychologii na Vysok\u00e9 \u0161kole pedagogick\u00e9 v Praze, pot\u00e9 klinickou psychologii na Filozofick\u00e9 fakult\u011b Univerzity Karlovy. V letech 1968\u20131969 byl na studijn\u00edm pobytu v n\u011bmeck\u00e9m Mnichov\u011b.<\/p>\n<p>Zam\u011bstn\u00e1n byl nejprve jako d\u011btsk\u00fd psychodiagnostik, posl\u00e9ze jako vysoko\u0161kolsk\u00fd pedagog. Na po\u010d\u00e1tku obdob\u00ed normalizace byl z vysok\u00e9 \u0161koly (FF UK) z politick\u00fdch d\u016fvod\u016f propu\u0161t\u011bn. V letech 1970\u20131972 p\u016fsobil jako psycholog v krajsk\u00e9 man\u017eelsk\u00e9 poradn\u011b v \u010cesk\u00fdch Bud\u011bjovic\u00edch, v letech 1975\u20131985 pak jako st\u0159edo\u0161kolsk\u00fd pedagog na St\u0159edn\u00ed pedagogick\u00e9 \u0161kole v Sob\u011bslavi a v letech 1985\u20131989 op\u011bt v d\u011btsk\u00e9m psychodiagnostick\u00e9m \u00fastavu, tentokr\u00e1te v \u010cesk\u00fdch Bud\u011bjovic\u00edch.<\/p>\n<p>Po Sametov\u00e9 revoluci p\u016fsobil v r\u00e1mci Ob\u010dansk\u00e9ho f\u00f3ra v T\u00e1bo\u0159e. V roce 1990 se vr\u00e1til jako pedagog na Filozofickou fakultu UK, kde vedl katedru andragogiky a person\u00e1ln\u00edho \u0159\u00edzen\u00ed. V sou\u010dasnosti vyu\u010duje na Teologick\u00e9 fakult\u011b Jiho\u010desk\u00e9 univerzity v \u010cesk\u00fdch Bud\u011bjovic\u00edch a na Vysok\u00e9 \u0161kole obchodn\u00ed a \u017eije v T\u00e1bo\u0159e.<\/p>\n<p>Milan Nakone\u010dn\u00fd byl autorem dlouh\u00e9 \u0159ady odborn\u00fdch knih a \u010dl\u00e1nk\u016f z oblasti psychologie. Napsal v\u0161ak t\u00e9\u017e n\u011bkolik knih a \u010dl\u00e1nk\u016f o fenom\u00e9nu magie, \u010dl\u00e1nky v\u011bnuj\u00edc\u00ed se zejm\u00e9na d\u011bjin\u00e1m 1. republiky, a knihu o organizaci Vlajka.<\/p>\n<p>T\u00edm, jak mapoval zejm\u00e9na d\u011bn\u00ed p\u0159ed 2. sv\u011btovou v\u00e1lkou, velmi pomohl o\u010distit \u010desk\u00e9 n\u00e1rodoveck\u00e9 hnut\u00ed. To bylo d\u0159\u00edve plo\u0161n\u011b \u0159azen\u00e9 k fa\u0161ismu (v dne\u0161n\u00edm slova smyslu) a k n\u011bmeck\u00e9mu nacismu. Prof. Nakone\u010dn\u00fd m\u00e1 v\u00fdznamnou z\u00e1sluhu na tom, \u017ee se poda\u0159ilo zdrav\u00fd \u010desk\u00fd nacionalismus (kter\u00fd pr\u00e1v\u011b dr\u017eel n\u00e1rodn\u00edho ducha proti N\u011bmc\u016fm) odli\u0161it od nacistick\u00fdch hnut\u00ed. A pomohl dokonce i v o\u010d\u00edch \u010desk\u00fdch vlastenc\u016f rehabilitovat takovou osobnost, jakou byl gen. Radola Gajda.<\/p>\n<p>Za sv\u00e9 z\u00e1sluhy byl v roce 2022 jmenov\u00e1n \u010destn\u00fdm \u010dlenem N\u00e1rodn\u00ed demokracie.<\/p>\n<p>\u010cest jeho pam\u00e1tce.<\/p>\n<p><img decoding=\"async\" loading=\"lazy\" class=\"entered litespeed-loaded aligncenter\" src=\"https:\/\/narodnidemokracie.cz\/wp-content\/uploads\/2025\/12\/Milan-Nakonecny.jpg\" alt=\"\" width=\"718\" height=\"547\" data-lazyloaded=\"1\" data-src=\"https:\/\/narodnidemokracie.cz\/wp-content\/uploads\/2025\/12\/Milan-Nakonecny.jpg\" data-ll-status=\"loaded\" \/><\/p>\n<\/div>\n<div class=\"entry-tags\"><a href=\"https:\/\/narodnidemokracie.cz\/tag\/milan-nakonecny\/\" rel=\"tag\">Milan Nakone\u010dn\u00fd<\/a><\/div>\n<div><\/div>\n","protected":false},"excerpt":{"rendered":"<p>Ve v\u011bku 93 let n\u00e1s opustil Milan Nakone\u010dn\u00fd, zn\u00e1m\u00fd \u010desk\u00fd psycholog, historik, profesor, autor \u0159ady&#8230;<\/p>\n","protected":false},"author":2,"featured_media":94228,"comment_status":"closed","ping_status":"closed","sticky":false,"template":"","format":"standard","meta":[],"categories":[6],"tags":[85,10233,4363,4472,523],"_links":{"self":[{"href":"https:\/\/www.infokuryr.cz\/n\/wp-json\/wp\/v2\/posts\/94227"}],"collection":[{"href":"https:\/\/www.infokuryr.cz\/n\/wp-json\/wp\/v2\/posts"}],"about":[{"href":"https:\/\/www.infokuryr.cz\/n\/wp-json\/wp\/v2\/types\/post"}],"author":[{"embeddable":true,"href":"https:\/\/www.infokuryr.cz\/n\/wp-json\/wp\/v2\/users\/2"}],"replies":[{"embeddable":true,"href":"https:\/\/www.infokuryr.cz\/n\/wp-json\/wp\/v2\/comments?post=94227"}],"version-history":[{"count":0,"href":"https:\/\/www.infokuryr.cz\/n\/wp-json\/wp\/v2\/posts\/94227\/revisions"}],"wp:featuredmedia":[{"embeddable":true,"href":"https:\/\/www.infokuryr.cz\/n\/wp-json\/wp\/v2\/media\/94228"}],"wp:attachment":[{"href":"https:\/\/www.infokuryr.cz\/n\/wp-json\/wp\/v2\/media?parent=94227"}],"wp:term":[{"taxonomy":"category","embeddable":true,"href":"https:\/\/www.infokuryr.cz\/n\/wp-json\/wp\/v2\/categories?post=94227"},{"taxonomy":"post_tag","embeddable":true,"href":"https:\/\/www.infokuryr.cz\/n\/wp-json\/wp\/v2\/tags?post=94227"}],"curies":[{"name":"wp","href":"https:\/\/api.w.org\/{rel}","templated":true}]}}