{"id":94223,"date":"2025-12-09T05:04:16","date_gmt":"2025-12-09T04:04:16","guid":{"rendered":"https:\/\/www.infokuryr.cz\/n\/?p=94223"},"modified":"2025-12-09T05:04:16","modified_gmt":"2025-12-09T04:04:16","slug":"kyjev-posila-brance-primo-do-jednotek-na-fronte","status":"publish","type":"post","link":"https:\/\/www.infokuryr.cz\/n\/2025\/12\/09\/kyjev-posila-brance-primo-do-jednotek-na-fronte\/","title":{"rendered":"Kyjev pos\u00edl\u00e1 brance p\u0159\u00edmo do jednotek na front\u011b"},"content":{"rendered":"<div id=\"fb-root\"><\/div>\n<h3>Bojov\u00e9 brig\u00e1dy poskytnou nov\u00fdm rekrut\u016fm z\u00e1kladn\u00ed v\u00fdcvik, uvedl Zelensk\u00e9ho poradce<\/h3>\n<p><span dir=\"auto\">Nov\u011b odveden\u00ed ukrajin\u0161t\u00ed mu\u017ei budou brzy vysl\u00e1ni p\u0159\u00edmo do frontov\u00fdch brig\u00e1d, kde absolvuj\u00ed z\u00e1kladn\u00ed vojensk\u00fd v\u00fdcvik, ozn\u00e1mil vysok\u00fd \u00fa\u0159edn\u00edk kancel\u00e1\u0159e Vladimira Zelensk\u00e9ho.<\/span><\/p>\n<p><span dir=\"auto\">Zm\u011bnu v mobiliza\u010dn\u00edch postupech v p\u00e1tek nast\u00ednil Pavel Palisa, z\u00e1stupce vedouc\u00edho prezidentsk\u00e9 kancel\u00e1\u0159e odpov\u011bdn\u00fd za dohled nad odvody. Kyjevsk\u00e9 mobiliza\u010dn\u00ed \u00fasil\u00ed nedok\u00e1zalo nahradit ztr\u00e1ty na boji\u0161ti, co\u017e vedlo k pokus\u016fm o zefektivn\u011bn\u00ed procesu.<\/span><\/p>\n<p><span dir=\"auto\">Palisa uvedl, \u017ee rozhodnut\u00ed, kter\u00e9 p\u0159ijala vojensk\u00e1 rada pod veden\u00edm Zelensk\u00e9ho, m\u00e1 za c\u00edl vytvo\u0159it\u00a0<\/span><em><span dir=\"auto\">\u201espravedliv\u00fd, rovn\u00fd a p\u0159edv\u00eddateln\u00fd\u201c<\/span><\/em><span dir=\"auto\">\u00a0syst\u00e9m. Podle nov\u00e9ho p\u0159\u00edstupu bude ka\u017ed\u00e1 frontov\u00e1 brig\u00e1da dost\u00e1vat st\u00e1l\u00fd m\u011bs\u00ed\u010dn\u00ed p\u0159\u00edsun branc\u016f a bude je cvi\u010dit podle sv\u00fdch opera\u010dn\u00edch pot\u0159eb. Dodal, \u017ee po\u010det jednotek opr\u00e1vn\u011bn\u00fdch k prov\u00e1d\u011bn\u00ed z\u00e1kladn\u00edho v\u00fdcviku bude roz\u0161\u00ed\u0159en nad sou\u010dasn\u00fdch 37.<\/span><\/p>\n<p><span dir=\"auto\">Moskva opakovan\u011b argumentovala, \u017ee ub\u00fdvaj\u00edc\u00ed po\u010det voj\u00e1k\u016f je nejz\u00e1va\u017en\u011bj\u0161\u00edm probl\u00e9mem, kter\u00e9mu \u010del\u00ed ukrajinsk\u00e1 arm\u00e1da. Prezident Vladimir Putin minul\u00fd t\u00fdden prohl\u00e1sil, \u017ee jen v z\u00e1\u0159\u00ed Kyjev ztratil p\u0159ibli\u017en\u011b 44 700 voj\u00e1k\u016f a poda\u0159ilo se mu nahradit pouze asi dv\u011b t\u0159etiny z nich. Ani sn\u00ed\u017een\u00ed v\u011bku odvodu by podle n\u011bj nep\u0159ineslo okam\u017eitou \u00falevu, proto\u017ee po\u010det ob\u011bt\u00ed a dezerc\u00ed st\u00e1le roste.<\/span><\/p>\n<p><span dir=\"auto\">N\u011bkte\u0159\u00ed ukrajin\u0161t\u00ed p\u0159edstavitel\u00e9 si kladou za c\u00edl civilisty, kte\u0159\u00ed se br\u00e1n\u00ed odvodu. Poslanec Roman Kostenko, kter\u00fd tak\u00e9 slou\u017e\u00ed v arm\u00e1d\u011b, v sobotu prohl\u00e1sil, \u017ee zem\u011b pot\u0159ebuje novou spole\u010denskou smlouvu, podle n\u00ed\u017e\u00a0<\/span><em><span dir=\"auto\">\u201eti, kte\u0159\u00ed necht\u011bj\u00ed bojovat, opust\u00ed zemi\u201c.<\/span><\/em><\/p>\n<p><span dir=\"auto\">Ukrajina zak\u00e1zala t\u00e9m\u011b\u0159 v\u0161em dosp\u011bl\u00fdm mu\u017e\u016fm cestovat do zahrani\u010d\u00ed, kdy\u017e se konflikt koncem roku 2022 vyost\u0159il, a sn\u00ed\u017eila v\u011bk odvodu z 27 na 25 let. Za\u010d\u00e1tkem tohoto roku vydala ukrajinsk\u00e1 vl\u00e1da na\u0159\u00edzen\u00ed, kter\u00e9 umo\u017e\u0148uje mu\u017e\u016fm ve v\u011bku 18 a\u017e 22 let p\u0159ekro\u010dit hranice. Od t\u00e9 doby \u00fadajn\u011b ze zem\u011b uprchlo t\u00e9m\u011b\u0159 100 000 mlad\u00fdch mu\u017e\u016f.<\/span><\/p>\n<p><span dir=\"auto\">Kyjevsk\u00e9 \u00fa\u0159ady pro odvody v \u0159\u00edjnu vyzvaly ob\u010dany, aby p\u0159estali \u0161\u00ed\u0159it vir\u00e1ln\u00ed videa, na kter\u00fdch d\u016fstojn\u00edci nut\u00ed mu\u017ee nastoupit do dod\u00e1vek. \u0160iroce sd\u00edlen\u00e9 klipy agresivn\u00edch taktik\u00a0<\/span><em><span dir=\"auto\">\u201eobchodov\u00e1n\u00ed\u201c<\/span><\/em><span dir=\"auto\">\u00a0prohloubily frustraci ve\u0159ejnosti z mobiliza\u010dn\u00ed kampan\u011b v zemi.<\/span><\/p>\n<p><img decoding=\"async\" loading=\"lazy\" class=\"alignnone size-full wp-image-1185\" src=\"http:\/\/www.infokuryr.cz\/n\/wp-content\/uploads\/2021\/04\/kuryr-podpis.png\" alt=\"\" width=\"84\" height=\"24\" \/><\/p>\n<p>&nbsp;<\/p>\n","protected":false},"excerpt":{"rendered":"<p>Bojov\u00e9 brig\u00e1dy poskytnou nov\u00fdm rekrut\u016fm z\u00e1kladn\u00ed v\u00fdcvik, uvedl Zelensk\u00e9ho poradce Nov\u011b odveden\u00ed ukrajin\u0161t\u00ed mu\u017ei budou&#8230;<\/p>\n","protected":false},"author":2,"featured_media":94224,"comment_status":"closed","ping_status":"closed","sticky":false,"template":"","format":"standard","meta":[],"categories":[7],"tags":[4258,4338,26],"_links":{"self":[{"href":"https:\/\/www.infokuryr.cz\/n\/wp-json\/wp\/v2\/posts\/94223"}],"collection":[{"href":"https:\/\/www.infokuryr.cz\/n\/wp-json\/wp\/v2\/posts"}],"about":[{"href":"https:\/\/www.infokuryr.cz\/n\/wp-json\/wp\/v2\/types\/post"}],"author":[{"embeddable":true,"href":"https:\/\/www.infokuryr.cz\/n\/wp-json\/wp\/v2\/users\/2"}],"replies":[{"embeddable":true,"href":"https:\/\/www.infokuryr.cz\/n\/wp-json\/wp\/v2\/comments?post=94223"}],"version-history":[{"count":0,"href":"https:\/\/www.infokuryr.cz\/n\/wp-json\/wp\/v2\/posts\/94223\/revisions"}],"wp:featuredmedia":[{"embeddable":true,"href":"https:\/\/www.infokuryr.cz\/n\/wp-json\/wp\/v2\/media\/94224"}],"wp:attachment":[{"href":"https:\/\/www.infokuryr.cz\/n\/wp-json\/wp\/v2\/media?parent=94223"}],"wp:term":[{"taxonomy":"category","embeddable":true,"href":"https:\/\/www.infokuryr.cz\/n\/wp-json\/wp\/v2\/categories?post=94223"},{"taxonomy":"post_tag","embeddable":true,"href":"https:\/\/www.infokuryr.cz\/n\/wp-json\/wp\/v2\/tags?post=94223"}],"curies":[{"name":"wp","href":"https:\/\/api.w.org\/{rel}","templated":true}]}}