{"id":94217,"date":"2025-12-09T04:56:23","date_gmt":"2025-12-09T03:56:23","guid":{"rendered":"https:\/\/www.infokuryr.cz\/n\/?p=94217"},"modified":"2025-12-09T04:56:23","modified_gmt":"2025-12-09T03:56:23","slug":"nemecka-aristokratka-pozvala-na-navstevu-sefku-opozice-zapalili-ji-dum-a-policie-to-odmita-vysetrovat","status":"publish","type":"post","link":"https:\/\/www.infokuryr.cz\/n\/2025\/12\/09\/nemecka-aristokratka-pozvala-na-navstevu-sefku-opozice-zapalili-ji-dum-a-policie-to-odmita-vysetrovat\/","title":{"rendered":"N\u011bmeck\u00e1 aristokratka pozvala na n\u00e1v\u0161t\u011bvu \u0161\u00e9fku opozice. Zap\u00e1lili j\u00ed d\u016fm a policie to odm\u00edt\u00e1 vy\u0161et\u0159ovat\u2026"},"content":{"rendered":"<div id=\"fb-root\"><\/div>\n<p><strong>V\u00fdznamn\u00e1 n\u011bmeck\u00e1 aristokratka hrab\u011bnka Gloria von Thurn und Taxis pozvala na n\u00e1v\u0161t\u011bvu \u0161\u00e9fku AfD Alici Weidlovou. Odm\u011bnou j\u00ed bylo vyp\u00e1len\u00ed loveck\u00e9ho z\u00e1me\u010dku se \u0161kodou v milionech EUR<\/strong>.<\/p>\n<p><strong>Budova z\u00e1me\u010dku byla zap\u00e1lena \u00famysln\u011b a jednalo se o \u017eh\u00e1\u0159sk\u00fd \u00fatok. Nejpodivn\u011bj\u0161\u00ed na tom je, \u017ee m\u00edstn\u00ed n\u011bmeck\u00e1 policie a\u00a0<a href=\"https:\/\/jungefreiheit.de\/politik\/deutschland\/2025\/polizei-keine-hinweise-auf-vorsaetzliche-brandstiftung-bei-fuerstin-gloria\/\">prokuratura odm\u00edtly zah\u00e1jit vy\u0161et\u0159ov\u00e1n\u00ed<\/a>. To jen potvrzuje teorii, \u017ee za po\u017e\u00e1rem stoj\u00ed \u010d\u00e1st tajn\u00fdch slu\u017eeb, kter\u00e9 n\u011bmeck\u00e9 aristokracii vys\u00edlaj\u00ed sign\u00e1l. Neprotivte se islamizaci a zni\u010den\u00ed b\u00edl\u00e9ho N\u011bmecka.<\/strong><\/p>\n<p>N\u011bmecko je ztraceno a \u010ce\u0161i to mus\u00ed vz\u00edt rychle na v\u011bdom\u00ed!<\/p>\n<p><a href=\"https:\/\/ceskavec.com\/2025\/12\/nemecka-aristokratka-pozvala-na-navstevu-sefku-opozice-zapalili-ji-dum-a-policie-to-odmita-vysetrovat\">Aron G.<\/a><\/p>\n<p>To by se u n\u00e1s st\u00e1t nemohlo. V \u010cR je m\u00edstn\u00ed \u0161lechta otev\u0159en\u011b proti\u010desk\u00e1 a globalistick\u00e1, \u017ee to zni\u010d\u00ed i j\u00ed, t\u011bm hlup\u00e1k\u016fm nedoch\u00e1z\u00ed!<\/p>\n<p>&nbsp;<\/p>\n","protected":false},"excerpt":{"rendered":"<p>V\u00fdznamn\u00e1 n\u011bmeck\u00e1 aristokratka hrab\u011bnka Gloria von Thurn und Taxis pozvala na n\u00e1v\u0161t\u011bvu \u0161\u00e9fku AfD Alici&#8230;<\/p>\n","protected":false},"author":2,"featured_media":94218,"comment_status":"closed","ping_status":"closed","sticky":false,"template":"","format":"standard","meta":[],"categories":[7],"tags":[83,3563,84,624],"_links":{"self":[{"href":"https:\/\/www.infokuryr.cz\/n\/wp-json\/wp\/v2\/posts\/94217"}],"collection":[{"href":"https:\/\/www.infokuryr.cz\/n\/wp-json\/wp\/v2\/posts"}],"about":[{"href":"https:\/\/www.infokuryr.cz\/n\/wp-json\/wp\/v2\/types\/post"}],"author":[{"embeddable":true,"href":"https:\/\/www.infokuryr.cz\/n\/wp-json\/wp\/v2\/users\/2"}],"replies":[{"embeddable":true,"href":"https:\/\/www.infokuryr.cz\/n\/wp-json\/wp\/v2\/comments?post=94217"}],"version-history":[{"count":0,"href":"https:\/\/www.infokuryr.cz\/n\/wp-json\/wp\/v2\/posts\/94217\/revisions"}],"wp:featuredmedia":[{"embeddable":true,"href":"https:\/\/www.infokuryr.cz\/n\/wp-json\/wp\/v2\/media\/94218"}],"wp:attachment":[{"href":"https:\/\/www.infokuryr.cz\/n\/wp-json\/wp\/v2\/media?parent=94217"}],"wp:term":[{"taxonomy":"category","embeddable":true,"href":"https:\/\/www.infokuryr.cz\/n\/wp-json\/wp\/v2\/categories?post=94217"},{"taxonomy":"post_tag","embeddable":true,"href":"https:\/\/www.infokuryr.cz\/n\/wp-json\/wp\/v2\/tags?post=94217"}],"curies":[{"name":"wp","href":"https:\/\/api.w.org\/{rel}","templated":true}]}}