{"id":94161,"date":"2025-12-09T00:15:20","date_gmt":"2025-12-08T23:15:20","guid":{"rendered":"https:\/\/www.infokuryr.cz\/n\/?p=94161"},"modified":"2025-12-08T11:51:33","modified_gmt":"2025-12-08T10:51:33","slug":"ctvrta-rise-musk-se-obraci-proti-tyranum-eu-pote-co-dostal-obrovskou-pokutu","status":"publish","type":"post","link":"https:\/\/www.infokuryr.cz\/n\/2025\/12\/09\/ctvrta-rise-musk-se-obraci-proti-tyranum-eu-pote-co-dostal-obrovskou-pokutu\/","title":{"rendered":"\u201e\u010ctvrt\u00e1 \u0159\u00ed\u0161e\u201c: Musk se obrac\u00ed proti \u201etyran\u016fm\u201c EU pot\u00e9, co dostal obrovskou pokutu"},"content":{"rendered":"<div id=\"fb-root\"><\/div>\n<div class=\"elementor-element elementor-element-1fb4c2c elementor-widget elementor-widget-theme-post-content\" data-id=\"1fb4c2c\" data-element_type=\"widget\" data-widget_type=\"theme-post-content.default\">\n<div class=\"elementor-widget-container\">\n<p><strong><u><span dir=\"auto\">Aktualizace (1300ET):<\/span><\/u><\/strong><span dir=\"auto\">\u00a0Elon Musk se nenech\u00e1 jen tak p\u0159ijmout nehor\u00e1znou pokutu ulo\u017eenou bruselsk\u00fdmi byrokraty a ost\u0159e kritizuje org\u00e1ny EU za<\/span><strong><span dir=\"auto\">\u00a0p\u0159ijet\u00ed nacistick\u00fdch charakteristik a potla\u010dov\u00e1n\u00ed z\u00e1jm\u016f vlastn\u00edch ob\u010dan\u016f\u2026<\/span><\/strong><\/p>\n<div class=\"twitter-tweet twitter-tweet-rendered\"><iframe id=\"twitter-widget-0\" class=\"\" title=\"X Post\" src=\"https:\/\/platform.twitter.com\/embed\/Tweet.html?dnt=false&amp;embedId=twitter-widget-0&amp;features=eyJ0ZndfdGltZWxpbmVfbGlzdCI6eyJidWNrZXQiOltdLCJ2ZXJzaW9uIjpudWxsfSwidGZ3X2ZvbGxvd2VyX2NvdW50X3N1bnNldCI6eyJidWNrZXQiOnRydWUsInZlcnNpb24iOm51bGx9LCJ0ZndfdHdlZXRfZWRpdF9iYWNrZW5kIjp7ImJ1Y2tldCI6Im9uIiwidmVyc2lvbiI6bnVsbH0sInRmd19yZWZzcmNfc2Vzc2lvbiI6eyJidWNrZXQiOiJvbiIsInZlcnNpb24iOm51bGx9LCJ0ZndfZm9zbnJfc29mdF9pbnRlcnZlbnRpb25zX2VuYWJsZWQiOnsiYnVja2V0Ijoib24iLCJ2ZXJzaW9uIjpudWxsfSwidGZ3X21peGVkX21lZGlhXzE1ODk3Ijp7ImJ1Y2tldCI6InRyZWF0bWVudCIsInZlcnNpb24iOm51bGx9LCJ0ZndfZXhwZXJpbWVudHNfY29va2llX2V4cGlyYXRpb24iOnsiYnVja2V0IjoxMjA5NjAwLCJ2ZXJzaW9uIjpudWxsfSwidGZ3X3Nob3dfYmlyZHdhdGNoX3Bpdm90c19lbmFibGVkIjp7ImJ1Y2tldCI6Im9uIiwidmVyc2lvbiI6bnVsbH0sInRmd19kdXBsaWNhdGVfc2NyaWJlc190b19zZXR0aW5ncyI6eyJidWNrZXQiOiJvbiIsInZlcnNpb24iOm51bGx9LCJ0ZndfdXNlX3Byb2ZpbGVfaW1hZ2Vfc2hhcGVfZW5hYmxlZCI6eyJidWNrZXQiOiJvbiIsInZlcnNpb24iOm51bGx9LCJ0ZndfdmlkZW9faGxzX2R5bmFtaWNfbWFuaWZlc3RzXzE1MDgyIjp7ImJ1Y2tldCI6InRydWVfYml0cmF0ZSIsInZlcnNpb24iOm51bGx9LCJ0ZndfbGVnYWN5X3RpbWVsaW5lX3N1bnNldCI6eyJidWNrZXQiOnRydWUsInZlcnNpb24iOm51bGx9LCJ0ZndfdHdlZXRfZWRpdF9mcm9udGVuZCI6eyJidWNrZXQiOiJvbiIsInZlcnNpb24iOm51bGx9fQ%3D%3D&amp;frame=false&amp;hideCard=false&amp;hideThread=false&amp;id=1997610636050588151&amp;lang=cs&amp;origin=https%3A%2F%2Funcutnews.ch%2Fviertes-reich-musk-schlaegt-nach-x-geldstrafe-gegen-eu-tyrannen-zurueck%2F&amp;sessionId=862960f859d9b501346909024911a57df4106898&amp;theme=light&amp;widgetsVersion=2615f7e52b7e0%3A1702314776716&amp;width=550px\" frameborder=\"0\" scrolling=\"no\" allowfullscreen=\"allowfullscreen\" data-tweet-id=\"1997610636050588151\" data-mce-fragment=\"1\"><\/iframe><\/div>\n<p><em><strong><span dir=\"auto\">P\u0159eklad \u201eX\u201c<\/span><\/strong><span dir=\"auto\">\u00a0: Na druh\u00e9m obr\u00e1zku je vid\u011bt tyransk\u00e1, nevolen\u00e1 byrokracie, kter\u00e1 utla\u010duje evropsk\u00e9 ob\u010dany.<\/span><\/em><\/p>\n<p><span dir=\"auto\">Jak informuje Catherine Salgado pro PJMedia.com,\u00a0<\/span><strong><span dir=\"auto\">Musk tak\u00e9 sd\u00edlel p\u0159\u00edsp\u011bvek o irsk\u00e9m u\u010diteli Enochu Burkeovi, kter\u00fd byl uv\u011bzn\u011bn za to, \u017ee odm\u00edtl pou\u017e\u00edvat transgender z\u00e1jmena<\/span><\/strong><span dir=\"auto\">\u00a0, a pozd\u011bji odpov\u011bd\u011bl jin\u00e9mu u\u017eivateli: \u201eTolik politik\u016f v Evrop\u011b jsou zr\u00e1dci vlastn\u00edho lidu.\u201c<\/span><\/p>\n<p><span dir=\"auto\">Musk pouk\u00e1zal na to, \u017ee Meta m\u00e1\u00a0<\/span><strong><span dir=\"auto\">ov\u011b\u0159ovac\u00ed program podobn\u00fd tomu od X<\/span><\/strong><span dir=\"auto\">\u00a0, ale EU neulo\u017eila Met\u011b vysok\u00e9 pokuty, proto\u017ee je n\u00e1chyln\u011bj\u0161\u00ed k cenzu\u0159e.<\/span><\/p>\n<p><span dir=\"auto\">Musk se znovu pod\u011blil a zopakoval sv\u00e9 p\u0159edchoz\u00ed vysv\u011btlen\u00ed, pro\u010d si v\u016fbec koupil X (tehdy Twitter).<\/span><\/p>\n<p><em><span dir=\"auto\">\u201e\u00a0<\/span><\/em><strong><em><span dir=\"auto\">Nekoupil jsem si Twitter, proto\u017ee jsem si myslel, \u017ee to bude skv\u011bl\u00fd zp\u016fsob, jak vyd\u011blat pen\u00edze.<\/span><\/em><\/strong><em><span dir=\"auto\">\u00a0V\u011bd\u011bl jsem, \u017ee budu \u010delit nespo\u010dtu \u00fatok\u016f a kritiky.\u201c<\/span><\/em><\/p>\n<p><em><span dir=\"auto\">Opravdu jsem c\u00edtil, \u017ee civilizaci hroz\u00ed nebezpe\u010d\u00ed, pokud se jedna z hlavn\u00edch online platforem nerozd\u011bl\u00ed, jeliko\u017e se v\u0161echny chovaly v souladu s tradi\u010dn\u00edmi m\u00e9dii.<\/span><\/em><\/p>\n<p><strong><em><span dir=\"auto\">\u201eDoslova nebylo kde zjistit pravdu. Bylo to t\u00e9m\u011b\u0159 nemo\u017en\u00e9. V\u0161echno bylo cenzurov\u00e1no. S\u00edla cenzurn\u00edho apar\u00e1tu byla neuv\u011b\u0159iteln\u00e1<\/span><\/em><\/strong><em><span dir=\"auto\">\u00a0,\u201c \u0159ekl Musk.<\/span><\/em><\/p>\n<p><span dir=\"auto\">Zd\u00e1 se, \u017ee EU p\u0159eb\u00edr\u00e1 my\u0161lenky od nacistick\u00e9ho dikt\u00e1tora 20. stolet\u00ed Adolfa Hitlera\u2026<\/span><\/p>\n<div class=\"twitter-tweet twitter-tweet-rendered\"><iframe id=\"twitter-widget-1\" class=\"\" title=\"X Post\" src=\"https:\/\/platform.twitter.com\/embed\/Tweet.html?dnt=false&amp;embedId=twitter-widget-1&amp;features=eyJ0ZndfdGltZWxpbmVfbGlzdCI6eyJidWNrZXQiOltdLCJ2ZXJzaW9uIjpudWxsfSwidGZ3X2ZvbGxvd2VyX2NvdW50X3N1bnNldCI6eyJidWNrZXQiOnRydWUsInZlcnNpb24iOm51bGx9LCJ0ZndfdHdlZXRfZWRpdF9iYWNrZW5kIjp7ImJ1Y2tldCI6Im9uIiwidmVyc2lvbiI6bnVsbH0sInRmd19yZWZzcmNfc2Vzc2lvbiI6eyJidWNrZXQiOiJvbiIsInZlcnNpb24iOm51bGx9LCJ0ZndfZm9zbnJfc29mdF9pbnRlcnZlbnRpb25zX2VuYWJsZWQiOnsiYnVja2V0Ijoib24iLCJ2ZXJzaW9uIjpudWxsfSwidGZ3X21peGVkX21lZGlhXzE1ODk3Ijp7ImJ1Y2tldCI6InRyZWF0bWVudCIsInZlcnNpb24iOm51bGx9LCJ0ZndfZXhwZXJpbWVudHNfY29va2llX2V4cGlyYXRpb24iOnsiYnVja2V0IjoxMjA5NjAwLCJ2ZXJzaW9uIjpudWxsfSwidGZ3X3Nob3dfYmlyZHdhdGNoX3Bpdm90c19lbmFibGVkIjp7ImJ1Y2tldCI6Im9uIiwidmVyc2lvbiI6bnVsbH0sInRmd19kdXBsaWNhdGVfc2NyaWJlc190b19zZXR0aW5ncyI6eyJidWNrZXQiOiJvbiIsInZlcnNpb24iOm51bGx9LCJ0ZndfdXNlX3Byb2ZpbGVfaW1hZ2Vfc2hhcGVfZW5hYmxlZCI6eyJidWNrZXQiOiJvbiIsInZlcnNpb24iOm51bGx9LCJ0ZndfdmlkZW9faGxzX2R5bmFtaWNfbWFuaWZlc3RzXzE1MDgyIjp7ImJ1Y2tldCI6InRydWVfYml0cmF0ZSIsInZlcnNpb24iOm51bGx9LCJ0ZndfbGVnYWN5X3RpbWVsaW5lX3N1bnNldCI6eyJidWNrZXQiOnRydWUsInZlcnNpb24iOm51bGx9LCJ0ZndfdHdlZXRfZWRpdF9mcm9udGVuZCI6eyJidWNrZXQiOiJvbiIsInZlcnNpb24iOm51bGx9fQ%3D%3D&amp;frame=false&amp;hideCard=false&amp;hideThread=false&amp;id=1997533799748608099&amp;lang=cs&amp;origin=https%3A%2F%2Funcutnews.ch%2Fviertes-reich-musk-schlaegt-nach-x-geldstrafe-gegen-eu-tyrannen-zurueck%2F&amp;sessionId=862960f859d9b501346909024911a57df4106898&amp;theme=light&amp;widgetsVersion=2615f7e52b7e0%3A1702314776716&amp;width=550px\" frameborder=\"0\" scrolling=\"no\" allowfullscreen=\"allowfullscreen\" data-tweet-id=\"1997533799748608099\" data-mce-fragment=\"1\"><\/iframe><\/div>\n<p><em><strong><span dir=\"auto\">P\u0159eklad \u201eX\u201c<\/span><\/strong><span dir=\"auto\">\u00a0: Docela p\u0159esn\u00fd<\/span><\/em><\/p>\n<p><span dir=\"auto\">Musk potvrdil, \u017ee hl\u00e1\u0161en\u00ed jin\u00e9ho u\u017eivatele o tom, \u017ee X\u00a0po ulo\u017een\u00ed pokuty\u00a0<\/span><strong><span dir=\"auto\">zru\u0161il reklamn\u00ed \u00fa\u010det Evropsk\u00e9 komise, bylo pravdiv\u00e9.<\/span><\/strong><\/p>\n<p><span dir=\"auto\">Twitter si d\u0159\u00edve \u00fa\u010dtoval za modr\u00fd ov\u011b\u0159ovac\u00ed odznak kolem 15 000 dolar\u016f, zat\u00edmco p\u0159edplatn\u00e9 X Premium nyn\u00ed stoj\u00ed jen p\u00e1r dolar\u016f m\u011bs\u00ed\u010dn\u011b.<\/span><\/p>\n<p><em><strong><span dir=\"auto\">Zlob\u00ed se snad \u00fa\u0159edn\u00edci EU jen na to, \u017ee si nyn\u00ed b\u011b\u017en\u00ed ob\u010dan\u00e9 mohou dovolit ov\u011b\u0159ov\u00e1n\u00ed, kter\u00e9 bylo d\u0159\u00edve vyhrazeno pro celebrity a bohat\u00e9?<\/span><\/strong><\/em><\/p>\n<p><span dir=\"auto\">* * *<\/span><\/p>\n<p><span dir=\"auto\">Mnoho zast\u00e1nc\u016f svobody projevu (nejvehementn\u011bji Jonathan Turley) ji\u017e l\u00e9ta varuje p\u0159ed hrozbou pro svobodu projevu, kterou p\u0159edstavuje Evropsk\u00e1 unie, zejm\u00e9na prost\u0159ednictv\u00edm p\u0159ijet\u00ed nechvaln\u011b zn\u00e1m\u00e9ho z\u00e1kona o digit\u00e1ln\u00edch slu\u017eb\u00e1ch (DSA).<\/span><\/p>\n<p><span dir=\"auto\">EU prakticky vyhl\u00e1sila v\u00e1lku svobod\u011b projevu a zam\u011b\u0159uje se na americk\u00e9 firmy.<\/span><\/p>\n<p><strong><span dir=\"auto\">Tato v\u00e1lka pr\u00e1v\u011b za\u010dala prvn\u00ed pokutou od DSA.<\/span><\/strong><\/p>\n<p><span dir=\"auto\">Nen\u00ed divu, \u017ee jako c\u00edl byla vybr\u00e1na spole\u010dnost X \u2013 spole\u010dnost, kterou mnoz\u00ed v EU a USA obvi\u0148uj\u00ed z oslabov\u00e1n\u00ed ochrany svobody projevu.<\/span><\/p>\n<p><strong><span dir=\"auto\">V podstat\u011b jde o trest za to, \u017ee se EU nepod\u0159\u00eddila pevn\u00e9 kontrole online obsahu.<\/span><\/strong><\/p>\n<figure class=\"wp-block-image aligncenter size-large\"><img decoding=\"async\" loading=\"lazy\" class=\"aligncenter\" src=\"https:\/\/assets.zerohedge.com\/s3fs-public\/inline-images\/Musk-1_0.jpg?itok=BdfwKaMU\" alt=\"\" width=\"841\" height=\"473\" \/><\/figure>\n<p><span dir=\"auto\">Jak zd\u016fraz\u0148uje Steve Watson z Modernity.news,\u00a0<\/span><strong><span dir=\"auto\">jemn\u011b to zav\u00e1n\u00ed stejnou mstivou taktikou, kterou EU<\/span><\/strong><span dir=\"auto\">\u00a0pou\u017e\u00edv\u00e1 od Muskovy akvizice Twitteru v roce 2022. To nen\u00ed n\u00e1hoda: Brusel se na n\u011bj zam\u011b\u0159il pr\u00e1v\u011b proto, \u017ee platformu prom\u011bnil v \u00fato\u010di\u0161t\u011b pro nefiltrovanou diskusi a odm\u00edt\u00e1 dovolit nevolen\u00fdm technokrat\u016fm, aby ji libovoln\u011b cenzurovali.<\/span><\/p>\n<p><span dir=\"auto\">Nejde o jednor\u00e1zovou r\u00e1nu, ale o vyvrcholen\u00ed let v\u00fdhr\u016f\u017eek a obt\u011b\u017eov\u00e1n\u00ed. U\u017e v lednu 2023 m\u00edstop\u0159edsedkyn\u011b Evropsk\u00e9 komise V\u011bra Jourov\u00e1 otev\u0159en\u011b varovala Muska, \u017ee jeho \u201eabsolutismus svobody projevu\u201c nebude fungovat, prohl\u00e1sila, \u017ee \u201e\u00e9ra Divok\u00e9ho z\u00e1padu skon\u010dila\u201c, a pohrozila sankcemi, pokud Twitter nebude dodr\u017eovat p\u0159edpisy DSA. Neleg\u00e1ln\u00ed obsah srovnala s \u010d\u00edmkoli, co elity pova\u017euj\u00ed za ur\u00e1\u017eliv\u00e9, a t\u00edm p\u0159ipravila cestu k dne\u0161n\u00ed pokut\u011b.<\/span><\/p>\n<div class=\"twitter-tweet twitter-tweet-rendered\"><iframe id=\"twitter-widget-2\" class=\"\" title=\"X Post\" src=\"https:\/\/platform.twitter.com\/embed\/Tweet.html?dnt=false&amp;embedId=twitter-widget-2&amp;features=eyJ0ZndfdGltZWxpbmVfbGlzdCI6eyJidWNrZXQiOltdLCJ2ZXJzaW9uIjpudWxsfSwidGZ3X2ZvbGxvd2VyX2NvdW50X3N1bnNldCI6eyJidWNrZXQiOnRydWUsInZlcnNpb24iOm51bGx9LCJ0ZndfdHdlZXRfZWRpdF9iYWNrZW5kIjp7ImJ1Y2tldCI6Im9uIiwidmVyc2lvbiI6bnVsbH0sInRmd19yZWZzcmNfc2Vzc2lvbiI6eyJidWNrZXQiOiJvbiIsInZlcnNpb24iOm51bGx9LCJ0ZndfZm9zbnJfc29mdF9pbnRlcnZlbnRpb25zX2VuYWJsZWQiOnsiYnVja2V0Ijoib24iLCJ2ZXJzaW9uIjpudWxsfSwidGZ3X21peGVkX21lZGlhXzE1ODk3Ijp7ImJ1Y2tldCI6InRyZWF0bWVudCIsInZlcnNpb24iOm51bGx9LCJ0ZndfZXhwZXJpbWVudHNfY29va2llX2V4cGlyYXRpb24iOnsiYnVja2V0IjoxMjA5NjAwLCJ2ZXJzaW9uIjpudWxsfSwidGZ3X3Nob3dfYmlyZHdhdGNoX3Bpdm90c19lbmFibGVkIjp7ImJ1Y2tldCI6Im9uIiwidmVyc2lvbiI6bnVsbH0sInRmd19kdXBsaWNhdGVfc2NyaWJlc190b19zZXR0aW5ncyI6eyJidWNrZXQiOiJvbiIsInZlcnNpb24iOm51bGx9LCJ0ZndfdXNlX3Byb2ZpbGVfaW1hZ2Vfc2hhcGVfZW5hYmxlZCI6eyJidWNrZXQiOiJvbiIsInZlcnNpb24iOm51bGx9LCJ0ZndfdmlkZW9faGxzX2R5bmFtaWNfbWFuaWZlc3RzXzE1MDgyIjp7ImJ1Y2tldCI6InRydWVfYml0cmF0ZSIsInZlcnNpb24iOm51bGx9LCJ0ZndfbGVnYWN5X3RpbWVsaW5lX3N1bnNldCI6eyJidWNrZXQiOnRydWUsInZlcnNpb24iOm51bGx9LCJ0ZndfdHdlZXRfZWRpdF9mcm9udGVuZCI6eyJidWNrZXQiOiJvbiIsInZlcnNpb24iOm51bGx9fQ%3D%3D&amp;frame=false&amp;hideCard=false&amp;hideThread=false&amp;id=1617349102777561088&amp;lang=cs&amp;origin=https%3A%2F%2Funcutnews.ch%2Fviertes-reich-musk-schlaegt-nach-x-geldstrafe-gegen-eu-tyrannen-zurueck%2F&amp;sessionId=862960f859d9b501346909024911a57df4106898&amp;theme=light&amp;widgetsVersion=2615f7e52b7e0%3A1702314776716&amp;width=550px\" frameborder=\"0\" scrolling=\"no\" allowfullscreen=\"allowfullscreen\" data-tweet-id=\"1617349102777561088\" data-mce-fragment=\"1\"><\/iframe><\/div>\n<p><em><strong><span dir=\"auto\">P\u0159eklad \u201eX\u201c<\/span><\/strong><span dir=\"auto\">\u00a0: Na v\u00fdro\u010dn\u00edm zased\u00e1n\u00ed Sv\u011btov\u00e9ho ekonomick\u00e9ho f\u00f3ra pohrozil regula\u010dn\u00ed org\u00e1n EU Twitteru a Elonu Muskovi sankcemi. Je velmi nespokojen s t\u00edm, \u017ee se na Twitteru voln\u011b vyjad\u0159uj\u00ed nekontrolovan\u00e9 n\u00e1zory. Tyto my\u0161lenky jsou pro \u00fa\u0159edn\u00edky EU p\u0159\u00edli\u0161 nebezpe\u010dn\u00e9, ne\u017e aby se s nimi vypo\u0159\u00e1dali!<\/span><\/em><\/p>\n<p><span dir=\"auto\">V \u0159\u00edjnu 2023 zaslal komisa\u0159 EU Thierry Breton dopis, v n\u011bm\u017e nal\u00e9hal na organizaci X, aby podnikla kroky proti \u201enez\u00e1konn\u00e9mu obsahu a dezinformac\u00edm\u201c souvisej\u00edc\u00edm s konfliktem v Gaze. Musk kontroval po\u017eadavkem na konkr\u00e9tn\u00ed seznam poru\u0161en\u00ed, aby si ve\u0159ejnost mohla sama posoudit.<\/span><\/p>\n<p><span dir=\"auto\">Bretonova v\u00e1gn\u00ed obvin\u011bn\u00ed \u2013 zalo\u017een\u00e1 na zpronev\u011b\u0159en\u00fdch obr\u00e1zc\u00edch a nepotvrzen\u00fdch tvrzen\u00edch \u2013 zd\u016fraznila preferenci EU sp\u00ed\u0161e pro transparentnost ne\u017e pro odpov\u011bdnost. Musk po\u017eadoval: \u201eUve\u010fte poru\u0161en\u00ed, o kter\u00fdch se zmi\u0148ujete, v bod\u011b X, aby je ve\u0159ejnost mohla vid\u011bt.\u201c EU nereagovala, ale hrozby pokra\u010dovaly.<\/span><\/p>\n<div class=\"twitter-tweet twitter-tweet-rendered\"><iframe id=\"twitter-widget-3\" class=\"\" title=\"X Post\" src=\"https:\/\/platform.twitter.com\/embed\/Tweet.html?dnt=false&amp;embedId=twitter-widget-3&amp;features=eyJ0ZndfdGltZWxpbmVfbGlzdCI6eyJidWNrZXQiOltdLCJ2ZXJzaW9uIjpudWxsfSwidGZ3X2ZvbGxvd2VyX2NvdW50X3N1bnNldCI6eyJidWNrZXQiOnRydWUsInZlcnNpb24iOm51bGx9LCJ0ZndfdHdlZXRfZWRpdF9iYWNrZW5kIjp7ImJ1Y2tldCI6Im9uIiwidmVyc2lvbiI6bnVsbH0sInRmd19yZWZzcmNfc2Vzc2lvbiI6eyJidWNrZXQiOiJvbiIsInZlcnNpb24iOm51bGx9LCJ0ZndfZm9zbnJfc29mdF9pbnRlcnZlbnRpb25zX2VuYWJsZWQiOnsiYnVja2V0Ijoib24iLCJ2ZXJzaW9uIjpudWxsfSwidGZ3X21peGVkX21lZGlhXzE1ODk3Ijp7ImJ1Y2tldCI6InRyZWF0bWVudCIsInZlcnNpb24iOm51bGx9LCJ0ZndfZXhwZXJpbWVudHNfY29va2llX2V4cGlyYXRpb24iOnsiYnVja2V0IjoxMjA5NjAwLCJ2ZXJzaW9uIjpudWxsfSwidGZ3X3Nob3dfYmlyZHdhdGNoX3Bpdm90c19lbmFibGVkIjp7ImJ1Y2tldCI6Im9uIiwidmVyc2lvbiI6bnVsbH0sInRmd19kdXBsaWNhdGVfc2NyaWJlc190b19zZXR0aW5ncyI6eyJidWNrZXQiOiJvbiIsInZlcnNpb24iOm51bGx9LCJ0ZndfdXNlX3Byb2ZpbGVfaW1hZ2Vfc2hhcGVfZW5hYmxlZCI6eyJidWNrZXQiOiJvbiIsInZlcnNpb24iOm51bGx9LCJ0ZndfdmlkZW9faGxzX2R5bmFtaWNfbWFuaWZlc3RzXzE1MDgyIjp7ImJ1Y2tldCI6InRydWVfYml0cmF0ZSIsInZlcnNpb24iOm51bGx9LCJ0ZndfbGVnYWN5X3RpbWVsaW5lX3N1bnNldCI6eyJidWNrZXQiOnRydWUsInZlcnNpb24iOm51bGx9LCJ0ZndfdHdlZXRfZWRpdF9mcm9udGVuZCI6eyJidWNrZXQiOiJvbiIsInZlcnNpb24iOm51bGx9fQ%3D%3D&amp;frame=false&amp;hideCard=false&amp;hideThread=false&amp;id=1711832919335976991&amp;lang=cs&amp;origin=https%3A%2F%2Funcutnews.ch%2Fviertes-reich-musk-schlaegt-nach-x-geldstrafe-gegen-eu-tyrannen-zurueck%2F&amp;sessionId=862960f859d9b501346909024911a57df4106898&amp;theme=light&amp;widgetsVersion=2615f7e52b7e0%3A1702314776716&amp;width=550px\" frameborder=\"0\" scrolling=\"no\" allowfullscreen=\"allowfullscreen\" data-tweet-id=\"1711832919335976991\" data-mce-fragment=\"1\"><\/iframe><\/div>\n<p><em><strong><span dir=\"auto\">P\u0159eklad \u201eX\u201c<\/span><\/strong><span dir=\"auto\">\u00a0: Po teroristick\u00fdch \u00fatoc\u00edch Ham\u00e1su proti [nejasn\u00e9]\u00a0<\/span>\ud83c\uddee\ud83c\uddf1<span dir=\"auto\">m\u00e1me d\u016fkazy, \u017ee X\/Twitter je vyu\u017e\u00edv\u00e1n k \u0161\u00ed\u0159en\u00ed neleg\u00e1ln\u00edho obsahu a dezinformac\u00ed v EU. Nal\u00e9hav\u00fd dopis @elonmuskovi ohledn\u011b povinnost\u00ed vypl\u00fdvaj\u00edc\u00edch z #DSA.<\/span><\/em><\/p>\n<p><em><span dir=\"auto\">Na\u0161\u00ed politikou je, \u017ee v\u0161e je otev\u0159en\u00e9 a transparentn\u00ed, co\u017e je p\u0159\u00edstup, kter\u00fd EU, pokud v\u00edm, podporuje. Pros\u00edm, uve\u010fte na stran\u011b 1 poru\u0161en\u00ed, o kter\u00fdch mluv\u00edte, aby je ve\u0159ejnost mohla vid\u011bt. D\u011bkuji mnohokr\u00e1t.<\/span><\/em><\/p>\n<div class=\"twitter-tweet twitter-tweet-rendered\"><iframe id=\"twitter-widget-4\" class=\"\" title=\"X Post\" src=\"https:\/\/platform.twitter.com\/embed\/Tweet.html?dnt=false&amp;embedId=twitter-widget-4&amp;features=eyJ0ZndfdGltZWxpbmVfbGlzdCI6eyJidWNrZXQiOltdLCJ2ZXJzaW9uIjpudWxsfSwidGZ3X2ZvbGxvd2VyX2NvdW50X3N1bnNldCI6eyJidWNrZXQiOnRydWUsInZlcnNpb24iOm51bGx9LCJ0ZndfdHdlZXRfZWRpdF9iYWNrZW5kIjp7ImJ1Y2tldCI6Im9uIiwidmVyc2lvbiI6bnVsbH0sInRmd19yZWZzcmNfc2Vzc2lvbiI6eyJidWNrZXQiOiJvbiIsInZlcnNpb24iOm51bGx9LCJ0ZndfZm9zbnJfc29mdF9pbnRlcnZlbnRpb25zX2VuYWJsZWQiOnsiYnVja2V0Ijoib24iLCJ2ZXJzaW9uIjpudWxsfSwidGZ3X21peGVkX21lZGlhXzE1ODk3Ijp7ImJ1Y2tldCI6InRyZWF0bWVudCIsInZlcnNpb24iOm51bGx9LCJ0ZndfZXhwZXJpbWVudHNfY29va2llX2V4cGlyYXRpb24iOnsiYnVja2V0IjoxMjA5NjAwLCJ2ZXJzaW9uIjpudWxsfSwidGZ3X3Nob3dfYmlyZHdhdGNoX3Bpdm90c19lbmFibGVkIjp7ImJ1Y2tldCI6Im9uIiwidmVyc2lvbiI6bnVsbH0sInRmd19kdXBsaWNhdGVfc2NyaWJlc190b19zZXR0aW5ncyI6eyJidWNrZXQiOiJvbiIsInZlcnNpb24iOm51bGx9LCJ0ZndfdXNlX3Byb2ZpbGVfaW1hZ2Vfc2hhcGVfZW5hYmxlZCI6eyJidWNrZXQiOiJvbiIsInZlcnNpb24iOm51bGx9LCJ0ZndfdmlkZW9faGxzX2R5bmFtaWNfbWFuaWZlc3RzXzE1MDgyIjp7ImJ1Y2tldCI6InRydWVfYml0cmF0ZSIsInZlcnNpb24iOm51bGx9LCJ0ZndfbGVnYWN5X3RpbWVsaW5lX3N1bnNldCI6eyJidWNrZXQiOnRydWUsInZlcnNpb24iOm51bGx9LCJ0ZndfdHdlZXRfZWRpdF9mcm9udGVuZCI6eyJidWNrZXQiOiJvbiIsInZlcnNpb24iOm51bGx9fQ%3D%3D&amp;frame=false&amp;hideCard=false&amp;hideThread=false&amp;id=1712091639131353202&amp;lang=cs&amp;origin=https%3A%2F%2Funcutnews.ch%2Fviertes-reich-musk-schlaegt-nach-x-geldstrafe-gegen-eu-tyrannen-zurueck%2F&amp;sessionId=862960f859d9b501346909024911a57df4106898&amp;theme=light&amp;widgetsVersion=2615f7e52b7e0%3A1702314776716&amp;width=550px\" frameborder=\"0\" scrolling=\"no\" allowfullscreen=\"allowfullscreen\" data-tweet-id=\"1712091639131353202\" data-mce-fragment=\"1\"><\/iframe><\/div>\n<p><em><strong><span dir=\"auto\">P\u0159eklady \u201eX\u201c<\/span><\/strong><span dir=\"auto\">\u00a0: D\u011bkuji. Jste si dob\u0159e v\u011bdomi hl\u00e1\u0161en\u00ed od va\u0161ich u\u017eivatel\u016f \u2013 a \u00fa\u0159ad\u016f \u2013 o fale\u0161n\u00e9m obsahu a oslavov\u00e1n\u00ed n\u00e1sil\u00ed. Je na v\u00e1s, abyste sv\u00e1 slova podpo\u0159ili \u010diny. M\u016fj t\u00fdm je i nad\u00e1le k dispozici, aby zajistil dodr\u017eov\u00e1n\u00ed z\u00e1kona o slu\u017eb\u00e1ch digit\u00e1ln\u00edch slu\u017eeb (DSA), kter\u00fd bude EU i nad\u00e1le d\u016fsledn\u011b vym\u00e1hat.<\/span><\/em><\/p>\n<p><em><span dir=\"auto\">Fungujeme otev\u0159en\u011b a transparentn\u011b. \u017d\u00e1dn\u00e9 z\u00e1kulisn\u00ed dohody. Sv\u00e9 obavy pros\u00edm sd\u011blte v\u00fdslovn\u011b na t\u00e9to platform\u011b.<\/span><\/em><\/p>\n<p><strong><span dir=\"auto\">Musk d\u00e1le<\/span><\/strong><span dir=\"auto\">\u00a0p\u0159edkl\u00e1d\u00e1 d\u016fkazy o tom, \u017ee\u00a0<\/span><strong><span dir=\"auto\">mu Evropsk\u00e1 unie zaslala form\u00e1ln\u00ed dopis, v n\u011bm\u017e ho \u017e\u00e1dala o cenzuru Donalda Trumpa b\u011bhem prezidentsk\u00fdch voleb v USA v roce 2024<\/span><\/strong><span dir=\"auto\">\u00a0.<\/span><\/p>\n<figure class=\"wp-block-image aligncenter size-large\"><img decoding=\"async\" loading=\"lazy\" class=\"aligncenter\" src=\"https:\/\/assets.zerohedge.com\/s3fs-public\/inline-images\/G7eGKrVWgAA2OKB.jpg?itok=i3yIITKE\" alt=\"\" width=\"701\" height=\"986\" \/><\/figure>\n<p><strong><span dir=\"auto\">Od Muskova p\u0159evzet\u00ed se X stalo boji\u0161t\u011bm za svobodu projevu,<\/span><\/strong><span dir=\"auto\">\u00a0kde jsou \u00fa\u010dty zablokovan\u00e9 za star\u00e9ho re\u017eimu znovu aktivov\u00e1ny a obsah zam\u011b\u0159en\u00fd na u\u017eivatele je up\u0159ednost\u0148ov\u00e1n p\u0159ed algoritmick\u00fdm potla\u010dov\u00e1n\u00edm. Pro EU je to v\u0161ak pr\u00e1v\u011b ten probl\u00e9m.<\/span><\/p>\n<p><span dir=\"auto\">Jejich z\u00e1kon o digit\u00e1ln\u00edch cenn\u00fdch pap\u00edrech (DSA) zmoc\u0148uje regula\u010dn\u00ed org\u00e1ny, aby pod rou\u0161kou boje proti \u201enen\u00e1vistn\u00fdm projev\u016fm\u201c a \u201edezinformac\u00edm\u201c diktovaly, co mohou platformy propagovat nebo degradovat. Ve skute\u010dnosti je to n\u00e1stroj k uml\u010den\u00ed kritiky otev\u0159en\u00fdch hranic, klimatick\u00e9 hysterie nebo jak\u00e9hokoli jin\u00e9ho narativu, kter\u00fd zpochyb\u0148uje globalistickou agendu.<\/span><\/p>\n<p><strong><span dir=\"auto\">Tato pokuta neexistuje ve vakuu \u2013 je sou\u010d\u00e1st\u00ed d\u011bsiv\u00e9ho vzorce p\u0159ekra\u010dov\u00e1n\u00ed pravomoc\u00ed EU, kter\u00e9 ohro\u017euje soukrom\u00ed a svobodu projevu na cel\u00e9m kontinentu.<\/span><\/strong><\/p>\n<p><span dir=\"auto\">Vezm\u011bme si nap\u0159\u00edklad navrhovan\u00fd z\u00e1kon o kontrole chatu, kter\u00fd by na\u0159izoval zadn\u00ed vr\u00e1tka v \u0161ifrovan\u00fdch zpr\u00e1v\u00e1ch v aplikac\u00edch jako WhatsApp a Signal.<\/span><\/p>\n<p><span dir=\"auto\">Prod\u00e1van\u00fd jako opat\u0159en\u00ed na ochranu d\u011bt\u00ed, by skenoval miliardy soukrom\u00fdch konverzac\u00ed a vystavoval u\u017eivatele hackersk\u00fdm \u00fatok\u016fm, podvod\u016fm a st\u00e1tn\u00edmu sledov\u00e1n\u00ed. Meredith Whittaker, gener\u00e1ln\u00ed \u0159editelka spole\u010dnosti Signal, jej kritizovala jako \u201ekatastrof\u00e1ln\u00ed obrat\u201c, kter\u00fd poru\u0161uje evropsk\u00e9 z\u00e1vazky v oblasti ochrany osobn\u00edch \u00fadaj\u016f, zat\u00edmco odborn\u00edci varuj\u00ed p\u0159ed masov\u00fdmi fale\u0161n\u00fdmi poplachy a geopolitick\u00fdm zneu\u017eit\u00edm.<\/span><\/p>\n<p><strong><span dir=\"auto\">K tomu se p\u0159id\u00e1vaj\u00ed agresivn\u00ed opat\u0159en\u00ed Bruselu v oblasti vym\u00e1h\u00e1n\u00ed pr\u00e1va.<\/span><\/strong><span dir=\"auto\">\u00a0V kv\u011btnu leto\u0161n\u00edho roku Evropsk\u00e1 komise za\u017ealovala \u010ceskou republiku, \u0160pan\u011blsko, Kypr, Polsko a Portugalsko za jejich zdr\u017eovac\u00ed taktiku p\u0159i implementaci z\u00e1kona o ochran\u011b osobn\u00edch \u00fadaj\u016f (DSA) \u2013 konkr\u00e9tn\u011b za to, \u017ee nejmenovaly n\u00e1rodn\u00ed koordin\u00e1tory a nestanovily sankce. Kritici to vn\u00edmaj\u00ed jako nucen\u00ed \u010dlensk\u00fdch st\u00e1t\u016f podrobit se sv\u011brac\u00ed kazajce dohledu, v n\u00ed\u017e mus\u00ed platformy nadm\u011brn\u011b cenzurovat, aby se vyhnuly pokut\u00e1m, a t\u00edm uml\u010dovat disentn\u00ed hlasy a chr\u00e1nit soukrom\u00ed u\u017eivatel\u016f.<\/span><\/p>\n<p><strong><span dir=\"auto\">J\u00e1drem toho je posedlost EU kontrolou toku informac\u00ed.<\/span><\/strong><span dir=\"auto\">\u00a0V projevu v Davosu v lednu 2024 p\u0159edsedkyn\u011b Komise Ursula von der Leyenov\u00e1 prohl\u00e1sila dezinformace za \u201enejvy\u0161\u0161\u00ed prioritu\u201c pro nadch\u00e1zej\u00edc\u00ed roky a vyzvala k \u201enov\u00e9mu glob\u00e1ln\u00edmu r\u00e1mci\u201c, v n\u011bm\u017e by vl\u00e1dy a velk\u00e9 technologick\u00e9 spole\u010dnosti spolupracovaly na monitorov\u00e1n\u00ed um\u011bl\u00e9 inteligence a online obsahu.<\/span><\/p>\n<p><span dir=\"auto\">Pochv\u00e1lila DSA za definov\u00e1n\u00ed odpov\u011bdnost\u00ed platforem, ale poselstv\u00ed bylo jasn\u00e9: platformy jako X, kter\u00e9 nedodr\u017euj\u00ed pravidla, mus\u00ed b\u00fdt rozd\u011bleny. Jourov\u00e1 souhlasila a setkala se s vedouc\u00edmi pracovn\u00edky spole\u010dnost\u00ed Meta a YouTube, aby zajistila dodr\u017eov\u00e1n\u00ed pravidel a z\u00e1rove\u0148 se zam\u011b\u0159ila na Musk\u016fv \u201eabsolutismus\u201c.<\/span><\/p>\n<p><strong><span dir=\"auto\">Tato opat\u0159en\u00ed odhaluj\u00ed pokrytectv\u00ed: EU tvrd\u00ed, \u017ee se zast\u00e1v\u00e1 demokracie, ale buduje orwellovsk\u00fd apar\u00e1t, kter\u00fd monitoruje, skenuje a trest\u00e1 prohl\u00e1\u0161en\u00ed. Nejde o bezpe\u010dnost \u2013 jde o moc.<\/span><\/strong><\/p>\n<p><span dir=\"auto\">Tento nejnov\u011bj\u0161\u00ed \u00fatok EU na X rozzlobil americk\u00e9ho viceprezidenta J. D. Vance, kter\u00fd v\u010dera, kdy\u017e se \u0161\u00ed\u0159ily zv\u011bsti o hroz\u00edc\u00ed sankci, napsal na X:<\/span><\/p>\n<p><em><strong><span dir=\"auto\">\u201eEU by m\u011bla podporovat svobodu projevu a ne \u00fato\u010dit na americk\u00e9 firmy za nesmysly.\u201c<\/span><\/strong><\/em><\/p>\n<div class=\"twitter-tweet twitter-tweet-rendered\"><iframe id=\"twitter-widget-5\" class=\"\" title=\"X Post\" src=\"https:\/\/platform.twitter.com\/embed\/Tweet.html?dnt=false&amp;embedId=twitter-widget-5&amp;features=eyJ0ZndfdGltZWxpbmVfbGlzdCI6eyJidWNrZXQiOltdLCJ2ZXJzaW9uIjpudWxsfSwidGZ3X2ZvbGxvd2VyX2NvdW50X3N1bnNldCI6eyJidWNrZXQiOnRydWUsInZlcnNpb24iOm51bGx9LCJ0ZndfdHdlZXRfZWRpdF9iYWNrZW5kIjp7ImJ1Y2tldCI6Im9uIiwidmVyc2lvbiI6bnVsbH0sInRmd19yZWZzcmNfc2Vzc2lvbiI6eyJidWNrZXQiOiJvbiIsInZlcnNpb24iOm51bGx9LCJ0ZndfZm9zbnJfc29mdF9pbnRlcnZlbnRpb25zX2VuYWJsZWQiOnsiYnVja2V0Ijoib24iLCJ2ZXJzaW9uIjpudWxsfSwidGZ3X21peGVkX21lZGlhXzE1ODk3Ijp7ImJ1Y2tldCI6InRyZWF0bWVudCIsInZlcnNpb24iOm51bGx9LCJ0ZndfZXhwZXJpbWVudHNfY29va2llX2V4cGlyYXRpb24iOnsiYnVja2V0IjoxMjA5NjAwLCJ2ZXJzaW9uIjpudWxsfSwidGZ3X3Nob3dfYmlyZHdhdGNoX3Bpdm90c19lbmFibGVkIjp7ImJ1Y2tldCI6Im9uIiwidmVyc2lvbiI6bnVsbH0sInRmd19kdXBsaWNhdGVfc2NyaWJlc190b19zZXR0aW5ncyI6eyJidWNrZXQiOiJvbiIsInZlcnNpb24iOm51bGx9LCJ0ZndfdXNlX3Byb2ZpbGVfaW1hZ2Vfc2hhcGVfZW5hYmxlZCI6eyJidWNrZXQiOiJvbiIsInZlcnNpb24iOm51bGx9LCJ0ZndfdmlkZW9faGxzX2R5bmFtaWNfbWFuaWZlc3RzXzE1MDgyIjp7ImJ1Y2tldCI6InRydWVfYml0cmF0ZSIsInZlcnNpb24iOm51bGx9LCJ0ZndfbGVnYWN5X3RpbWVsaW5lX3N1bnNldCI6eyJidWNrZXQiOnRydWUsInZlcnNpb24iOm51bGx9LCJ0ZndfdHdlZXRfZWRpdF9mcm9udGVuZCI6eyJidWNrZXQiOiJvbiIsInZlcnNpb24iOm51bGx9fQ%3D%3D&amp;frame=false&amp;hideCard=false&amp;hideThread=false&amp;id=1996701953372704921&amp;lang=cs&amp;origin=https%3A%2F%2Funcutnews.ch%2Fviertes-reich-musk-schlaegt-nach-x-geldstrafe-gegen-eu-tyrannen-zurueck%2F&amp;sessionId=862960f859d9b501346909024911a57df4106898&amp;theme=light&amp;widgetsVersion=2615f7e52b7e0%3A1702314776716&amp;width=550px\" frameborder=\"0\" scrolling=\"no\" allowfullscreen=\"allowfullscreen\" data-tweet-id=\"1996701953372704921\" data-mce-fragment=\"1\"><\/iframe><\/div>\n<p><em><strong><span dir=\"auto\">P\u0159eklad \u201eX\u201c<\/span><\/strong><span dir=\"auto\">\u00a0: Koluj\u00ed zv\u011bsti, \u017ee Evropsk\u00e1 komise ud\u011bl\u00ed spole\u010dnosti X pokutu v \u0159\u00e1du stovek milion\u016f dolar\u016f za to, \u017ee se nepou\u017e\u00edv\u00e1 cenzury. EU by m\u011bla podporovat svobodu projevu, m\u00edsto aby \u00fato\u010dila na americk\u00e9 spole\u010dnosti za nesmysly.<\/span><\/em><\/p>\n<p><span dir=\"auto\">Vanceova d\u0159\u00edv\u011bj\u0161\u00ed ostr\u00e1 kritika evropsk\u00e9 tyranie vyvolala v Bruselu velk\u00fd rozruch. Ve sv\u00e9m projevu na mnichovsk\u00e9 bezpe\u010dnostn\u00ed konferenci v \u00fanoru 2025 Vance ost\u0159e kritizoval l\u00eddry EU za k\u00e1z\u00e1n\u00ed demokracie, zat\u00fdk\u00e1n\u00ed ob\u010dan\u016f za tichou modlitbu, ru\u0161en\u00ed voleb a ignorov\u00e1n\u00ed voli\u010d\u016f ohledn\u011b masov\u00e9 migrace.<\/span><\/p>\n<p><em><span dir=\"auto\">\u201e\u017d\u00e1dn\u00fd voli\u010d na tomto kontinentu ne\u0161el k volebn\u00ed urn\u011b, aby otev\u0159el dve\u0159e milion\u016fm nekontrolovan\u00fdch imigrant\u016f,\u201c prohl\u00e1sil a popsal Evropany jako v\u00edce ne\u017e \u201ezam\u011bniteln\u00e1 kole\u010dka v glob\u00e1ln\u00ed ekonomice\u201c.<\/span><\/em><\/p>\n<p><span dir=\"auto\">N\u011bmeck\u00fd ministr obrany Boris Pistorius ozna\u010dil Vanceovy n\u00e1zory za \u201enep\u0159ijateln\u00e9\u201c, \u010d\u00edm\u017e potvrdil Vanceovu argumentaci ohledn\u011b normalizovan\u00e9ho autorit\u00e1\u0159stv\u00ed.<\/span><\/p>\n<p><span dir=\"auto\">Vanceova slova byla prorock\u00e1 \u2013 dne\u0161n\u00ed pokuta proti X je p\u0159\u00edkladem toho, jak EU vyu\u017e\u00edv\u00e1 z\u00e1kony jako zbra\u0148 k potla\u010den\u00ed platforem pro svobodu projevu, kter\u00e9 vn\u00edm\u00e1 jako hrozbu pro sv\u00e9 kontrolovan\u00e9 narativy. S Trumpem zp\u011bt v B\u00edl\u00e9m dom\u011b a Vanceem jako kl\u00ed\u010dov\u00fdm spojencem se d\u00e1 o\u010dek\u00e1vat odpor: Amerika nebude ne\u010dinn\u011b p\u0159ihl\u00ed\u017eet, zat\u00edmco spojenci podkop\u00e1vaj\u00ed samotn\u00e9 svobody, kter\u00e9 definuj\u00ed Z\u00e1pad.<\/span><\/p>\n<p><strong><span dir=\"auto\">Pokuta 140 milion\u016f dolar\u016f pro X nen\u00ed jen pen\u011b\u017en\u00ed trest \u2013 je to vyhl\u00e1\u0161en\u00ed v\u00e1lky necenzurovan\u00e9mu dialogu.<\/span><\/strong><\/p>\n<p><span dir=\"auto\">Muskova platforma z\u016fst\u00e1v\u00e1 jednou z posledn\u00edch v\u00fdznamn\u00fdch z\u00e1kladen, kde mohou my\u0161lenky voln\u011b proudit, neomezen\u00e9 globalistick\u00fdmi filtry. S t\u00edm, jak EU upev\u0148uje svou moc, je poselstv\u00ed jasn\u00e9: poslouchejte, nebo zahy\u0148te.<\/span><\/p>\n<p><span dir=\"auto\">Jak poznamen\u00e1v\u00e1 Jonathan Turley,\u00a0<\/span><strong><span dir=\"auto\">jedn\u00e1 se o prvn\u00ed pokutu v r\u00e1mci z\u00e1kona o slu\u017eb\u00e1ch v oblasti elektronick\u00fdch slu\u017eeb (DSA) a \u00fa\u0159edn\u00edci EU p\u0159ipustili, \u017ee bude tvo\u0159it z\u00e1klad pro dal\u0161\u00ed sankce, kter\u00e9 donut\u00ed spole\u010dnosti dodr\u017eovat \u201ehodnoty\u201c EU t\u00fdkaj\u00edc\u00ed se svobody projevu.<\/span><\/strong><\/p>\n<p><span dir=\"auto\">Konkr\u00e9tn\u011b Evropsk\u00e1 komise ulo\u017eila spole\u010dnosti X pokutu ve v\u00fd\u0161i 120 milion\u016f eur (140 milion\u016f dolar\u016f) pot\u00e9, co zjistila, \u017ee spole\u010dnost uvedla u\u017eivatele v omyl sv\u00fdm placen\u00fdm modr\u00fdm ov\u011b\u0159ovac\u00edm symbolem, neposkytla v\u00fdzkumn\u00edk\u016fm p\u0159\u00edstup k dat\u016fm a nez\u0159\u00eddila \u0159\u00e1dn\u00e9 \u00falo\u017ei\u0161t\u011b reklam.<\/span><\/p>\n<div class=\"twitter-tweet twitter-tweet-rendered\"><iframe id=\"twitter-widget-6\" class=\"\" title=\"X Post\" src=\"https:\/\/platform.twitter.com\/embed\/Tweet.html?dnt=false&amp;embedId=twitter-widget-6&amp;features=eyJ0ZndfdGltZWxpbmVfbGlzdCI6eyJidWNrZXQiOltdLCJ2ZXJzaW9uIjpudWxsfSwidGZ3X2ZvbGxvd2VyX2NvdW50X3N1bnNldCI6eyJidWNrZXQiOnRydWUsInZlcnNpb24iOm51bGx9LCJ0ZndfdHdlZXRfZWRpdF9iYWNrZW5kIjp7ImJ1Y2tldCI6Im9uIiwidmVyc2lvbiI6bnVsbH0sInRmd19yZWZzcmNfc2Vzc2lvbiI6eyJidWNrZXQiOiJvbiIsInZlcnNpb24iOm51bGx9LCJ0ZndfZm9zbnJfc29mdF9pbnRlcnZlbnRpb25zX2VuYWJsZWQiOnsiYnVja2V0Ijoib24iLCJ2ZXJzaW9uIjpudWxsfSwidGZ3X21peGVkX21lZGlhXzE1ODk3Ijp7ImJ1Y2tldCI6InRyZWF0bWVudCIsInZlcnNpb24iOm51bGx9LCJ0ZndfZXhwZXJpbWVudHNfY29va2llX2V4cGlyYXRpb24iOnsiYnVja2V0IjoxMjA5NjAwLCJ2ZXJzaW9uIjpudWxsfSwidGZ3X3Nob3dfYmlyZHdhdGNoX3Bpdm90c19lbmFibGVkIjp7ImJ1Y2tldCI6Im9uIiwidmVyc2lvbiI6bnVsbH0sInRmd19kdXBsaWNhdGVfc2NyaWJlc190b19zZXR0aW5ncyI6eyJidWNrZXQiOiJvbiIsInZlcnNpb24iOm51bGx9LCJ0ZndfdXNlX3Byb2ZpbGVfaW1hZ2Vfc2hhcGVfZW5hYmxlZCI6eyJidWNrZXQiOiJvbiIsInZlcnNpb24iOm51bGx9LCJ0ZndfdmlkZW9faGxzX2R5bmFtaWNfbWFuaWZlc3RzXzE1MDgyIjp7ImJ1Y2tldCI6InRydWVfYml0cmF0ZSIsInZlcnNpb24iOm51bGx9LCJ0ZndfbGVnYWN5X3RpbWVsaW5lX3N1bnNldCI6eyJidWNrZXQiOnRydWUsInZlcnNpb24iOm51bGx9LCJ0ZndfdHdlZXRfZWRpdF9mcm9udGVuZCI6eyJidWNrZXQiOiJvbiIsInZlcnNpb24iOm51bGx9fQ%3D%3D&amp;frame=false&amp;hideCard=false&amp;hideThread=false&amp;id=1997183557660299345&amp;lang=cs&amp;origin=https%3A%2F%2Funcutnews.ch%2Fviertes-reich-musk-schlaegt-nach-x-geldstrafe-gegen-eu-tyrannen-zurueck%2F&amp;sessionId=862960f859d9b501346909024911a57df4106898&amp;theme=light&amp;widgetsVersion=2615f7e52b7e0%3A1702314776716&amp;width=550px\" frameborder=\"0\" scrolling=\"no\" allowfullscreen=\"allowfullscreen\" data-tweet-id=\"1997183557660299345\" data-mce-fragment=\"1\"><\/iframe><\/div>\n<p><em><strong><span dir=\"auto\">P\u0159eklad \u201eX\u201c<\/span><\/strong><span dir=\"auto\">\u00a0: \u201eTak\u017ee ho cenzurujeme, ale sval\u00edme vinu na ty modr\u00e9 fajfky.\u201c<\/span><\/em><\/p>\n<p><span dir=\"auto\">X m\u00e1 60 dn\u00ed na vypracov\u00e1n\u00ed \u0159e\u0161en\u00ed probl\u00e9m\u016f a 90 dn\u00ed na implementaci zm\u011bn, jinak budou ulo\u017eeny dal\u0161\u00ed pokuty.<\/span><\/p>\n<div class=\"twitter-tweet twitter-tweet-rendered\"><iframe id=\"twitter-widget-7\" class=\"\" title=\"X Post\" src=\"https:\/\/platform.twitter.com\/embed\/Tweet.html?dnt=false&amp;embedId=twitter-widget-7&amp;features=eyJ0ZndfdGltZWxpbmVfbGlzdCI6eyJidWNrZXQiOltdLCJ2ZXJzaW9uIjpudWxsfSwidGZ3X2ZvbGxvd2VyX2NvdW50X3N1bnNldCI6eyJidWNrZXQiOnRydWUsInZlcnNpb24iOm51bGx9LCJ0ZndfdHdlZXRfZWRpdF9iYWNrZW5kIjp7ImJ1Y2tldCI6Im9uIiwidmVyc2lvbiI6bnVsbH0sInRmd19yZWZzcmNfc2Vzc2lvbiI6eyJidWNrZXQiOiJvbiIsInZlcnNpb24iOm51bGx9LCJ0ZndfZm9zbnJfc29mdF9pbnRlcnZlbnRpb25zX2VuYWJsZWQiOnsiYnVja2V0Ijoib24iLCJ2ZXJzaW9uIjpudWxsfSwidGZ3X21peGVkX21lZGlhXzE1ODk3Ijp7ImJ1Y2tldCI6InRyZWF0bWVudCIsInZlcnNpb24iOm51bGx9LCJ0ZndfZXhwZXJpbWVudHNfY29va2llX2V4cGlyYXRpb24iOnsiYnVja2V0IjoxMjA5NjAwLCJ2ZXJzaW9uIjpudWxsfSwidGZ3X3Nob3dfYmlyZHdhdGNoX3Bpdm90c19lbmFibGVkIjp7ImJ1Y2tldCI6Im9uIiwidmVyc2lvbiI6bnVsbH0sInRmd19kdXBsaWNhdGVfc2NyaWJlc190b19zZXR0aW5ncyI6eyJidWNrZXQiOiJvbiIsInZlcnNpb24iOm51bGx9LCJ0ZndfdXNlX3Byb2ZpbGVfaW1hZ2Vfc2hhcGVfZW5hYmxlZCI6eyJidWNrZXQiOiJvbiIsInZlcnNpb24iOm51bGx9LCJ0ZndfdmlkZW9faGxzX2R5bmFtaWNfbWFuaWZlc3RzXzE1MDgyIjp7ImJ1Y2tldCI6InRydWVfYml0cmF0ZSIsInZlcnNpb24iOm51bGx9LCJ0ZndfbGVnYWN5X3RpbWVsaW5lX3N1bnNldCI6eyJidWNrZXQiOnRydWUsInZlcnNpb24iOm51bGx9LCJ0ZndfdHdlZXRfZWRpdF9mcm9udGVuZCI6eyJidWNrZXQiOiJvbiIsInZlcnNpb24iOm51bGx9fQ%3D%3D&amp;frame=false&amp;hideCard=false&amp;hideThread=false&amp;id=1997074246187512186&amp;lang=cs&amp;origin=https%3A%2F%2Funcutnews.ch%2Fviertes-reich-musk-schlaegt-nach-x-geldstrafe-gegen-eu-tyrannen-zurueck%2F&amp;sessionId=862960f859d9b501346909024911a57df4106898&amp;theme=light&amp;widgetsVersion=2615f7e52b7e0%3A1702314776716&amp;width=550px\" frameborder=\"0\" scrolling=\"no\" allowfullscreen=\"allowfullscreen\" data-tweet-id=\"1997074246187512186\" data-mce-fragment=\"1\"><\/iframe><\/div>\n<p><em><strong><span dir=\"auto\">P\u0159eklady \u201eX\u201c<\/span><\/strong><span dir=\"auto\">\u00a0: \u201eEU\u201c ulo\u017eila tuto absurdn\u00ed pokutu nejen @X, ale i mn\u011b osobn\u011b, co\u017e je je\u0161t\u011b \u0161\u00edlen\u011bj\u0161\u00ed! Proto se zd\u00e1 vhodn\u00e9 zam\u011b\u0159it na\u0161i reakci nejen na EU, ale tak\u00e9 na jednotlivce, kte\u0159\u00ed proti mn\u011b podnikli tento krok.<\/span><\/em><\/p>\n<p><em><span dir=\"auto\">Pokuta ve v\u00fd\u0161i 140 milion\u016f dolar\u016f, kterou Evropsk\u00e1 komise ulo\u017eila spole\u010dnosti @X, je skand\u00e1l. Je to \u00fatok na v\u00fdznamn\u00e9ho americk\u00e9ho zam\u011bstnavatele a \u00fatok na svobodu projevu ka\u017ed\u00e9ho Ameri\u010dana.<\/span><\/em><\/p>\n<p><span dir=\"auto\">Podle z\u00e1kona o slu\u017eb\u00e1ch v oblasti slu\u017eeb m\u016f\u017ee EU ulo\u017eit pokuty a\u017e do v\u00fd\u0161e 6 % celosv\u011btov\u00e9ho ro\u010dn\u00edho obratu online platformy, pokud nedodr\u017e\u00ed po\u017eadavky na boj proti neleg\u00e1ln\u00edmu obsahu, dezinformac\u00edm nebo transparentnost.<\/span><\/p>\n<p><span dir=\"auto\">V sou\u010dasn\u00e9 dob\u011b vy\u0161et\u0159uje spole\u010dnost X a tak\u00e9 n\u011bkolik dal\u0161\u00edch velk\u00fdch americk\u00fdch technologick\u00fdch spole\u010dnost\u00ed, v\u010detn\u011b spole\u010dnost\u00ed Apple, Google a Meta, podle z\u00e1kona DSA a z\u00e1kona o digit\u00e1ln\u00edch trz\u00edch.<\/span><\/p>\n<p><span dir=\"auto\">To zahrnuje i vy\u0161et\u0159ov\u00e1n\u00ed nedodr\u017eov\u00e1n\u00ed cenzurn\u00edch po\u017eadavk\u016f, v\u010detn\u011b t\u011bch nam\u00ed\u0159en\u00fdch proti americk\u00fdm ob\u010dan\u016fm.<\/span><\/p>\n<div class=\"twitter-tweet twitter-tweet-rendered\"><iframe id=\"twitter-widget-8\" class=\"\" title=\"X Post\" src=\"https:\/\/platform.twitter.com\/embed\/Tweet.html?dnt=false&amp;embedId=twitter-widget-8&amp;features=eyJ0ZndfdGltZWxpbmVfbGlzdCI6eyJidWNrZXQiOltdLCJ2ZXJzaW9uIjpudWxsfSwidGZ3X2ZvbGxvd2VyX2NvdW50X3N1bnNldCI6eyJidWNrZXQiOnRydWUsInZlcnNpb24iOm51bGx9LCJ0ZndfdHdlZXRfZWRpdF9iYWNrZW5kIjp7ImJ1Y2tldCI6Im9uIiwidmVyc2lvbiI6bnVsbH0sInRmd19yZWZzcmNfc2Vzc2lvbiI6eyJidWNrZXQiOiJvbiIsInZlcnNpb24iOm51bGx9LCJ0ZndfZm9zbnJfc29mdF9pbnRlcnZlbnRpb25zX2VuYWJsZWQiOnsiYnVja2V0Ijoib24iLCJ2ZXJzaW9uIjpudWxsfSwidGZ3X21peGVkX21lZGlhXzE1ODk3Ijp7ImJ1Y2tldCI6InRyZWF0bWVudCIsInZlcnNpb24iOm51bGx9LCJ0ZndfZXhwZXJpbWVudHNfY29va2llX2V4cGlyYXRpb24iOnsiYnVja2V0IjoxMjA5NjAwLCJ2ZXJzaW9uIjpudWxsfSwidGZ3X3Nob3dfYmlyZHdhdGNoX3Bpdm90c19lbmFibGVkIjp7ImJ1Y2tldCI6Im9uIiwidmVyc2lvbiI6bnVsbH0sInRmd19kdXBsaWNhdGVfc2NyaWJlc190b19zZXR0aW5ncyI6eyJidWNrZXQiOiJvbiIsInZlcnNpb24iOm51bGx9LCJ0ZndfdXNlX3Byb2ZpbGVfaW1hZ2Vfc2hhcGVfZW5hYmxlZCI6eyJidWNrZXQiOiJvbiIsInZlcnNpb24iOm51bGx9LCJ0ZndfdmlkZW9faGxzX2R5bmFtaWNfbWFuaWZlc3RzXzE1MDgyIjp7ImJ1Y2tldCI6InRydWVfYml0cmF0ZSIsInZlcnNpb24iOm51bGx9LCJ0ZndfbGVnYWN5X3RpbWVsaW5lX3N1bnNldCI6eyJidWNrZXQiOnRydWUsInZlcnNpb24iOm51bGx9LCJ0ZndfdHdlZXRfZWRpdF9mcm9udGVuZCI6eyJidWNrZXQiOiJvbiIsInZlcnNpb24iOm51bGx9fQ%3D%3D&amp;frame=false&amp;hideCard=false&amp;hideThread=false&amp;id=1997074722022900166&amp;lang=cs&amp;origin=https%3A%2F%2Funcutnews.ch%2Fviertes-reich-musk-schlaegt-nach-x-geldstrafe-gegen-eu-tyrannen-zurueck%2F&amp;sessionId=862960f859d9b501346909024911a57df4106898&amp;theme=light&amp;widgetsVersion=2615f7e52b7e0%3A1702314776716&amp;width=550px\" frameborder=\"0\" scrolling=\"no\" allowfullscreen=\"allowfullscreen\" data-tweet-id=\"1997074722022900166\" data-mce-fragment=\"1\"><\/iframe><\/div>\n<p><em><strong><span dir=\"auto\">P\u0159eklad \u201eX\u201c<\/span><\/strong><span dir=\"auto\">\u00a0: Komisa\u0159i EU, kte\u0159\u00ed vze\u0161li ze Stasi, za\u010d\u00ednaj\u00ed ch\u00e1pat pln\u00fd v\u00fdznam \u201eefektu Streisand\u201c.<\/span><\/em><\/p>\n<p><em><span dir=\"auto\">Google je nyn\u00ed nejobl\u00edben\u011bj\u0161\u00ed zpravodajskou aplikac\u00ed v Evrop\u011b: Lid\u00e9 na cel\u00e9m kontinentu d\u016fv\u011b\u0159uj\u00ed Googlu jako nejlep\u0161\u00edmu zdroji informac\u00ed. Hanba Evropsk\u00e9 komisi.<\/span><\/em><\/p>\n<p><strong><span dir=\"auto\">Toto je pouze prvn\u00ed salva ve v\u00e1lce, p\u0159ed kterou n\u011bkte\u0159\u00ed z n\u00e1s varovali. V tuto chv\u00edli nem\u016f\u017eeme z\u016fstat pasivn\u00ed.<\/span><\/strong><span dir=\"auto\">\u00a0EU ohro\u017euje to nejz\u00e1kladn\u011bj\u0161\u00ed pr\u00e1vo, kter\u00e9 n\u00e1s jako n\u00e1rod dlouho definuje. Mnoz\u00ed ve Spojen\u00fdch st\u00e1tech doufaj\u00ed, \u017ee Evropan\u00e9 zru\u0161\u00ed ochranu svobody projevu na X a Meta. N\u011bkte\u0159\u00ed se p\u0159ed EU objevili a po\u017eadovali takov\u00e1 opat\u0159en\u00ed. Mohli by vyu\u017e\u00edt EU k dosa\u017een\u00ed toho, \u010deho se jim nepoda\u0159ilo dos\u00e1hnout ve Spojen\u00fdch st\u00e1tech. V\u00fdsledek pro Ameri\u010dany by byl stejn\u00fd: ocitli by se vystaveni evropsk\u00e9 cenzu\u0159e a evropsk\u00fdm \u201ehodnot\u00e1m\u201c.<\/span><\/p>\n<p><strong><em><span dir=\"auto\">Od Tylera Durdena<\/span><\/em><\/strong><\/p>\n<\/div>\n<\/div>\n<div class=\"elementor-element elementor-element-8c57238 quelle dc-has-condition dc-condition-empty elementor-widget elementor-widget-heading\" data-id=\"8c57238\" data-element_type=\"widget\" data-widget_type=\"heading.default\">\n<div class=\"elementor-widget-container\">\n<h3 class=\"elementor-heading-title elementor-size-default\"><span style=\"font-size: 10pt;\"><a href=\"https:\/\/www.zerohedge.com\/geopolitical\/anti-free-speech-war-escalates-eu-unleashes-dsa-musks-x\" target=\"_blank\" rel=\"nofollow noopener\"><span dir=\"auto\">Zdroj<\/span><\/a><\/span><\/h3>\n<p>&nbsp;<\/p>\n<\/div>\n<\/div>\n","protected":false},"excerpt":{"rendered":"<p>Aktualizace (1300ET):\u00a0Elon Musk se nenech\u00e1 jen tak p\u0159ijmout nehor\u00e1znou pokutu ulo\u017eenou bruselsk\u00fdmi byrokraty a ost\u0159e&#8230;<\/p>\n","protected":false},"author":2,"featured_media":906,"comment_status":"closed","ping_status":"closed","sticky":false,"template":"","format":"standard","meta":[],"categories":[7],"tags":[63,3209,41,664,1660],"_links":{"self":[{"href":"https:\/\/www.infokuryr.cz\/n\/wp-json\/wp\/v2\/posts\/94161"}],"collection":[{"href":"https:\/\/www.infokuryr.cz\/n\/wp-json\/wp\/v2\/posts"}],"about":[{"href":"https:\/\/www.infokuryr.cz\/n\/wp-json\/wp\/v2\/types\/post"}],"author":[{"embeddable":true,"href":"https:\/\/www.infokuryr.cz\/n\/wp-json\/wp\/v2\/users\/2"}],"replies":[{"embeddable":true,"href":"https:\/\/www.infokuryr.cz\/n\/wp-json\/wp\/v2\/comments?post=94161"}],"version-history":[{"count":0,"href":"https:\/\/www.infokuryr.cz\/n\/wp-json\/wp\/v2\/posts\/94161\/revisions"}],"wp:featuredmedia":[{"embeddable":true,"href":"https:\/\/www.infokuryr.cz\/n\/wp-json\/wp\/v2\/media\/906"}],"wp:attachment":[{"href":"https:\/\/www.infokuryr.cz\/n\/wp-json\/wp\/v2\/media?parent=94161"}],"wp:term":[{"taxonomy":"category","embeddable":true,"href":"https:\/\/www.infokuryr.cz\/n\/wp-json\/wp\/v2\/categories?post=94161"},{"taxonomy":"post_tag","embeddable":true,"href":"https:\/\/www.infokuryr.cz\/n\/wp-json\/wp\/v2\/tags?post=94161"}],"curies":[{"name":"wp","href":"https:\/\/api.w.org\/{rel}","templated":true}]}}