{"id":94158,"date":"2025-12-09T00:14:38","date_gmt":"2025-12-08T23:14:38","guid":{"rendered":"https:\/\/www.infokuryr.cz\/n\/?p=94158"},"modified":"2025-12-08T11:48:18","modified_gmt":"2025-12-08T10:48:18","slug":"odhalen-seznam-obeti-umele-inteligence-v-palantir-brzy-bude-pouzit-proti-kazdemu-obcanovi","status":"publish","type":"post","link":"https:\/\/www.infokuryr.cz\/n\/2025\/12\/09\/odhalen-seznam-obeti-umele-inteligence-v-palantir-brzy-bude-pouzit-proti-kazdemu-obcanovi\/","title":{"rendered":"Odhalen seznam ob\u011bt\u00ed um\u011bl\u00e9 inteligence v Palantir: Brzy bude pou\u017eit proti ka\u017ed\u00e9mu ob\u010danovi?"},"content":{"rendered":"<div id=\"fb-root\"><\/div>\n<p><span dir=\"auto\">Ve sv\u00e9m nejnov\u011bj\u0161\u00edm v\u00fdbu\u0161n\u00e9m videu na kan\u00e1lu \u201eRedacted\u201c Natali a Clayton Morrisovi nemilosrdn\u011b odhaluj\u00ed to, co mnoz\u00ed jen \u0161eptaj\u00ed: Americk\u00e1 vl\u00e1da pou\u017e\u00edv\u00e1 pen\u00edze da\u0148ov\u00fdch poplatn\u00edk\u016f k financov\u00e1n\u00ed syst\u00e9mu zab\u00edjen\u00ed poh\u00e1n\u011bn\u00e9ho um\u011blou inteligenc\u00ed od spole\u010dnosti Palantir, kter\u00fd v sou\u010dasn\u00e9 dob\u011b za\u0159azuje tis\u00edce Palestinc\u016f v Gaze na seznamy poprav na z\u00e1klad\u011b jejich p\u0159\u00edsp\u011bvk\u016f na soci\u00e1ln\u00edch s\u00edt\u00edch, rodinn\u00fdch vztah\u016f nebo jednoduch\u00fdch vzorc\u016f pohybu \u2013 a kter\u00fd je ji\u017e testov\u00e1n v praxi. Pod n\u00e1zvem \u201eSeznam zabit\u00ed s \u200b\u200bum\u011blou inteligenc\u00ed od spole\u010dnosti Palantir ODHALEN \u2013 A ano, BUDE pou\u017eit na Ameri\u010dany jako dal\u0161\u00ed\u201c vyd\u00e1vaj\u00ed oba moder\u00e1to\u0159i ostr\u00e9 varov\u00e1n\u00ed: To, co se dnes v Gaze prod\u00e1v\u00e1 jako \u201eoptimalizace \u0159et\u011bzce zab\u00edjen\u00ed\u201c, bude z\u00edt\u0159ej\u0161\u00edm pl\u00e1nem na tot\u00e1ln\u00ed sledov\u00e1n\u00ed a eliminaci ne\u017e\u00e1douc\u00edch ob\u010dan\u016f v samotn\u00fdch USA. S exkluzivn\u00edmi poznatky ze smluv, unikl\u00fdmi vojensk\u00fdmi detaily a d\u011bsiv\u00fdmi p\u0159\u00edklady zavra\u017ed\u011bn\u00fdch d\u011bt\u00ed ukazuj\u00ed, jak se dystopick\u00e1 budoucnost zobrazen\u00e1 ve filmech \u201eTermin\u00e1tor\u201c a \u201e1984\u201c ji\u017e stala realitou \u2013 a my v\u0161ichni nev\u011bdomky plat\u00edme cenu.<\/span><\/p>\n<p><strong><span dir=\"auto\">Titulky lze aktivovat v nastaven\u00ed YouTube.<\/span><\/strong><\/p>\n<figure class=\"wp-block-embed is-type-video is-provider-youtube wp-block-embed-youtube wp-embed-aspect-16-9 wp-has-aspect-ratio\">\n<div class=\"wp-block-embed__wrapper\"><iframe loading=\"lazy\" title=\"Seznam zabit\u00ed pomoc\u00ed um\u011bl\u00e9 inteligence v Palantir ODHALENO \u2013 A ano, p\u0159\u00ed\u0161t\u011b bude pou\u017eita na Ameri\u010dany\" src=\"https:\/\/www.youtube.com\/embed\/TFH5UM78p6I?feature=oembed\" width=\"800\" height=\"450\" frameborder=\"0\" allowfullscreen=\"allowfullscreen\" data-mce-fragment=\"1\"><\/iframe><\/div>\n<\/figure>\n<p><span dir=\"auto\">Ve sv\u011bt\u011b, kde se technologie a v\u00e1l\u010den\u00ed st\u00e1le v\u00edce prol\u00ednaj\u00ed, je odhaleno temn\u00e9 tajemstv\u00ed: Spojen\u00e9 st\u00e1ty financuj\u00ed spole\u010dnost Palantir, aby monitorovala a \u00fato\u010dila na Palestince v Gaze. Tato technologie, prod\u00e1van\u00e1 jako ne\u0161kodn\u00fd \u201eteroristick\u00fd filtr\u201c, je ve skute\u010dnosti vra\u017eedn\u00fd stroj poh\u00e1n\u011bn\u00fd um\u011blou inteligenc\u00ed, kter\u00fd nejen identifikuje c\u00edle, ale aktivn\u011b je vytv\u00e1\u0159\u00ed.<\/span><\/p>\n<p><span dir=\"auto\">A ka\u017ed\u00fd, kdo si mysl\u00ed, \u017ee se tento syst\u00e9m brzy nezam\u011b\u0159\u00ed na jeho vlastn\u00ed populaci, se hluboce m\u00fdl\u00ed. U\u017e byl ov\u011b\u0159en v praxi a mohl by ovlivnit ka\u017ed\u00e9ho z n\u00e1s \u2013 prost\u0159ednictv\u00edm na\u0161ich profil\u016f na soci\u00e1ln\u00edch s\u00edt\u00edch, na\u0161eho pohybu a na\u0161ich kontakt\u016f.<\/span><\/p>\n<h3 class=\"wp-block-heading\"><strong><span dir=\"auto\">Americk\u00e9 vojensk\u00e9 operace v Izraeli<\/span><\/strong><\/h3>\n<p><span dir=\"auto\">Poj\u010fme se bl\u00ed\u017ee pod\u00edvat na to, co se zde d\u011bje. Od \u0159\u00edjna operuje americk\u00e1 arm\u00e1da z obrovsk\u00e9ho skladu v ji\u017en\u00edm Izraeli, severn\u011b od p\u00e1sma Gazy. Ofici\u00e1ln\u011b se uv\u00e1d\u00ed, \u017ee jde o zaveden\u00ed p\u0159\u00edm\u011b\u0159\u00ed spojen\u00edm \u201e\u00fa\u010dastn\u00edk\u016f\u201c.<\/span><\/p>\n<p><span dir=\"auto\">Realita je ale jin\u00e1: Jde o podporu izraelsk\u00fdch spojenc\u016f p\u0159i vynucov\u00e1n\u00ed jednostrann\u00e9ho m\u00edru, kter\u00fd ospravedl\u0148uje poru\u0161ov\u00e1n\u00ed p\u0159\u00edm\u011b\u0159\u00ed. Palestinci zde nejsou skute\u010dn\u00fdmi \u201e\u00fa\u010dastn\u00edky\u201c \u2013 jsou ter\u010dem.<\/span><\/p>\n<h3 class=\"wp-block-heading\"><strong><span dir=\"auto\">Role softwaru \u201eMaven\u201c od spole\u010dnosti Palantir<\/span><\/strong><\/h3>\n<p><span dir=\"auto\">J\u00e1drem t\u00e9to operace je software s n\u00e1zvem Maven, vyvinut\u00fd spole\u010dnost\u00ed Palantir. Shroma\u017e\u010fuje data ze v\u0161ech mysliteln\u00fdch zdroj\u016f: satelitn\u00edch sn\u00edmk\u016f, z\u00e1b\u011br\u016f z dron\u016f, zachycen\u00fdch telefonn\u00edch hovor\u016f, textov\u00fdch zpr\u00e1v a dokonce i cel\u00e9 digit\u00e1ln\u00ed stopy lid\u00ed v Gaze.<\/span><\/p>\n<p><span dir=\"auto\">S\u00e1m Palantir to popisuje jako \u201eoptimalizaci \u0159et\u011bzce zab\u00edjen\u00ed\u201c. To znamen\u00e1, \u017ee proces od identifikace c\u00edle a\u017e po proveden\u00ed \u00fatoku je zkr\u00e1cen a automatizov\u00e1n.<\/span><\/p>\n<p><span dir=\"auto\">D\u0159\u00edve, stejn\u011b jako za Obamovy administrativy, byly c\u00edle \u010dasto vyb\u00edr\u00e1ny libovoln\u011b \u2013 za potenci\u00e1ln\u00edho bojovn\u00edka mohl b\u00fdt pova\u017eov\u00e1n jak\u00fdkoli chlapec star\u0161\u00ed 12 let, dokonce i civilist\u00e9 nebo novin\u00e1\u0159i s kamerami, kte\u0159\u00ed byli myln\u011b pova\u017eov\u00e1ni za zbran\u011b.<\/span><\/p>\n<p><span dir=\"auto\">Nyn\u00ed um\u011bl\u00e1 inteligence cel\u00fd proces \u201ezefektiv\u0148uje\u201c: Skenuje obli\u010deje v re\u00e1ln\u00e9m \u010dase, kontroluje historii na soci\u00e1ln\u00edch s\u00edt\u00edch a hled\u00e1 ka\u017ed\u00e9 mo\u017en\u00e9 ospravedln\u011bn\u00ed \u00fatoku.<\/span><\/p>\n<h3 class=\"wp-block-heading\"><strong><span dir=\"auto\">C\u00edlen\u00ed s vyu\u017eit\u00edm um\u011bl\u00e9 inteligence prost\u0159ednictv\u00edm soci\u00e1ln\u00edch m\u00e9di\u00ed<\/span><\/strong><\/h3>\n<p><span dir=\"auto\">P\u0159edstavte si toto: N\u011bkdo jde po ulici. Um\u011bl\u00e1 inteligence skenuje jeho obli\u010dej, prohled\u00e1v\u00e1 jeho online aktivitu. Zve\u0159ejnil n\u011bco kritick\u00e9ho o izraelsk\u00e9 vl\u00e1d\u011b? Je v p\u0159\u00edbuzensk\u00e9m vztahu s n\u011bk\u00fdm, kdo je pova\u017eov\u00e1n za podez\u0159el\u00e9ho? A jen tak m\u016f\u017ee b\u00fdt vyd\u00e1n rozkaz k palb\u011b.<\/span><\/p>\n<p><span dir=\"auto\">U\u017e nejde jen o pohyb, n\u00e1kupy nebo lokace \u2013 profily na soci\u00e1ln\u00edch s\u00edt\u00edch se st\u00e1vaj\u00ed zbran\u00ed.<\/span><\/p>\n<p><span dir=\"auto\">Startup s n\u00e1zvem Data Miner, kter\u00fd d\u0159\u00edve pou\u017e\u00edvaly Spojen\u00e9 st\u00e1ty, pom\u00e1h\u00e1 skenovat platformy jako Twitter a vytv\u00e1\u0159et posouzen\u00ed rizik. Kvantifikuje \u201ehrozby\u201c: Kolik kritick\u00fdch p\u0159\u00edsp\u011bvk\u016f n\u011bkdo zve\u0159ejnil? Dosahuj\u00ed ur\u010dit\u00e9 hranice? Pokud ano, skon\u010d\u00ed v Dragnet \u2013 s\u00edti sledov\u00e1n\u00ed.<\/span><\/p>\n<h3 class=\"wp-block-heading\"><strong><span dir=\"auto\">\u0160irok\u00e1 krit\u00e9ria a tragick\u00e9 d\u016fsledky<\/span><\/strong><\/h3>\n<p><span dir=\"auto\">Tato technologie se v Gaze ji\u017e pou\u017e\u00edv\u00e1 a krit\u00e9ria jsou alarmuj\u00edc\u00edm zp\u016fsobem \u0161irok\u00e1. Nesta\u010d\u00ed b\u00fdt \u010dlenem Ham\u00e1su, sta\u010d\u00ed jak\u00e9koli sdru\u017een\u00ed.<\/span><\/p>\n<p><span dir=\"auto\">M\u00e1 n\u011bjak\u00fd p\u0159\u00edbuzn\u00fd n\u011bjak\u00e9 konexe? Je do toho zapleten\u00fd v\u00e1\u0161 str\u00fdc? Pak jste \u201ezabiteln\u00fd\u201c. To je vina z d\u016fvodu spojen\u00ed, kter\u00e1 potenci\u00e1ln\u011b ospravedl\u0148uje kohokoli v Gaze.<\/span><\/p>\n<p><span dir=\"auto\">Tragick\u00fd p\u0159\u00edklad: Ned\u00e1vno byli dva chlapci ve v\u011bku 11 a 8 let zabiti p\u0159i sb\u011bru palivov\u00e9ho d\u0159\u00edv\u00ed. Izrael tvrdil, \u017ee p\u0159edstavovali \u201ebezprost\u0159edn\u00ed hrozbu\u201c, proto\u017ee p\u0159ekro\u010dili \u017elutou \u010d\u00e1ru.<\/span><\/p>\n<p><span dir=\"auto\">Otec je na invalidn\u00edm voz\u00edku, d\u011bti nem\u011bly \u017e\u00e1dn\u00e9 profily na soci\u00e1ln\u00edch s\u00edt\u00edch \u2013 jak se na n\u011b mohla um\u011bl\u00e1 inteligence zam\u011b\u0159it? Mo\u017en\u00e1 p\u0159es vzd\u00e1len\u00e9 p\u0159\u00edbuzn\u00e9? Nebo to ukazuje omezen\u00ed technologie: nezn\u00e1 mor\u00e1lku, pouze vstupy a v\u00fdstupy. Nerozli\u0161uje mezi d\u011btmi a bojovn\u00edky, mezi nevinn\u00fdmi a vinn\u00fdmi.<\/span><\/p>\n<h3 class=\"wp-block-heading\"><strong><span dir=\"auto\">Smlouva s Palantirem: Smlouva bez nab\u00eddkov\u00e9ho \u0159\u00edzen\u00ed pln\u00e1 explozivn\u00edho potenci\u00e1lu<\/span><\/strong><\/h3>\n<p><span dir=\"auto\">Smlouva se spole\u010dnost\u00ed Palantir je obzvl\u00e1\u0161t\u011b znepokojiv\u00e1. Americk\u00e1 vl\u00e1da ji ud\u011blila na z\u00e1klad\u011b \u201ejedin\u00e9 nab\u00eddky\u201c \u2013 \u017e\u00e1dn\u00e1 sout\u011b\u017e, \u017e\u00e1dn\u00e9 v\u00fdb\u011brov\u00e9 \u0159\u00edzen\u00ed. Palantir byl p\u0159\u00edmo pov\u011b\u0159en v\u00fdrobou tohoto softwaru.<\/span><\/p>\n<p><span dir=\"auto\">Nejedn\u00e1 se o b\u011b\u017enou smlouvu, je to objedn\u00e1vka. A nen\u00ed to prvn\u00ed: Palantir ji\u017e n\u011bkolik takov\u00fdch zak\u00e1zek bez v\u00fdb\u011brov\u00e9ho \u0159\u00edzen\u00ed obdr\u017eel, \u010dasto v kontextu zpravodajsk\u00fdch operac\u00ed. Spole\u010dnost je \u00fazce propojena s CIA, DARPA a americk\u00fdm zpravodajsk\u00fdm apar\u00e1tem a je financov\u00e1na miliony z t\u011bchto kruh\u016f.<\/span><\/p>\n<p><span dir=\"auto\">V podstat\u011b se jedn\u00e1 o vl\u00e1dn\u00ed slo\u017eku, kter\u00e1 funguje maskovan\u00e1 jako soukrom\u00e1 spole\u010dnost.<\/span><\/p>\n<h3 class=\"wp-block-heading\"><strong><span dir=\"auto\">Je nasazen\u00ed v USA na spadnut\u00ed?<\/span><\/strong><\/h3>\n<p><span dir=\"auto\">A te\u010f k tomu kl\u00ed\u010dov\u00e9mu: Tato technologie v Gaze nez\u016fstane. Palantir aktivn\u011b lobbuje za jej\u00ed vyu\u017eit\u00ed v USA.<\/span><\/p>\n<p><span dir=\"auto\">Trumpova administrativa ji\u017e ozna\u010dila \u201edom\u00e1c\u00ed teroristy\u201c za hrozbu \u2013 co\u017e je term\u00edn, kter\u00fd je z \u00fastavn\u00edho hlediska problematick\u00fd, proto\u017ee by mohl kriminalizovat jakoukoli opozici v\u016f\u010di vl\u00e1d\u011b.<\/span><\/p>\n<p><span dir=\"auto\">Neexistuje jasn\u00e1 definice; mohlo by se to t\u00fdkat kohokoli, kdo zve\u0159ej\u0148uje kritick\u00e9 p\u0159\u00edsp\u011bvky nebo je spojov\u00e1n s \u201enespr\u00e1vn\u00fdmi\u201c skupinami.<\/span><\/p>\n<p><span dir=\"auto\">Vzpome\u0148te si na nepokoje hnut\u00ed Black Lives Matter v roce 2020: Data ze soci\u00e1ln\u00edch m\u00e9di\u00ed byla pou\u017e\u00edv\u00e1na ke sledov\u00e1n\u00ed lid\u00ed.<\/span><\/p>\n<p><span dir=\"auto\">Vytv\u00e1\u0159\u00ed se trval\u00fd seznam nep\u0159\u00e1tel \u0159\u00edzen\u00fd um\u011blou inteligenc\u00ed, kter\u00fd nikdy nevypr\u0161\u00ed. Automatizuje nejen zab\u00edjen\u00ed, ale i propagandu: To, co je pova\u017eov\u00e1no za \u201enep\u0159ijateln\u00e9 my\u0161len\u00ed\u201c, se neust\u00e1le roz\u0161i\u0159uje a s t\u00edm i okruh sledovan\u00fdch osob.<\/span><\/p>\n<h3 class=\"wp-block-heading\"><strong><span dir=\"auto\">Data Miner, Threat Connect a posouzen\u00ed \u00farovn\u011b hrozeb<\/span><\/strong><\/h3>\n<p><span dir=\"auto\">Spole\u010dnost Data Miner ned\u00e1vno z\u00edskala spole\u010dnost s n\u00e1zvem Threat Connect, kter\u00e1 agreguje data ze soci\u00e1ln\u00edch m\u00e9di\u00ed a vypo\u010d\u00edt\u00e1v\u00e1 \u00farovn\u011b hrozeb.<\/span><\/p>\n<p><span dir=\"auto\">Vyhodnocuje v\u00fdroky \u2013 pro nebo proti ur\u010dit\u00fdm t\u00e9mat\u016fm \u2013 a spust\u00ed alarm, kdy\u017e jsou p\u0159ekro\u010deny prahov\u00e9 hodnoty.<\/span><\/p>\n<p><span dir=\"auto\">V USA n\u00e1s v sou\u010dasnosti chr\u00e1n\u00ed \u00dastava: M\u016f\u017eeme nen\u00e1vid\u011bt nebo milovat, koho chceme, pokud nepou\u017e\u00edv\u00e1me n\u00e1sil\u00ed.<\/span><\/p>\n<p><span dir=\"auto\">Ale pokud se naskenuj\u00ed archivy soci\u00e1ln\u00edch m\u00e9di\u00ed a soukrom\u00e9 zpr\u00e1vy, mohlo by to v\u0161echno zm\u011bnit.<\/span><\/p>\n<p><span dir=\"auto\">Je to jako v \u201eTermin\u00e1torovi\u201c: Skynet je skute\u010dn\u00fd. Sledov\u00e1n\u00ed dron\u016f, rozpozn\u00e1v\u00e1n\u00ed obli\u010dej\u016f, zam\u011b\u0159ov\u00e1n\u00ed v re\u00e1ln\u00e9m \u010dase \u2013 to je budoucnost, kter\u00e1 n\u00e1m ohro\u017euje.<\/span><\/p>\n<h3 class=\"wp-block-heading\"><strong><span dir=\"auto\">Mezin\u00e1rodn\u00ed testov\u00e1n\u00ed a vl\u00e1dn\u00ed monitorov\u00e1n\u00ed<\/span><\/strong><\/h3>\n<p><span dir=\"auto\">Ve Velk\u00e9 Brit\u00e1nii u\u017e podobn\u00e9 syst\u00e9my testuj\u00ed a v USA existuj\u00ed v\u00fdjimky pro odposlechy bez soudn\u00edho p\u0159\u00edkazu, kter\u00e9 FBI oprav\u0148uj\u00ed k hromadn\u00e9mu sledov\u00e1n\u00ed ob\u010dan\u016f.<\/span><\/p>\n<p><span dir=\"auto\">Edward Snowden n\u00e1s varoval: Sledov\u00e1n\u00ed je v\u0161udyp\u0159\u00edtomn\u00e9.<\/span><\/p>\n<p><span dir=\"auto\">Ministerstvo vnit\u0159n\u00ed bezpe\u010dnosti nyn\u00ed zav\u00e1d\u00ed cestovn\u00ed z\u00e1kazy kv\u016fli \u201ehrozb\u00e1m\u201c od \u201eka\u017ed\u00e9ho zatracen\u00e9ho n\u00e1roda\u201c \u2013 a Palantir m\u00e1 v tom navrch.<\/span><\/p>\n<p><span dir=\"auto\">D\u00edky konex\u00edm na osobnosti, jako je Peter Thiel, kter\u00fd podporuje J. D. Vancea, jsou nitky v Trumpov\u011b administrativ\u011b \u00fazce propojeny.<\/span><\/p>\n<h3 class=\"wp-block-heading\"><strong><span dir=\"auto\">Dystopie na vzestupu<\/span><\/strong><\/h3>\n<p><span dir=\"auto\">Tohle je \u010dir\u00e1 dystopie: Sv\u011bt, kde z tebe tv\u00e1 slova ud\u011blaj\u00ed ter\u010d.<\/span><\/p>\n<p><span dir=\"auto\">Tohle v\u0161echno nev\u011bdomky financujeme z na\u0161ich dan\u00ed a dovolujeme, aby se to d\u011blo p\u0159\u00edmo p\u0159ed na\u0161ima o\u010dima.<\/span><\/p>\n<p><span dir=\"auto\">Vl\u00e1da obch\u00e1z\u00ed \u00fastavu, roz\u0161i\u0159uje pojmy jako \u201eterorismus\u201c a buduje stroj, kter\u00fd by n\u00e1s v\u0161echny mohl vt\u00e1hnout do sebe.<\/span><\/p>\n<p><span dir=\"auto\">\u0158\u00edct \u201eSvobodn\u00e1 Palestina\u201c? Mohli byste b\u00fdt deportov\u00e1ni. Zm\u00ednit \u201eHamas\u201c? Jste podez\u0159el\u00fd. Za\u010d\u00edn\u00e1 to Palestinci, ale kon\u010d\u00ed to u n\u00e1s.<\/span><\/p>\n<h3 class=\"wp-block-heading\"><strong><span dir=\"auto\">Z\u00e1v\u011bre\u010dn\u00e9 vol\u00e1n\u00ed<\/span><\/strong><\/h3>\n<p><span dir=\"auto\">Mus\u00edme b\u00fdt ostra\u017eit\u00ed. Existuje tolik d\u016fvod\u016f k pobou\u0159en\u00ed \u2013 v\u00e1lky v Rusku, Gaza, Venezuela.<\/span><\/p>\n<p><span dir=\"auto\">Ale pojem \u201edom\u00e1c\u00ed terorista\u201c je kl\u00ed\u010dov\u00fd: d\u00e1v\u00e1 vl\u00e1d\u011b moc potla\u010dit opozici.<\/span><\/p>\n<p><span dir=\"auto\">Toto je cesta do\u00a0<\/span><em><span dir=\"auto\">roku 1984.<\/span><\/em><span dir=\"auto\">\u00a0Budeme ji ignorovat, nebo se budeme br\u00e1nit? Volba je na n\u00e1s.<\/span><\/p>\n<p><img decoding=\"async\" loading=\"lazy\" class=\"alignnone size-full wp-image-1185\" src=\"http:\/\/www.infokuryr.cz\/n\/wp-content\/uploads\/2021\/04\/kuryr-podpis.png\" alt=\"\" width=\"84\" height=\"24\" \/><\/p>\n<p>&nbsp;<\/p>\n","protected":false},"excerpt":{"rendered":"<p>Ve sv\u00e9m nejnov\u011bj\u0161\u00edm v\u00fdbu\u0161n\u00e9m videu na kan\u00e1lu \u201eRedacted\u201c Natali a Clayton Morrisovi nemilosrdn\u011b odhaluj\u00ed to,&#8230;<\/p>\n","protected":false},"author":2,"featured_media":94159,"comment_status":"closed","ping_status":"closed","sticky":false,"template":"","format":"standard","meta":[],"categories":[7],"tags":[871,9072,2194],"_links":{"self":[{"href":"https:\/\/www.infokuryr.cz\/n\/wp-json\/wp\/v2\/posts\/94158"}],"collection":[{"href":"https:\/\/www.infokuryr.cz\/n\/wp-json\/wp\/v2\/posts"}],"about":[{"href":"https:\/\/www.infokuryr.cz\/n\/wp-json\/wp\/v2\/types\/post"}],"author":[{"embeddable":true,"href":"https:\/\/www.infokuryr.cz\/n\/wp-json\/wp\/v2\/users\/2"}],"replies":[{"embeddable":true,"href":"https:\/\/www.infokuryr.cz\/n\/wp-json\/wp\/v2\/comments?post=94158"}],"version-history":[{"count":0,"href":"https:\/\/www.infokuryr.cz\/n\/wp-json\/wp\/v2\/posts\/94158\/revisions"}],"wp:featuredmedia":[{"embeddable":true,"href":"https:\/\/www.infokuryr.cz\/n\/wp-json\/wp\/v2\/media\/94159"}],"wp:attachment":[{"href":"https:\/\/www.infokuryr.cz\/n\/wp-json\/wp\/v2\/media?parent=94158"}],"wp:term":[{"taxonomy":"category","embeddable":true,"href":"https:\/\/www.infokuryr.cz\/n\/wp-json\/wp\/v2\/categories?post=94158"},{"taxonomy":"post_tag","embeddable":true,"href":"https:\/\/www.infokuryr.cz\/n\/wp-json\/wp\/v2\/tags?post=94158"}],"curies":[{"name":"wp","href":"https:\/\/api.w.org\/{rel}","templated":true}]}}