{"id":94152,"date":"2025-12-09T00:11:54","date_gmt":"2025-12-08T23:11:54","guid":{"rendered":"https:\/\/www.infokuryr.cz\/n\/?p=94152"},"modified":"2025-12-08T11:35:54","modified_gmt":"2025-12-08T10:35:54","slug":"trump-poslal-rucne-psany-dopis-syrskemu-vudci-al-kaidy-ktery-se-stal-prezidentem","status":"publish","type":"post","link":"https:\/\/www.infokuryr.cz\/n\/2025\/12\/09\/trump-poslal-rucne-psany-dopis-syrskemu-vudci-al-kaidy-ktery-se-stal-prezidentem\/","title":{"rendered":"Trump poslal ru\u010dn\u011b psan\u00fd dopis syrsk\u00e9mu v\u016fdci al-K\u00e1idy, kter\u00fd se stal prezidentem"},"content":{"rendered":"<div id=\"fb-root\"><\/div>\n<div class=\"elementor-element elementor-element-1fb4c2c elementor-widget elementor-widget-theme-post-content\" data-id=\"1fb4c2c\" data-element_type=\"widget\" data-widget_type=\"theme-post-content.default\">\n<div class=\"elementor-widget-container\">\n<p><strong><span dir=\"auto\">V pozn\u00e1mce se uv\u00e1d\u00ed, \u017ee Ahmed al-Sharaa bude \u201eskv\u011bl\u00fd v\u016fdce\u201c a \u017ee \u201eSpojen\u00e9 st\u00e1ty pomohou\u201c.<\/span><\/strong><\/p>\n<p><span dir=\"auto\">Prezident Trump\u00a0<\/span><a href=\"https:\/\/english.alarabiya.net\/News\/middle-east\/2025\/12\/03\/trump-to-syria-s-alsharaa-ahmed-you-will-be-a-great-leader-\" target=\"_blank\" rel=\"noreferrer noopener\" data-type=\"link\" data-id=\"https:\/\/english.alarabiya.net\/News\/middle-east\/2025\/12\/03\/trump-to-syria-s-alsharaa-ahmed-you-will-be-a-great-leader-\"><span dir=\"auto\">zaslal<\/span><\/a><span dir=\"auto\">\u00a0syrsk\u00e9mu prezidentovi Ahmedovi a\u0161-\u0160ar\u00e1movi, b\u00fdval\u00e9mu v\u016fdci al-K\u00e1idy, kter\u00fd se t\u00e9m\u011b\u0159 p\u0159ed rokem chopil moci v Dama\u0161ku se svou skupinou d\u017eih\u00e1dist\u016f zn\u00e1mou jako Hajat Tahr\u00edr a\u0161-\u0160\u00e1m (HTS), kr\u00e1tk\u00fd ru\u010dn\u011b psan\u00fd dopis. \u201eAhmede, bude\u0161 skv\u011bl\u00fd v\u016fdce \u2013 a Spojen\u00e9 st\u00e1ty ti pomohou!\u201c napsal Trump v dopise, kter\u00fd doru\u010dil Tom Barrack, velvyslanec USA v Turecku, kter\u00fd p\u016fsobil tak\u00e9 jako vyslanec v S\u00fdrii. K dopisu byla p\u0159ilo\u017eena fotografie ze setk\u00e1n\u00ed Trumpa a \u0160ar\u00e1my v Ov\u00e1ln\u00e9 pracovn\u011b minul\u00fd m\u011bs\u00edc.<\/span><\/p>\n<p><span dir=\"auto\">Barrack se v pond\u011bl\u00ed setkal se \u0160\u00e1r\u00e1ou v Dama\u0161ku a podle kancel\u00e1\u0159e syrsk\u00e9ho prezidenta diskutovali o \u201enejnov\u011bj\u0161\u00edm v\u00fdvoji v regionu a ot\u00e1zk\u00e1ch spole\u010dn\u00e9ho z\u00e1jmu\u201c. Trumpova administrativa \u0160\u00e1r\u00e1a p\u0159ijala navzdory jeho minulosti v al-K\u00e1id\u011b, kter\u00e1 zahrnovala boje proti americk\u00fdm jednotk\u00e1m v Ir\u00e1ku a zalo\u017een\u00ed syrsk\u00e9 pobo\u010dky al-K\u00e1idy zn\u00e1m\u00e9 jako Fronta an-Nusr\u00e1, kter\u00e1 se nakonec stala HTS, kdy\u017e se \u0160\u00e1r\u00e1a p\u0159ejmenoval a prohl\u00e1sil, \u017ee se s al-K\u00e1idou odd\u011bluje. \u0160\u00e1r\u00e1a byl d\u0159\u00edve zn\u00e1m\u00fd pod sv\u00fdm v\u00e1le\u010dn\u00fdm jm\u00e9nem pro al-K\u00e1idu Ab\u00fa Muhammad al-D\u017eul\u00e1n\u00ed.<\/span><\/p>\n<p><span dir=\"auto\">Trumpova administrativa nejen\u017ee zru\u0161ila sankce proti S\u00fdrii, aby dala zemi \u0161anci na obnovu, ale tak\u00e9 vytv\u00e1\u0159\u00ed vojenskou alianci s novou vl\u00e1dou HTS, kter\u00e1 se ofici\u00e1ln\u011b p\u0159ipojila ke koalici proti ISIS veden\u00e9 USA, a to navzdory propustnosti mezi bojovn\u00edky HTS a \u010dleny ISIS v S\u00fdrii. S\u00e1m \u0160ar\u00e1a byl kdysi spojencem Ab\u00fa Bakra al-Bagd\u00e1d\u00edho, zakladatele ISIS.<\/span><\/p>\n<p><span dir=\"auto\">Prezident Trump rovn\u011b\u017e vyzval Izrael k prosazov\u00e1n\u00ed dialogu se syrskou vl\u00e1dou s ohledem na izraelsk\u00e9 vojensk\u00e9 operace v jihoz\u00e1padn\u00ed S\u00fdrii. Po svr\u017een\u00ed b\u00fdval\u00e9ho syrsk\u00e9ho prezidenta Ba\u0161\u00e1ra Asada, kter\u00e9 Izrael podporoval a oslavoval, izraelsk\u00e9 s\u00edly vpadly do jihoz\u00e1padn\u00ed S\u00fdrie a od t\u00e9 doby tuto oblast okupuj\u00ed.<\/span><\/p>\n<p><span style=\"font-size: 10pt;\"><em><strong>\u00davodn\u00ed fotografie:<\/strong> Tom Barrack, velvyslanec USA v Turecku, p\u0159ed\u00e1v\u00e1 \u0160\u00e1r\u00e1ov\u00e9 dopis od Trumpa 1. prosince 2025 (Foto: X cia Al-Arabiya)<\/em><\/span><\/p>\n<\/div>\n<\/div>\n<div class=\"elementor-element elementor-element-8c57238 quelle dc-has-condition dc-condition-empty elementor-widget elementor-widget-heading\" data-id=\"8c57238\" data-element_type=\"widget\" data-widget_type=\"heading.default\">\n<div class=\"elementor-widget-container\">\n<h3 class=\"elementor-heading-title elementor-size-default\"><span style=\"font-size: 10pt;\"><a href=\"https:\/\/news.antiwar.com\/2025\/12\/03\/trump-sends-handwritten-letter-to-syrias-al-qaeda-leader-turned-president\/\" target=\"_blank\" rel=\"nofollow noopener\"><span dir=\"auto\">Zdroj<\/span><\/a><\/span><\/h3>\n<p>&nbsp;<\/p>\n<\/div>\n<\/div>\n","protected":false},"excerpt":{"rendered":"<p>V pozn\u00e1mce se uv\u00e1d\u00ed, \u017ee Ahmed al-Sharaa bude \u201eskv\u011bl\u00fd v\u016fdce\u201c a \u017ee \u201eSpojen\u00e9 st\u00e1ty pomohou\u201c&#8230;.<\/p>\n","protected":false},"author":2,"featured_media":94153,"comment_status":"closed","ping_status":"closed","sticky":false,"template":"","format":"standard","meta":[],"categories":[7],"tags":[680,165,147,452],"_links":{"self":[{"href":"https:\/\/www.infokuryr.cz\/n\/wp-json\/wp\/v2\/posts\/94152"}],"collection":[{"href":"https:\/\/www.infokuryr.cz\/n\/wp-json\/wp\/v2\/posts"}],"about":[{"href":"https:\/\/www.infokuryr.cz\/n\/wp-json\/wp\/v2\/types\/post"}],"author":[{"embeddable":true,"href":"https:\/\/www.infokuryr.cz\/n\/wp-json\/wp\/v2\/users\/2"}],"replies":[{"embeddable":true,"href":"https:\/\/www.infokuryr.cz\/n\/wp-json\/wp\/v2\/comments?post=94152"}],"version-history":[{"count":0,"href":"https:\/\/www.infokuryr.cz\/n\/wp-json\/wp\/v2\/posts\/94152\/revisions"}],"wp:featuredmedia":[{"embeddable":true,"href":"https:\/\/www.infokuryr.cz\/n\/wp-json\/wp\/v2\/media\/94153"}],"wp:attachment":[{"href":"https:\/\/www.infokuryr.cz\/n\/wp-json\/wp\/v2\/media?parent=94152"}],"wp:term":[{"taxonomy":"category","embeddable":true,"href":"https:\/\/www.infokuryr.cz\/n\/wp-json\/wp\/v2\/categories?post=94152"},{"taxonomy":"post_tag","embeddable":true,"href":"https:\/\/www.infokuryr.cz\/n\/wp-json\/wp\/v2\/tags?post=94152"}],"curies":[{"name":"wp","href":"https:\/\/api.w.org\/{rel}","templated":true}]}}