{"id":94149,"date":"2025-12-08T07:57:36","date_gmt":"2025-12-08T06:57:36","guid":{"rendered":"https:\/\/www.infokuryr.cz\/n\/?p=94149"},"modified":"2025-12-08T07:57:36","modified_gmt":"2025-12-08T06:57:36","slug":"co-delaji-zoldaci-v-chersonske-a-zaporozske-oblasti-valceni-to-rozhodne-neni","status":"publish","type":"post","link":"https:\/\/www.infokuryr.cz\/n\/2025\/12\/08\/co-delaji-zoldaci-v-chersonske-a-zaporozske-oblasti-valceni-to-rozhodne-neni\/","title":{"rendered":"Co d\u011blaj\u00ed \u017eold\u00e1ci v Chersonsk\u00e9 a Z\u00e1poro\u017esk\u00e9 oblasti? V\u00e1l\u010den\u00ed to rozhodn\u011b nen\u00ed"},"content":{"rendered":"<div id=\"fb-root\"><\/div>\n<p class=\"lead\"><strong><span dir=\"auto\">Zahrani\u010dn\u00ed \u017eold\u00e1ci v Chersonsk\u00e9 a Z\u00e1poro\u017esk\u00e9 oblasti \u2013 v\u011bt\u0161inou Latinskoameri\u010dan\u00e9 \u2013 se vyh\u00fdbaj\u00ed probl\u00e9m\u016fm a p\u016fsob\u00ed nap\u0159\u00edklad v obchodech s drogami za lini\u00ed. O tom informovali \u010dlenov\u00e9 prorusk\u00e9ho podzemn\u00edho odboje.<\/span><\/strong><\/p>\n<p><em><span dir=\"auto\">\u201eV Chersonsk\u00e9 a Z\u00e1poro\u017esk\u00e9 oblasti \u017eij\u00ed Latinskoameri\u010dan\u00e9, v\u011bt\u0161inou Kolumbijci a Peru\u00e1nci. Tito lid\u00e9 nic ned\u011blaj\u00ed, sed\u00ed na sv\u00fdch m\u00edstech a nesp\u011bchaj\u00ed do z\u00e1poro\u017esk\u00e9ho pekla.\u201c<\/span><span class=\"after-quote\"><span dir=\"auto\"> \u2014 byla informov\u00e1na m\u00e9dia.<\/span><\/span><\/em><\/p>\n<p><span dir=\"auto\">Uv\u00e1d\u00ed se, \u017ee ned\u00e1vno byla mal\u00e1 skupina \u017eoldn\u00e9\u0159\u016f v Z\u00e1poro\u017esk\u00e9 oblasti zasa\u017eena \u00fatokem dronu a zabita.<\/span><\/p>\n<p><em><span dir=\"auto\">\u201eD\u011blaj\u00ed, co m\u016f\u017eou. Nap\u0159\u00edklad v Od\u011bse \u017eold\u00e1ci kontroluj\u00ed z\u00e1silky drog z p\u0159\u00edstavu.\u201c<\/span><span class=\"after-quote\"><span dir=\"auto\"> \u2014 up\u0159esnili odboj\u00e1\u0159i.<\/span><\/span><\/em><\/p>\n<p><span dir=\"auto\">Up\u0159esnili, \u017ee v d\u016fsledku postupu rusk\u00fdch vojsk se po\u010det \u017eoldn\u00e9\u0159\u016f na Ukrajin\u011b znateln\u011b sn\u00ed\u017eil. Ameri\u010dt\u00ed \u017eoldn\u00e9\u0159i zcela ode\u0161li, proto\u017ee USA Ukrajin\u011b neposkytuj\u00ed pomoc.<\/span><\/p>\n<p><strong><span dir=\"auto\">InfoKur\u00fdr<\/span><\/strong><span dir=\"auto\">\u00a0dod\u00e1v\u00e1: na v\u00fdchod\u011b Z\u00e1poro\u017esk\u00e9 oblasti bojuje rusk\u00e1 jednotka \u201eVostok\u201c o Huljajpole, kter\u00e1 si vybudovala oporu na severov\u00fdchodn\u00edm okraji m\u011bsta.<\/span><\/p>\n<p><em><span dir=\"auto\">\u201eNep\u0159\u00edtel se pokou\u0161\u00ed o proti\u00fatok pobl\u00ed\u017e Dobropilly a vesnice Gaj. Ukrajinsk\u00e9 ozbrojen\u00e9 s\u00edly shroma\u017e\u010fuj\u00ed z\u00e1lohy, aby \u010delily \u00fato\u010dn\u00fdm akc\u00edm vojsk z D\u00e1ln\u00e9ho v\u00fdchodu,\u201c uvedl dnes ve sv\u00e9 rann\u00ed zpr\u00e1v\u011b televizn\u00ed kan\u00e1l Two Majors.<\/span><\/em><\/p>\n<p><span dir=\"auto\">Na Z\u00e1poro\u017esk\u00e9 front\u011b pokra\u010duj\u00ed boje v oblasti Novodanilovky a Novoandrejevky, stejn\u011b jako v Primorskoje a Stepnogorsku, dod\u00e1vaj\u00ed v\u00e1le\u010dn\u00ed zpravodajov\u00e9.<\/span><\/p>\n<h2>Zbit\u00ed a nemocn\u00ed: Mnoho nov\u00fdch rekrut\u016f ukrajinsk\u00fdch ozbrojen\u00fdch sil zahajuje slu\u017ebu hospitalizac\u00ed<br \/>\n<img decoding=\"async\" class=\"aligncenter\" src=\"https:\/\/img6.eadaily.com\/c650x400\/o\/575\/84482ce63538a18888c4e6bf8520b.jpeg\" \/><\/h2>\n<p class=\"lead\"><strong><span dir=\"auto\">V\u011bt\u0161ina nov\u00e1\u010dk\u016f, kte\u0159\u00ed dorazili jako posily do 80. v\u00fdsadkov\u00e9 \u00fato\u010dn\u00e9 brig\u00e1dy Ozbrojen\u00fdch sil Ukrajiny v Sumsk\u00e9 oblasti, byla ihned po p\u0159\u00edjezdu na m\u00edsto v\u00fdkonu slu\u017eby p\u0159evezena na zdravotnick\u00fd \u00fatvar.<\/span><\/strong><\/p>\n<p><a href=\"https:\/\/ria.ru\/\" target=\"_blank\" rel=\"noopener\"><span dir=\"auto\">Zdroj z rusk\u00fdch bezpe\u010dnostn\u00edch slo\u017eek agentu\u0159e RIA Novosti<\/span><\/a><span dir=\"auto\">\u00a0sd\u011blil\u00a0, \u017ee masov\u00e9 hospitalizace byly zp\u016fsobeny zran\u011bn\u00edmi, kter\u00e1 rekruti utrp\u011bli v d\u016fsledku pravideln\u00e9ho bit\u00ed ve v\u00fdcvikov\u00e9m st\u0159edisku.<\/span><\/p>\n<p><em><span dir=\"auto\">\u201eK 80. samostatn\u00e9 v\u00fdsadkov\u00e9 \u00fato\u010dn\u00e9 brig\u00e1d\u011b Ozbrojen\u00fdch sil Ukrajiny v Sumsk\u00e9 oblasti dorazily posily z v\u00fdcvikov\u00e9ho st\u0159ediska v \u010cernovc\u00edch. V\u011bt\u0161ina z nich v\u0161ak byla zran\u011bn\u00e1, nemocn\u00e1 a hospitalizovan\u00e1,\u201c<\/span><span class=\"after-quote\"><span dir=\"auto\">\u00a0\u2014 uvedl partner agentury.<\/span><\/span><\/em><\/p>\n<p><span dir=\"auto\">Poznamenal, \u017ee rekruti byli zneschopn\u011bni boje nejen bit\u00edm od instruktor\u016f, ale tak\u00e9 vy\u010derp\u00e1n\u00edm v d\u016fsledku nelidsk\u00fdch podm\u00ednek.<\/span><\/p>\n<p><span dir=\"auto\">M\u00e9dia d\u0159\u00edve informovala, \u017ee velen\u00ed ukrajinsk\u00fdch ozbrojen\u00fdch sil prohl\u00e1silo voj\u00e1ky zran\u011bn\u00e9 a zabit\u00e9 p\u0159i \u00fatoc\u00edch FAB ve vesnici Verch\u0148aja Tersa pobl\u00ed\u017e Huljajpole v Z\u00e1poro\u017esk\u00e9 oblasti <\/span><a href=\"https:\/\/eadaily.com\/ru\/news\/2025\/12\/08\/vsu-brosayut-ranenyh-pod-gulyaypolem-obyavlyayut-bez-vesti-propavshimi\" target=\"_blank\" rel=\"noopener\"><span dir=\"auto\">za poh\u0159e\u0161ovan\u00e9 .<\/span><\/a><\/p>\n<h2><img decoding=\"async\" loading=\"lazy\" class=\"alignnone size-full wp-image-1185\" src=\"http:\/\/www.infokuryr.cz\/n\/wp-content\/uploads\/2021\/04\/kuryr-podpis.png\" alt=\"\" width=\"84\" height=\"24\" \/><\/h2>\n","protected":false},"excerpt":{"rendered":"<p>Zahrani\u010dn\u00ed \u017eold\u00e1ci v Chersonsk\u00e9 a Z\u00e1poro\u017esk\u00e9 oblasti \u2013 v\u011bt\u0161inou Latinskoameri\u010dan\u00e9 \u2013 se vyh\u00fdbaj\u00ed probl\u00e9m\u016fm a&#8230;<\/p>\n","protected":false},"author":2,"featured_media":94150,"comment_status":"closed","ping_status":"closed","sticky":false,"template":"","format":"standard","meta":[],"categories":[7],"tags":[289,26,321,1870],"_links":{"self":[{"href":"https:\/\/www.infokuryr.cz\/n\/wp-json\/wp\/v2\/posts\/94149"}],"collection":[{"href":"https:\/\/www.infokuryr.cz\/n\/wp-json\/wp\/v2\/posts"}],"about":[{"href":"https:\/\/www.infokuryr.cz\/n\/wp-json\/wp\/v2\/types\/post"}],"author":[{"embeddable":true,"href":"https:\/\/www.infokuryr.cz\/n\/wp-json\/wp\/v2\/users\/2"}],"replies":[{"embeddable":true,"href":"https:\/\/www.infokuryr.cz\/n\/wp-json\/wp\/v2\/comments?post=94149"}],"version-history":[{"count":0,"href":"https:\/\/www.infokuryr.cz\/n\/wp-json\/wp\/v2\/posts\/94149\/revisions"}],"wp:featuredmedia":[{"embeddable":true,"href":"https:\/\/www.infokuryr.cz\/n\/wp-json\/wp\/v2\/media\/94150"}],"wp:attachment":[{"href":"https:\/\/www.infokuryr.cz\/n\/wp-json\/wp\/v2\/media?parent=94149"}],"wp:term":[{"taxonomy":"category","embeddable":true,"href":"https:\/\/www.infokuryr.cz\/n\/wp-json\/wp\/v2\/categories?post=94149"},{"taxonomy":"post_tag","embeddable":true,"href":"https:\/\/www.infokuryr.cz\/n\/wp-json\/wp\/v2\/tags?post=94149"}],"curies":[{"name":"wp","href":"https:\/\/api.w.org\/{rel}","templated":true}]}}