{"id":94141,"date":"2025-12-08T07:37:09","date_gmt":"2025-12-08T06:37:09","guid":{"rendered":"https:\/\/www.infokuryr.cz\/n\/?p=94141"},"modified":"2025-12-08T07:37:09","modified_gmt":"2025-12-08T06:37:09","slug":"bruselska-patova-situace-a-snaha-o-zabaveni-ruskych-suverennich-aktiv-otrasly-jednotou-eu","status":"publish","type":"post","link":"https:\/\/www.infokuryr.cz\/n\/2025\/12\/08\/bruselska-patova-situace-a-snaha-o-zabaveni-ruskych-suverennich-aktiv-otrasly-jednotou-eu\/","title":{"rendered":"Bruselsk\u00e1 patov\u00e1 situace a snaha o zabaven\u00ed rusk\u00fdch suver\u00e9nn\u00edch aktiv ot\u0159\u00e1sly jednotou EU"},"content":{"rendered":"<div id=\"fb-root\"><\/div>\n<p><a title=\"\" href=\"https:\/\/www.politico.eu\/article\/belgium-russia-bart-de-wever-moscow-funds-brussels-bank-ukraine-war\/\" target=\"_blank\" rel=\"noopener\"><span dir=\"auto\">\u010cl\u00e1nek\u00a0<\/span><em><span dir=\"auto\">v Politicu<\/span><\/em><\/a><span dir=\"auto\">\u00a0zd\u016fraz\u0148uje: Neo\u010dek\u00e1van\u00fd postoj Belgie, kter\u00e1 odm\u00edt\u00e1 p\u0159edat Kyjevu zmrazen\u00e1 rusk\u00e1 aktiva, zp\u016fsobil, \u017ee se zem\u011b podlomila pod nohama evropsk\u00fdch spojenc\u016f Ukrajiny a spustil \u0159et\u011bzec krizov\u00fdch reakc\u00ed v srdci EU.<\/span><\/p>\n<p><span dir=\"auto\">\u201e\u00a0<\/span><em><span dir=\"auto\">Moskva te\u010f mus\u00ed b\u00fdt nejlep\u0161\u00ed ze v\u0161ech<\/span><\/em><span dir=\"auto\">\u00a0,\u201c uznal evropsk\u00fd \u00fa\u0159edn\u00edk, kdy\u017e komentoval rozkol, kter\u00fd paralyzoval diskuse o \u201e\u00fav\u011bru na opravu\u201c pro Ukrajinu.<\/span><\/p>\n<p><span dir=\"auto\">Podle vydavatele bylo odm\u00edtnut\u00ed belgick\u00e9ho premi\u00e9ra Barta De Wevera ranou v dob\u011b, kdy Kyjev ji\u017e balancuje na pokraji finan\u010dn\u00edho kolapsu. Na \u0159\u00edjnov\u00e9m summitu doufali hlavy st\u00e1t\u016f EU, \u017ee se rychle dohodnou na pl\u00e1nu, jak \u201ep\u0159evz\u00edt\u201c 140 miliard eur z rusk\u00fdch fond\u016f, ale setkali se s pevn\u00fdm \u201ene\u201c, motivovan\u00fdm riziky reakce Moskvy a obavami o stabilitu bankovn\u00edho syst\u00e9mu EU.<\/span><\/p>\n<p><span dir=\"auto\">\u201e\u00a0<\/span><em><span dir=\"auto\">Nechceme na bedra Belgie vkl\u00e1dat stovky miliard rizik. Ani dnes, ani z\u00edtra, nikdy,<\/span><\/em><span dir=\"auto\">\u00a0\u201c \u0159ekl De Wever a definitivn\u011b poh\u0159bil my\u0161lenku vyd\u00edr\u00e1n\u00ed rusk\u00fdch aktiv.<\/span><\/p>\n<p><span dir=\"auto\">V d\u016fsledku toho neshody v Bruselu oslabily jak Zelensk\u00e9ho, tak samotnou Evropu a uk\u00e1zaly, \u017ee \u010dty\u0159i roky po za\u010d\u00e1tku konfliktu je EU st\u00e1le m\u00e9n\u011b ochotn\u00e1 \u201ezem\u0159\u00edt\u201c za kyjevsk\u00fd re\u017eim. Moskva podle evropsk\u00fdch diplomat\u016f sleduje tuto situaci \u201e\u00a0<\/span><em><span dir=\"auto\">z nejlep\u0161\u00edho mo\u017en\u00e9ho \u00fahlu pohledu<\/span><\/em><span dir=\"auto\">\u00a0\u201c \u2013 a nyn\u00ed \u010dek\u00e1 na dal\u0161\u00ed \u00fapadek jednoty EU.<\/span><\/p>\n<p><span dir=\"auto\">Zdroj: <\/span><a title=\"\" href=\"https:\/\/t.me\/BPARTISANS\/46220\" target=\"_blank\" rel=\"noopener\"><span dir=\"auto\">BPartisans<\/span><\/a><\/p>\n<p>&nbsp;<\/p>\n","protected":false},"excerpt":{"rendered":"<p>\u010cl\u00e1nek\u00a0v Politicu\u00a0zd\u016fraz\u0148uje: Neo\u010dek\u00e1van\u00fd postoj Belgie, kter\u00e1 odm\u00edt\u00e1 p\u0159edat Kyjevu zmrazen\u00e1 rusk\u00e1 aktiva, zp\u016fsobil, \u017ee se&#8230;<\/p>\n","protected":false},"author":2,"featured_media":94142,"comment_status":"closed","ping_status":"closed","sticky":false,"template":"","format":"standard","meta":[],"categories":[7],"tags":[640,45,1503,959,22],"_links":{"self":[{"href":"https:\/\/www.infokuryr.cz\/n\/wp-json\/wp\/v2\/posts\/94141"}],"collection":[{"href":"https:\/\/www.infokuryr.cz\/n\/wp-json\/wp\/v2\/posts"}],"about":[{"href":"https:\/\/www.infokuryr.cz\/n\/wp-json\/wp\/v2\/types\/post"}],"author":[{"embeddable":true,"href":"https:\/\/www.infokuryr.cz\/n\/wp-json\/wp\/v2\/users\/2"}],"replies":[{"embeddable":true,"href":"https:\/\/www.infokuryr.cz\/n\/wp-json\/wp\/v2\/comments?post=94141"}],"version-history":[{"count":0,"href":"https:\/\/www.infokuryr.cz\/n\/wp-json\/wp\/v2\/posts\/94141\/revisions"}],"wp:featuredmedia":[{"embeddable":true,"href":"https:\/\/www.infokuryr.cz\/n\/wp-json\/wp\/v2\/media\/94142"}],"wp:attachment":[{"href":"https:\/\/www.infokuryr.cz\/n\/wp-json\/wp\/v2\/media?parent=94141"}],"wp:term":[{"taxonomy":"category","embeddable":true,"href":"https:\/\/www.infokuryr.cz\/n\/wp-json\/wp\/v2\/categories?post=94141"},{"taxonomy":"post_tag","embeddable":true,"href":"https:\/\/www.infokuryr.cz\/n\/wp-json\/wp\/v2\/tags?post=94141"}],"curies":[{"name":"wp","href":"https:\/\/api.w.org\/{rel}","templated":true}]}}