{"id":94081,"date":"2025-12-08T00:24:14","date_gmt":"2025-12-07T23:24:14","guid":{"rendered":"https:\/\/www.infokuryr.cz\/n\/?p=94081"},"modified":"2025-12-07T13:50:33","modified_gmt":"2025-12-07T12:50:33","slug":"s-rostoucim-nasilim-a-chaosem-v-multikulturni-francii-jsou-sebevrazdy-mezi-policisty-a-cetniky-stale-vetsim-problemem","status":"publish","type":"post","link":"https:\/\/www.infokuryr.cz\/n\/2025\/12\/08\/s-rostoucim-nasilim-a-chaosem-v-multikulturni-francii-jsou-sebevrazdy-mezi-policisty-a-cetniky-stale-vetsim-problemem\/","title":{"rendered":"S rostouc\u00edm n\u00e1sil\u00edm a chaosem v multikulturn\u00ed Francii jsou sebevra\u017edy mezi policisty a \u010detn\u00edky st\u00e1le v\u011bt\u0161\u00edm probl\u00e9mem"},"content":{"rendered":"<div id=\"fb-root\"><\/div>\n<h3 class=\"s-tagline fw-tagline\"><span dir=\"auto\">Tv\u00e1\u0159\u00ed v tv\u00e1\u0159 rostouc\u00edmu n\u00e1sil\u00ed ve francouzsk\u00e9 spole\u010dnosti a nelibosti v\u016f\u010di sv\u00e9 roli \u201e\u010detnictva st\u00e1le v\u00edce c\u00edt\u00ed, \u017ee ztr\u00e1c\u00ed svou du\u0161i a smysl sv\u00e9ho posl\u00e1n\u00ed\u201c<\/span><\/h3>\n<p><span dir=\"auto\">Policista Gener\u00e1ln\u00edho \u0159editelstv\u00ed pro vnit\u0159n\u00ed bezpe\u010dnost (DGSI) si vzal \u017eivot \u201ena m\u00edst\u011b ministerstva vnitra\u201c v Essonne, ozn\u00e1mila v \u00fater\u00fd prokuratura v Evry. Jde o \u010dtvrtou sebevra\u017edu p\u0159\u00edslu\u0161n\u00edka dom\u00e1c\u00ed zpravodajsk\u00e9 slu\u017eby ve Francii.\u00a0<\/span><\/p>\n<p><span dir=\"auto\">Za\u010d\u00e1tkem roku 2025 je zn\u00e1mo, \u017ee nejm\u00e9n\u011b t\u0159i d\u016fstojn\u00edci DGSI sp\u00e1chali sebevra\u017edu v lokalit\u011b Levallois-Perret (Hauts-de-Seine).<\/span><\/p>\n<p><span dir=\"auto\">Podle \u00fadaj\u016f ministerstva vnitra sp\u00e1chalo v roce 2024 sebevra\u017edu celkem 27 policist\u016f a 26 \u010detn\u00edk\u016f, co\u017e je nejni\u017e\u0161\u00ed po\u010det za 20 let, oslavil v lednu Le Monde.<\/span><\/p>\n<p><span dir=\"auto\">V roce 2022 sp\u00e1chalo sebevra\u017edu 10 policist\u016f a \u010detn\u00edk\u016f b\u011bhem necel\u00e9ho m\u011bs\u00edce, p\u0159i\u010dem\u017e den\u00edk France Bleu uv\u00e1d\u00ed, \u017ee v pr\u016fm\u011bru doch\u00e1z\u00ed k 30 a\u017e 40 sebevra\u017ed\u00e1m ro\u010dn\u011b. V roce 2019 byl mezit\u00edm zaznamen\u00e1n rekordn\u00ed po\u010det 50 sebevra\u017ed.\u00a0<\/span><\/p>\n<p><span dir=\"auto\">Ministerstvo zdravotnictv\u00ed z\u0159\u00eddilo v \u0159\u00edjnu 2021 celost\u00e1tn\u00ed linku d\u016fv\u011bry pro prevenci sebevra\u017ed \u201e3114\u201c a Slu\u017eba opera\u010dn\u00ed psychologick\u00e9 podpory (SSPO), z\u0159\u00edzen\u00e1 v roce 1996, zdvojn\u00e1sobila sv\u00e9 zdroje a po\u010det klinick\u00fdch psycholog\u016f.<\/span><\/p>\n<p><span dir=\"auto\">Podle\u00a0<\/span><a href=\"https:\/\/www.mfp.fr\/presse\/la-gendarmerie-face-au-tabou-du-suicide\/\"><span dir=\"auto\">MFP<\/span><\/a><span dir=\"auto\">\u00a0bylo dosa\u017eeno pokroku, p\u0159i\u010dem\u017e sebevra\u017ed mezi policisty se od roku 2019 sn\u00ed\u017eily o v\u00edce ne\u017e 50 procent. Sebevra\u017edy v vojensk\u00fdch \u0159ad\u00e1ch (\u010detn\u00edk\u016f) v\u0161ak nyn\u00ed dos\u00e1hly t\u00e9m\u011b\u0159 srovnateln\u00e9 \u00farovn\u011b jako u policie, i kdy\u017e jejich po\u010det je podstatn\u011b men\u0161\u00ed.<\/span><\/p>\n<p><span dir=\"auto\">V roce 2024 se po\u010det \u010detn\u00edk\u016f, kte\u0159\u00ed si vzali \u017eivot, zv\u00fd\u0161il o 24 procent na 26.<\/span><\/p>\n<p><span dir=\"auto\">\u201eV oblasti zvl\u00e1d\u00e1n\u00ed a prevence sebevra\u017ed v posledn\u00ed dob\u011b nedo\u0161lo k \u017e\u00e1dn\u00e9mu zlep\u0161en\u00ed,\u201c \u0159\u00edk\u00e1 David Ramos, prezident GendXXI, prvn\u00ed profesn\u00ed asociace pro vojensk\u00fd person\u00e1l \u010detnictva, kter\u00e1 vznikla ve Francii. Dod\u00e1v\u00e1, \u017ee tv\u00e1\u0159\u00ed v tv\u00e1\u0159 rostouc\u00ed t\u00edsni p\u0159etrv\u00e1v\u00e1 \u201einstitucion\u00e1ln\u00ed ne\u010dinnost\u201c.<\/span><\/p>\n<p><span dir=\"auto\">Ramos poukazuje na rostouc\u00ed pracovn\u00ed z\u00e1t\u011b\u017e, jeliko\u017e lid\u00e9, kte\u0159\u00ed odch\u00e1zej\u00ed, nejsou nikdy nahrazeni, \u0161patn\u00e9 vybaven\u00ed a celkov\u00fd pocit opu\u0161t\u011bnosti. MFP poznamen\u00e1v\u00e1, \u017ee \u201e\u010detn\u00edci jsou v prvn\u00ed linii\u201c a mus\u00ed st\u00e1le \u010dast\u011bji \u010delit extr\u00e9mn\u011b n\u00e1siln\u00fdm situac\u00edm, proto\u017ee soci\u00e1ln\u00ed nap\u011bt\u00ed roste. Policist\u00e9 se \u010dasto setk\u00e1vaj\u00ed se zneu\u017e\u00edv\u00e1n\u00edm d\u011bt\u00ed, pornografi\u00ed a terorismem \u2013 to v\u0161e si vyb\u00edr\u00e1 obrovskou da\u0148, zejm\u00e9na proto, \u017ee poci\u0165uj\u00ed st\u00e1le v\u011bt\u0161\u00ed z\u00e1\u0161\u0165 od t\u011bch, kter\u00e9 se sna\u017e\u00ed chr\u00e1nit.<\/span><\/p>\n<p><span dir=\"auto\">\u201e\u010c\u00edm v\u00edce ve spole\u010dnosti roste nap\u011bt\u00ed, t\u00edm v\u00edce jsme na n\u011b upozor\u0148ov\u00e1ni, \u010dasto v n\u00e1siln\u00fdch kontextech,\u201c poznamen\u00e1v\u00e1 Ramos.\u00a0<\/span><\/p>\n<p><span dir=\"auto\">\u201e(Jejich) pr\u00e1ce je st\u00e1le obt\u00ed\u017en\u011bj\u0161\u00ed, proto\u017ee \u010detn\u00edci jsou opakovan\u011b konfrontov\u00e1ni s obzvl\u00e1\u0161t\u011b z\u00e1va\u017en\u00fdm n\u00e1sil\u00edm, a\u0165 u\u017e nam\u00ed\u0159en\u00fdm proti jin\u00fdm \u010dlen\u016fm ve\u0159ejnosti nebo proti jin\u00fdm policist\u016fm. Samotn\u00ed \u010detn\u00edci se st\u00e1le \u010dast\u011bji st\u00e1vaj\u00ed ter\u010dem \u00fatok\u016f, proto\u017ee jejich \u010diny jsou zpochyb\u0148ov\u00e1ny,\u201c \u0159ekl Ramos\u00a0<\/span><a href=\"https:\/\/www.marianne.net\/societe\/police-et-justice\/suicides-en-hausse-chez-les-gendarmes-il-ny-a-pas-eu-d-amelioration-recente-dans-la-politique-de-prevention\"><span dir=\"auto\">Marianne<\/span><\/a><span dir=\"auto\">\u00a0.<\/span><\/p>\n<p><span dir=\"auto\">\u201e\u010cetnictvo m\u00e1 st\u00e1le v\u00edce pocit, \u017ee ztr\u00e1c\u00ed svou du\u0161i a smysl sv\u00e9ho posl\u00e1n\u00ed,\u201c dodal s t\u00edm, \u017ee \u201evzhledem k demografick\u00fdm trend\u016fm za\u017e\u00edvaj\u00ed oblasti spadaj\u00edc\u00ed pod jurisdikci \u010detnictva mnohem v\u011bt\u0161\u00ed popula\u010dn\u00ed r\u016fst ne\u017e oblasti spadaj\u00edc\u00ed pod jurisdikci policie.\u201c<\/span><\/p>\n<p><span dir=\"auto\">Vzhledem k tomuto nar\u016fstaj\u00edc\u00edmu probl\u00e9mu je d\u016fle\u017eit\u00e9 poznamenat, \u017ee francouz\u0161t\u00ed \u010detn\u00edci hl\u00eddkuj\u00ed v oblastech s vysok\u00fdm v\u00fdskytem migrant\u016f a kde doch\u00e1z\u00ed k mnoha migra\u010dn\u00edm aktivit\u00e1m, v\u010detn\u011b hrani\u010dn\u00edch oblast\u00ed a hrani\u010dn\u00edch p\u0159echod\u016f.<\/span><\/p>\n<p><img decoding=\"async\" loading=\"lazy\" class=\"alignnone size-full wp-image-1185\" src=\"http:\/\/www.infokuryr.cz\/n\/wp-content\/uploads\/2021\/04\/kuryr-podpis.png\" alt=\"\" width=\"84\" height=\"24\" \/><\/p>\n<p>&nbsp;<\/p>\n","protected":false},"excerpt":{"rendered":"<p>Tv\u00e1\u0159\u00ed v tv\u00e1\u0159 rostouc\u00edmu n\u00e1sil\u00ed ve francouzsk\u00e9 spole\u010dnosti a nelibosti v\u016f\u010di sv\u00e9 roli \u201e\u010detnictva st\u00e1le&#8230;<\/p>\n","protected":false},"author":2,"featured_media":94082,"comment_status":"closed","ping_status":"closed","sticky":false,"template":"","format":"standard","meta":[],"categories":[7],"tags":[130,239,86,3012],"_links":{"self":[{"href":"https:\/\/www.infokuryr.cz\/n\/wp-json\/wp\/v2\/posts\/94081"}],"collection":[{"href":"https:\/\/www.infokuryr.cz\/n\/wp-json\/wp\/v2\/posts"}],"about":[{"href":"https:\/\/www.infokuryr.cz\/n\/wp-json\/wp\/v2\/types\/post"}],"author":[{"embeddable":true,"href":"https:\/\/www.infokuryr.cz\/n\/wp-json\/wp\/v2\/users\/2"}],"replies":[{"embeddable":true,"href":"https:\/\/www.infokuryr.cz\/n\/wp-json\/wp\/v2\/comments?post=94081"}],"version-history":[{"count":0,"href":"https:\/\/www.infokuryr.cz\/n\/wp-json\/wp\/v2\/posts\/94081\/revisions"}],"wp:featuredmedia":[{"embeddable":true,"href":"https:\/\/www.infokuryr.cz\/n\/wp-json\/wp\/v2\/media\/94082"}],"wp:attachment":[{"href":"https:\/\/www.infokuryr.cz\/n\/wp-json\/wp\/v2\/media?parent=94081"}],"wp:term":[{"taxonomy":"category","embeddable":true,"href":"https:\/\/www.infokuryr.cz\/n\/wp-json\/wp\/v2\/categories?post=94081"},{"taxonomy":"post_tag","embeddable":true,"href":"https:\/\/www.infokuryr.cz\/n\/wp-json\/wp\/v2\/tags?post=94081"}],"curies":[{"name":"wp","href":"https:\/\/api.w.org\/{rel}","templated":true}]}}