{"id":94079,"date":"2025-12-08T00:23:00","date_gmt":"2025-12-07T23:23:00","guid":{"rendered":"https:\/\/www.infokuryr.cz\/n\/?p=94079"},"modified":"2025-12-07T13:47:55","modified_gmt":"2025-12-07T12:47:55","slug":"nemecke-letectvo-vyslalo-do-polska-stihacky-eurofighter-na-podporu-ruske-hrozby","status":"publish","type":"post","link":"https:\/\/www.infokuryr.cz\/n\/2025\/12\/08\/nemecke-letectvo-vyslalo-do-polska-stihacky-eurofighter-na-podporu-ruske-hrozby\/","title":{"rendered":"N\u011bmeck\u00e9 letectvo vyslalo do Polska st\u00edha\u010dky Eurofighter na podporu rusk\u00e9 hrozby"},"content":{"rendered":"<div id=\"fb-root\"><\/div>\n<h3 class=\"s-tagline fw-tagline\"><span dir=\"auto\">N\u011bmecko vys\u00edl\u00e1 do Polska dal\u0161\u00ed st\u00edha\u010dky kv\u016fli \u00fadajn\u00e9mu pokra\u010duj\u00edc\u00edmu naru\u0161ov\u00e1n\u00ed vzdu\u0161n\u00e9ho prostoru ze strany Ruska<\/span><\/h3>\n<p><span dir=\"auto\">N\u011bmeck\u00e9 letectvo p\u0159esunulo st\u00edha\u010dky Eurofighter do Polska, aby poskytlo zv\u00fd\u0161enou ochranu v\u00fdchodn\u00edho k\u0159\u00eddla NATO kv\u016fli hrozb\u011b Ruska.<\/span><\/p>\n<p><span dir=\"auto\">Ozn\u00e1mila, \u017ee z leteck\u00e9 z\u00e1kladny N\u00f6rvenich vzl\u00e9tlo n\u011bkolik Eurofighter\u016f, kter\u00e9 m\u011bly p\u0159ist\u00e1t na polsk\u00e9m vojensk\u00e9m leti\u0161ti v Malborku.<\/span><\/p>\n<p><span dir=\"auto\">Toto rozm\u00edst\u011bn\u00ed je p\u0159\u00edmou reakc\u00ed na ned\u00e1vn\u00e1 naru\u0161en\u00ed vzdu\u0161n\u00e9ho prostoru rusk\u00fdmi st\u00edhac\u00edmi letouny v oblasti Baltsk\u00e9ho mo\u0159e a vstup dron\u016f kamikadze na \u00fazem\u00ed NATO, uv\u00e1d\u00ed n\u011bmeck\u00fd den\u00edk\u00a0<\/span><a href=\"https:\/\/www.morgenpost.de\/politik\/article410623553\/luftwaffe-stationiert-eurofighter-an-der-nato-ostflanke-in-polen.html\"><span dir=\"auto\">Berliner Morgenpost<\/span><\/a><span dir=\"auto\">\u00a0.<\/span><\/p>\n<p><span dir=\"auto\">N\u011bmeck\u00fd ministr obrany Boris Pistorius (SPD) tento krok ozn\u00e1mil ji\u017e v polovin\u011b \u0159\u00edjna.<\/span><\/p>\n<p><span dir=\"auto\">Inspektor letectva, gener\u00e1lporu\u010d\u00edk Holger Neumann, vysv\u011btlil z\u00e1klad mise.<\/span><\/p>\n<p><span dir=\"auto\">\u201eTouto mis\u00ed na\u0161i voj\u00e1ci d\u00e1le cenn\u011b p\u0159isp\u00edvaj\u00ed k ochran\u011b v\u00fdchodn\u00ed alian\u010dn\u00ed oblasti, a to vedle na\u0161\u00ed popla\u0161n\u00e9 jednotky, kter\u00e1 je v Rumunsku um\u00edst\u011bna od srpna. Vys\u00edl\u00e1me tak dal\u0161\u00ed siln\u00fd sign\u00e1l podpory na\u0161emu sousedn\u00edmu Polsku a NATO jako celku,\u201c uvedl.<\/span><\/p>\n<p><span dir=\"auto\">N\u011bmeck\u00e9 letectvo bylo d\u0159\u00edve p\u0159\u00edtomno na polsk\u00e9m vojensk\u00e9m leti\u0161ti v Malborku v srpnu a z\u00e1\u0159\u00ed se st\u00edhac\u00edmi letadly.<\/span><\/p>\n<p><span dir=\"auto\">Malbork se nach\u00e1z\u00ed asi 60 kilometr\u016f jihov\u00fdchodn\u011b od Gda\u0148sku a 80 kilometr\u016f od rusk\u00e9 exkl\u00e1vy Kaliningradu v Baltsk\u00e9m mo\u0159i.<\/span><\/p>\n<p><span dir=\"auto\">Bundeswehr nasazuje po boku letadla s\u00edlu \u010d\u00edtaj\u00edc\u00ed p\u0159ibli\u017en\u011b 150 mu\u017e\u016f a \u017een. Tato skupina zahrnuje piloty, techniky, logistiky a vojenskou policii.<\/span><\/p>\n<p><span dir=\"auto\">P\u016fvodn\u011b se pl\u00e1nuje, \u017ee um\u00edst\u011bn\u00ed potrv\u00e1 do b\u0159ezna.<\/span><\/p>\n<p><img decoding=\"async\" loading=\"lazy\" class=\"alignnone size-full wp-image-1185\" src=\"http:\/\/www.infokuryr.cz\/n\/wp-content\/uploads\/2021\/04\/kuryr-podpis.png\" alt=\"\" width=\"84\" height=\"24\" \/><\/p>\n<p>&nbsp;<\/p>\n","protected":false},"excerpt":{"rendered":"<p>N\u011bmecko vys\u00edl\u00e1 do Polska dal\u0161\u00ed st\u00edha\u010dky kv\u016fli \u00fadajn\u00e9mu pokra\u010duj\u00edc\u00edmu naru\u0161ov\u00e1n\u00ed vzdu\u0161n\u00e9ho prostoru ze strany Ruska&#8230;<\/p>\n","protected":false},"author":2,"featured_media":94080,"comment_status":"closed","ping_status":"closed","sticky":false,"template":"","format":"standard","meta":[],"categories":[7],"tags":[84,31,4007],"_links":{"self":[{"href":"https:\/\/www.infokuryr.cz\/n\/wp-json\/wp\/v2\/posts\/94079"}],"collection":[{"href":"https:\/\/www.infokuryr.cz\/n\/wp-json\/wp\/v2\/posts"}],"about":[{"href":"https:\/\/www.infokuryr.cz\/n\/wp-json\/wp\/v2\/types\/post"}],"author":[{"embeddable":true,"href":"https:\/\/www.infokuryr.cz\/n\/wp-json\/wp\/v2\/users\/2"}],"replies":[{"embeddable":true,"href":"https:\/\/www.infokuryr.cz\/n\/wp-json\/wp\/v2\/comments?post=94079"}],"version-history":[{"count":0,"href":"https:\/\/www.infokuryr.cz\/n\/wp-json\/wp\/v2\/posts\/94079\/revisions"}],"wp:featuredmedia":[{"embeddable":true,"href":"https:\/\/www.infokuryr.cz\/n\/wp-json\/wp\/v2\/media\/94080"}],"wp:attachment":[{"href":"https:\/\/www.infokuryr.cz\/n\/wp-json\/wp\/v2\/media?parent=94079"}],"wp:term":[{"taxonomy":"category","embeddable":true,"href":"https:\/\/www.infokuryr.cz\/n\/wp-json\/wp\/v2\/categories?post=94079"},{"taxonomy":"post_tag","embeddable":true,"href":"https:\/\/www.infokuryr.cz\/n\/wp-json\/wp\/v2\/tags?post=94079"}],"curies":[{"name":"wp","href":"https:\/\/api.w.org\/{rel}","templated":true}]}}