{"id":94076,"date":"2025-12-08T00:21:43","date_gmt":"2025-12-07T23:21:43","guid":{"rendered":"https:\/\/www.infokuryr.cz\/n\/?p=94076"},"modified":"2025-12-07T13:42:13","modified_gmt":"2025-12-07T12:42:13","slug":"polsky-nejvyssi-soud-rozhodl-ze-jeho-rozhodnuti-nelze-napadnout-a-to-ani-na-zaklade-pravnich-predpisu-eu","status":"publish","type":"post","link":"https:\/\/www.infokuryr.cz\/n\/2025\/12\/08\/polsky-nejvyssi-soud-rozhodl-ze-jeho-rozhodnuti-nelze-napadnout-a-to-ani-na-zaklade-pravnich-predpisu-eu\/","title":{"rendered":"Polsk\u00fd Nejvy\u0161\u0161\u00ed soud rozhodl, \u017ee jeho rozhodnut\u00ed nelze napadnout, a to ani na z\u00e1klad\u011b pr\u00e1vn\u00edch p\u0159edpis\u016f EU"},"content":{"rendered":"<div id=\"fb-root\"><\/div>\n<p><span dir=\"auto\">Polsk\u00fd Nejvy\u0161\u0161\u00ed soud dnes vydal p\u0159elomov\u00e9 rozhodnut\u00ed, \u017ee \u017e\u00e1dn\u00fd soud ani ve\u0159ejn\u00fd org\u00e1n nem\u016f\u017ee napadnout rozhodnut\u00ed Nejvy\u0161\u0161\u00edho soudu, v\u010detn\u011b Evropsk\u00e9 unie. Toto rozhodnut\u00ed p\u0159edstavuje v\u00fdznamn\u00fd okam\u017eik v boji za pr\u00e1vn\u00ed suverenitu v Polsku.<\/span><\/p>\n<p><span dir=\"auto\">\u201e\u017d\u00e1dn\u00fd soud ani jin\u00fd org\u00e1n ve\u0159ejn\u00e9 moci nen\u00ed opr\u00e1vn\u011bn prohl\u00e1sit rozhodnut\u00ed Nejvy\u0161\u0161\u00edho soudu za neplatn\u00e9 a ignorovat jeho \u00fa\u010dinky. I kdyby tak \u010dinil s odvol\u00e1n\u00edm na pr\u00e1vo Evropsk\u00e9 unie,\u201c uv\u00e1d\u00ed se v nov\u00e9m rozhodnut\u00ed Nejvy\u0161\u0161\u00edho soudu.<\/span><\/p>\n<p><span dir=\"auto\">Rozhodnut\u00ed padlo na spole\u010dn\u00e9m zased\u00e1n\u00ed sen\u00e1tu pro mimo\u0159\u00e1dnou kontrolu a ve\u0159ejn\u00e9 z\u00e1le\u017eitosti a sen\u00e1tu pro pr\u00e1ci a soci\u00e1ln\u00ed zabezpe\u010den\u00ed.<\/span><\/p>\n<p><span dir=\"auto\">Rozhodnut\u00ed je p\u0159\u00edmou reakc\u00ed na z\u00e1\u0159ijov\u00e9 usnesen\u00ed sedmi soudc\u016f Komory pr\u00e1ce a soci\u00e1ln\u00edho zabezpe\u010den\u00ed, kte\u0159\u00ed zpochybnili z\u00e1konnost cel\u00e9 Komory mimo\u0159\u00e1dn\u00e9 kontroly a ve\u0159ejn\u00fdch z\u00e1le\u017eitost\u00ed.<\/span><\/p>\n<p><span dir=\"auto\">Tito soudci s odkazem na rozhodnut\u00ed Evropsk\u00e9ho soudn\u00edho dvora (ESD) a Evropsk\u00e9ho soudu pro lidsk\u00e1 pr\u00e1va (ESLP) shledali, \u017ee ostatn\u00ed soudci Nejvy\u0161\u0161\u00edho soudu \u2013 ozna\u010dovan\u00ed jako \u201eneosoudci\u201c \u2013 nemaj\u00ed pravomoc rozhodovat a \u017ee st\u00e1tn\u00ed org\u00e1ny by m\u011bly pova\u017eovat jejich rozsudky za neplatn\u00e9. Toto, jedno z nejkontroverzn\u011bj\u0161\u00edch rozhodnut\u00ed, zp\u016fsobilo chaos v polsk\u00e9m soudn\u00edm syst\u00e9mu a dnes bylo zru\u0161eno jako neslu\u010diteln\u00e9 s polsk\u00fdm pr\u00e1vem.<\/span><\/p>\n<p><span dir=\"auto\">Druh\u00fd bod usnesen\u00ed Nejvy\u0161\u0161\u00edho soudu, jak se dalo o\u010dek\u00e1vat, p\u0159ipom\u00edn\u00e1, \u017ee Polsko nep\u0159eneslo na Evropskou unii ani na \u017e\u00e1dnou jinou organizaci pr\u00e1vo stanovovat normy upravuj\u00edc\u00ed \u010dinnost polsk\u00e9 justice.<\/span><\/p>\n<p><span dir=\"auto\">\u201ePolsk\u00e1 republika nep\u0159enesla na Evropskou unii ani na \u017e\u00e1dnou jinou mezin\u00e1rodn\u00ed organizaci pravomoc stanovovat normy upravuj\u00edc\u00ed organizaci a fungov\u00e1n\u00ed vnitrost\u00e1tn\u00edho syst\u00e9mu soudnictv\u00ed, ani vymezovat rozsah jejich uplat\u0148ov\u00e1n\u00ed. Tyto pravomoci pat\u0159\u00ed v\u00fdhradn\u011b \u00fastavn\u00edm org\u00e1n\u016fm Polsk\u00e9 republiky a nepodl\u00e9haj\u00ed p\u0159evodu podle \u010dl\u00e1nku 90 odst. 1 \u00dastavy,\u201c uv\u00e1d\u00ed se v usnesen\u00ed Nejvy\u0161\u0161\u00edho soudu, kter\u00e9 p\u0159edlo\u017eil p\u0159edseda kontroln\u00edho sen\u00e1tu Nejvy\u0161\u0161\u00edho soudu, soudce Krzysztof Wiak, kter\u00fd p\u0159edsedal zased\u00e1n\u00ed obou sen\u00e1t\u016f.<\/span><\/p>\n<p><span dir=\"auto\">Pr\u00e1vnick\u00e9 kruhy o\u010dek\u00e1valy, \u017ee Nejvy\u0161\u0161\u00ed soud vyd\u00e1 takov\u00e9 rozhodnut\u00ed. Pro sdru\u017een\u00ed \u201ePr\u00e1vn\u00edci pro Polsko\u201c je to z\u0159ejm\u00fd v\u00fdsledek, proto\u017ee odr\u00e1\u017e\u00ed platn\u00e9 pr\u00e1vo.<\/span><\/p>\n<p><span dir=\"auto\">\u201eDne\u0161n\u00ed rozhodnut\u00ed Nejvy\u0161\u0161\u00edho soudu Polsk\u00e9 republiky je jedn\u00edm z t\u011bch, kter\u00e1 zachra\u0148uj\u00ed nez\u00e1vislost a suverenitu Polska,\u201c napsala asociace.<\/span><\/p>\n<p><img decoding=\"async\" loading=\"lazy\" class=\"alignnone size-full wp-image-1185\" src=\"http:\/\/www.infokuryr.cz\/n\/wp-content\/uploads\/2021\/04\/kuryr-podpis.png\" alt=\"\" width=\"84\" height=\"24\" \/><\/p>\n<p>&nbsp;<\/p>\n","protected":false},"excerpt":{"rendered":"<p>Polsk\u00fd Nejvy\u0161\u0161\u00ed soud dnes vydal p\u0159elomov\u00e9 rozhodnut\u00ed, \u017ee \u017e\u00e1dn\u00fd soud ani ve\u0159ejn\u00fd org\u00e1n nem\u016f\u017ee napadnout&#8230;<\/p>\n","protected":false},"author":2,"featured_media":94077,"comment_status":"closed","ping_status":"closed","sticky":false,"template":"","format":"standard","meta":[],"categories":[7],"tags":[41,31,1239,324],"_links":{"self":[{"href":"https:\/\/www.infokuryr.cz\/n\/wp-json\/wp\/v2\/posts\/94076"}],"collection":[{"href":"https:\/\/www.infokuryr.cz\/n\/wp-json\/wp\/v2\/posts"}],"about":[{"href":"https:\/\/www.infokuryr.cz\/n\/wp-json\/wp\/v2\/types\/post"}],"author":[{"embeddable":true,"href":"https:\/\/www.infokuryr.cz\/n\/wp-json\/wp\/v2\/users\/2"}],"replies":[{"embeddable":true,"href":"https:\/\/www.infokuryr.cz\/n\/wp-json\/wp\/v2\/comments?post=94076"}],"version-history":[{"count":0,"href":"https:\/\/www.infokuryr.cz\/n\/wp-json\/wp\/v2\/posts\/94076\/revisions"}],"wp:featuredmedia":[{"embeddable":true,"href":"https:\/\/www.infokuryr.cz\/n\/wp-json\/wp\/v2\/media\/94077"}],"wp:attachment":[{"href":"https:\/\/www.infokuryr.cz\/n\/wp-json\/wp\/v2\/media?parent=94076"}],"wp:term":[{"taxonomy":"category","embeddable":true,"href":"https:\/\/www.infokuryr.cz\/n\/wp-json\/wp\/v2\/categories?post=94076"},{"taxonomy":"post_tag","embeddable":true,"href":"https:\/\/www.infokuryr.cz\/n\/wp-json\/wp\/v2\/tags?post=94076"}],"curies":[{"name":"wp","href":"https:\/\/api.w.org\/{rel}","templated":true}]}}