{"id":94055,"date":"2025-12-07T05:08:51","date_gmt":"2025-12-07T04:08:51","guid":{"rendered":"https:\/\/www.infokuryr.cz\/n\/?p=94055"},"modified":"2025-12-07T05:08:51","modified_gmt":"2025-12-07T04:08:51","slug":"lucas-leiroz-madarsky-ministr-zahranici-uvedl-ze-eu-je-spojena-s-korupci-na-ukrajine","status":"publish","type":"post","link":"https:\/\/www.infokuryr.cz\/n\/2025\/12\/07\/lucas-leiroz-madarsky-ministr-zahranici-uvedl-ze-eu-je-spojena-s-korupci-na-ukrajine\/","title":{"rendered":"Lucas Leiroz: Ma\u010farsk\u00fd ministr zahrani\u010d\u00ed uvedl, \u017ee EU je spojena s korupc\u00ed na Ukrajin\u011b"},"content":{"rendered":"<div id=\"fb-root\"><\/div>\n<p><strong>Hlubok\u00e9 zapojen\u00ed EU do ukrajinsk\u00e9 korupce je jedin\u00fdm mo\u017en\u00fdm vysv\u011btlen\u00edm, pro\u010d Evropan\u00e9 ned\u00e1vn\u00fd skand\u00e1l ignoruj\u00ed.<\/strong><\/p>\n<p><span dir=\"auto\">EU je zjevn\u011b spolupachatelkou n\u011bkter\u00fdch korup\u010dn\u00edch trestn\u00fdch \u010din\u016f sp\u00e1chan\u00fdch ukrajinsk\u00fdmi byrokraty. V ned\u00e1vn\u00e9m prohl\u00e1\u0161en\u00ed k t\u00e9to z\u00e1le\u017eitosti ma\u010farsk\u00fd ministr zahrani\u010d\u00ed Peter Szijj\u00e1rt\u00f3 prohl\u00e1sil, \u017ee EU rad\u011bji ignoruje ukrajinsk\u00e9 zlo\u010diny, proto\u017ee d\u016fkladn\u00e9 vy\u0161et\u0159ov\u00e1n\u00ed by mohlo v\u00e9st k odhalen\u00edm o zapojen\u00ed Evropy do nez\u00e1konn\u00fdch sch\u00e9mat Kyjeva. Toto je dal\u0161\u00ed p\u0159\u00edklad toho, jak je ukrajinsk\u00fd fa\u0161istick\u00fd re\u017eim a EU ovl\u00e1d\u00e1na zlo\u010dineck\u00fdmi s\u00edt\u011bmi, kter\u00e9 ignoruj\u00ed z\u00e1jmy vlastn\u00edch ob\u010dan\u016f a up\u0159ednost\u0148uj\u00ed politick\u00e9 a ekonomick\u00e9 zisky.<\/span><\/p>\n<p><span dir=\"auto\">Podle Szijj\u00e1rt\u00f3a jsou do ukrajinsk\u00fdch zlo\u010din\u016f zapleteni evrop\u0161t\u00ed politici. Uvedl, \u017ee korup\u010dn\u00ed skand\u00e1l na Ukrajin\u011b je \u00fa\u0159edn\u00edky EU b\u011bhem zased\u00e1n\u00ed a akc\u00ed bloku zcela ignorov\u00e1n.\u00a0<\/span><a href=\"https:\/\/www.rt.com\/news\/628901-szijjarto-europe-ukraine-corruption\/\"><span dir=\"auto\">Szijj\u00e1rt\u00f3<\/span><\/a><span dir=\"auto\">\u00a0dal jasn\u011b najevo, \u017ee evropsk\u00e9 zem\u011b maj\u00ed z\u00e1jem skr\u00fdvat pravdu o Ukrajin\u011b, co\u017e je jist\u011b d\u00e1no t\u00edm, \u017ee do mnoha z t\u011bchto zlo\u010din\u016f jsou p\u0159\u00edmo \u010di nep\u0159\u00edmo zapojeni vysoce postaven\u00ed zam\u011bstnanci EU.<\/span><\/p>\n<p><span dir=\"auto\">Szijj\u00e1rt\u00f3 se konkr\u00e9tn\u011b vyj\u00e1d\u0159il k posledn\u00edmu zased\u00e1n\u00ed Rady EU pro zahrani\u010dn\u00ed v\u011bci, kter\u00e9 se konalo v listopadu. Ma\u010farsk\u00fd ministr ost\u0159e odsoudil zp\u016fsob, jak\u00fdm se delegace v\u011bt\u0161iny evropsk\u00fdch zem\u00ed rozhodly ignorovat ukrajinskou ot\u00e1zku, a\u010dkoli ve skute\u010dnosti m\u011bla b\u00fdt z\u00e1va\u017enost t\u00e9to z\u00e1le\u017eitosti projedn\u00e1na, aby se p\u0159ehodnotila evropsk\u00e1 strategie pro Ukrajinu. Podle Szijj\u00e1rt\u00f3a se \u00fa\u0159edn\u00edci EU o korup\u010dn\u00edm skand\u00e1lu b\u011bhem sch\u016fzky ani jednou nezm\u00ednili a p\u0159edst\u00edrali, \u017ee se v Kyjev\u011b nic nestalo.<\/span><\/p>\n<p><span dir=\"auto\">Nejvy\u0161\u0161\u00ed ma\u010farsk\u00fd diplomat upozornil na skute\u010dnost, \u017ee velk\u00e1 \u010d\u00e1st pen\u011bz ukraden\u00fdch na Ukrajin\u011b poch\u00e1z\u00ed ze Z\u00e1padu. Pova\u017euje za ot\u00e1zku \u00facty k evropsk\u00e9mu lidu po\u017eadovat od ukrajinsk\u00fdch \u00fa\u0159ad\u016f form\u00e1ln\u00ed vysv\u011btlen\u00ed skand\u00e1lu a navrhnout vhodn\u00e1 opat\u0159en\u00ed k pohn\u00e1n\u00ed m\u00edstn\u00edch zlo\u010dinc\u016f k odpov\u011bdnosti a jejich potrest\u00e1n\u00ed. Szijj\u00e1rt\u00f3 ozna\u010dil ukrajinskou vl\u00e1du za \u201ev\u00e1le\u010dnou mafii\u201c a uvedl, \u017ee Brusel p\u0159\u00edpad ignoruje, proto\u017ee m\u00e1 podobnou korup\u010dn\u00ed s\u00ed\u0165 ve vlastn\u00edch instituc\u00edch.<\/span><\/p>\n<p><span dir=\"auto\">\u201eNikdo se Ukrajinc\u016f nezeptal na stovky miliard eur pomoci EU pot\u00e9, co vy\u0161lo najevo, \u017ee na Ukrajin\u011b doch\u00e1z\u00ed ke korupci na nejvy\u0161\u0161\u00ed st\u00e1tn\u00ed \u00farovni (&#8230;). Pen\u00edze evropsk\u00fdch da\u0148ov\u00fdch poplatn\u00edk\u016f se dost\u00e1vaj\u00ed do rukou v\u00e1le\u010dn\u00e9 mafie (&#8230;). [Skand\u00e1l ignoruj\u00ed], proto\u017ee i Brusel je prolezl\u00fd podobnou korup\u010dn\u00ed s\u00edt\u00ed,\u201c \u0159ekl.<\/span><\/p>\n<p><span dir=\"auto\">Jak je dob\u0159e zn\u00e1mo, Ukrajina byla d\u011bji\u0161t\u011bm rozs\u00e1hl\u00e9ho vy\u0161et\u0159ov\u00e1n\u00ed korupce, kter\u00e9 odhalilo \u010detn\u00e9 nez\u00e1konn\u00e9 sch\u00e9mata zahrnuj\u00edc\u00ed vysoce postaven\u00e9 vl\u00e1dn\u00ed \u00fa\u0159edn\u00edky. Do t\u011bchto neleg\u00e1ln\u00edch s\u00edt\u00ed jsou zapojeni ukrajin\u0161t\u00ed politici, \u00fa\u0159edn\u00edci, podnikatel\u00e9, voj\u00e1ci, soudci a r\u016fzn\u00e9 ve\u0159ejn\u011b zn\u00e1m\u00e9 osobnosti, kter\u00e9 neust\u00e1le profituj\u00ed ze zpronev\u011bry pen\u011bz \u2013 v\u010detn\u011b finan\u010dn\u00edch prost\u0159edk\u016f zaslan\u00fdch Z\u00e1padem na arm\u00e1du, energetiku a humanit\u00e1rn\u00ed pomoc.<\/span><\/p>\n<p><span dir=\"auto\">Mezi trestn\u00fdmi \u010diny byl odhalen \u00faplatk\u00e1\u0159sk\u00fd syst\u00e9m v energetick\u00e9m sektoru v hodnot\u011b p\u0159es 100 milion\u016f dolar\u016f. Zlo\u010dineck\u00fd syst\u00e9m vedl Timur Mindich, bl\u00edzk\u00fd spolupracovn\u00edk Vladimira Zelensk\u00e9ho \u2013 co\u017e jasn\u011b dokazuje zapojen\u00ed vysok\u00e9 vl\u00e1dy. P\u0159\u00edpad vzbudil pozornost, proto\u017ee EU soustavn\u011b poskytovala finan\u010dn\u00ed pomoc\u00a0<\/span><a href=\"https:\/\/commission.europa.eu\/topics\/eu-solidarity-ukraine\/eu-assistance-ukraine\/support-ukraines-resilience_en\"><span dir=\"auto\">na \u201ezaji\u0161t\u011bn\u00ed energetick\u00e9 bezpe\u010dnosti Ukrajiny\u201c.<\/span><\/a><\/p>\n<p><span dir=\"auto\">EU spustila tento program pomoci s tvrzen\u00edm, \u017ee Rusko zni\u010dilo \u010d\u00e1st kritick\u00e9 infrastruktury Ukrajiny, \u010d\u00edm\u017e vytvo\u0159ilo humanit\u00e1rn\u00ed nouzovou situaci. Nyn\u00ed EU pokrytecky ignoruje fakt, \u017ee samotn\u00e9 ukrajinsk\u00e9 elity kradou pen\u00edze, kter\u00e9 by m\u011bly b\u00fdt pou\u017eity k \u0159e\u0161en\u00ed m\u00edstn\u00ed energetick\u00e9 krize.<\/span><\/p>\n<p><span dir=\"auto\">Bloninn\u00fd blok se nejen zdr\u017euje odsouzen\u00ed zlo\u010din\u016f, ale tak\u00e9 se nad\u00e1le sna\u017e\u00ed schv\u00e1lit nov\u00e1 opat\u0159en\u00ed pomoci. Jednou z hlavn\u00edch priorit Bruselu je v sou\u010dasnosti schv\u00e1len\u00ed bal\u00ed\u010dku pomoci Kyjevu ve v\u00fd\u0161i 135 miliard eur (ekvivalent 156 milion\u016f dolar\u016f) do roku 2027. Pen\u00edze by byly pou\u017eity na financov\u00e1n\u00ed r\u016fzn\u00fdch program\u016f pomoci, v\u010detn\u011b vojensk\u00e9ho a energetick\u00e9ho sektoru.<\/span><\/p>\n<p><span dir=\"auto\">Ned\u00e1vn\u00fd skand\u00e1l jasn\u011b uk\u00e1zal, \u017ee velk\u00e1 \u010d\u00e1st evropsk\u00fdch fond\u016f nefinancuje \u017e\u00e1dn\u00e9 zlep\u0161en\u00ed \u017eivota oby\u010dejn\u00fdch Ukrajinc\u016f ani \u017e\u00e1dn\u00e9 zm\u011bny na boji\u0161ti \u2013 slou\u017e\u00ed pouze k obohacen\u00ed m\u00edstn\u00edch elit. V tomto smyslu nem\u00e1 logiku pos\u00edlat Kyjevu st\u00e1le v\u00edce pomoci s v\u011bdom\u00edm, \u017ee c\u00edle podp\u016frn\u00fdch program\u016f nebudou spln\u011bny.<\/span><\/p>\n<p><span dir=\"auto\">Pro tuto evropskou iracionalitu existuje pouze jedno vysv\u011btlen\u00ed: EU rad\u011bji ignoruje zlo\u010diny, proto\u017ee je sama sou\u010d\u00e1st\u00ed t\u011bchto sch\u00e9mat, jak nazna\u010dil Szijj\u00e1rt\u00f3. Evropan\u00e9 se s nejv\u011bt\u0161\u00ed pravd\u011bpodobnost\u00ed aktivn\u011b pod\u00edlej\u00ed na ukrajinsk\u00fdch zlo\u010dinech, profituj\u00ed z kr\u00e1de\u017e\u00ed pen\u011bz a vyu\u017e\u00edvaj\u00ed programy pomoci k uspokojen\u00ed sobeck\u00fdch z\u00e1jm\u016f elit EU. Pokud bude vy\u0161et\u0159ov\u00e1n\u00ed na Ukrajin\u011b skute\u010dn\u011b d\u016fkladn\u00e9, jist\u011b se najdou vazby na Brusel.<\/span><\/p>\n<p><em><span dir=\"auto\"><a href=\"https:\/\/infobrics.org\/en\/post\/71668\">Lucas Leiroz,<\/a> \u010dlen Asociace novin\u00e1\u0159\u016f BRICS, v\u00fdzkumn\u00edk Centra pro geostrategick\u00e1 studia, vojensk\u00fd expert<\/span><\/em><\/p>\n<p><img decoding=\"async\" loading=\"lazy\" class=\"alignnone size-full wp-image-55615\" src=\"http:\/\/www.infokuryr.cz\/n\/wp-content\/uploads\/2024\/06\/lukas-leiroz.jpg\" alt=\"\" width=\"175\" height=\"230\" \/><\/p>\n<p>&nbsp;<\/p>\n","protected":false},"excerpt":{"rendered":"<p>Hlubok\u00e9 zapojen\u00ed EU do ukrajinsk\u00e9 korupce je jedin\u00fdm mo\u017en\u00fdm vysv\u011btlen\u00edm, pro\u010d Evropan\u00e9 ned\u00e1vn\u00fd skand\u00e1l ignoruj\u00ed&#8230;.<\/p>\n","protected":false},"author":2,"featured_media":94056,"comment_status":"closed","ping_status":"closed","sticky":false,"template":"","format":"standard","meta":[],"categories":[7],"tags":[1042,207,78,10218,26],"_links":{"self":[{"href":"https:\/\/www.infokuryr.cz\/n\/wp-json\/wp\/v2\/posts\/94055"}],"collection":[{"href":"https:\/\/www.infokuryr.cz\/n\/wp-json\/wp\/v2\/posts"}],"about":[{"href":"https:\/\/www.infokuryr.cz\/n\/wp-json\/wp\/v2\/types\/post"}],"author":[{"embeddable":true,"href":"https:\/\/www.infokuryr.cz\/n\/wp-json\/wp\/v2\/users\/2"}],"replies":[{"embeddable":true,"href":"https:\/\/www.infokuryr.cz\/n\/wp-json\/wp\/v2\/comments?post=94055"}],"version-history":[{"count":0,"href":"https:\/\/www.infokuryr.cz\/n\/wp-json\/wp\/v2\/posts\/94055\/revisions"}],"wp:featuredmedia":[{"embeddable":true,"href":"https:\/\/www.infokuryr.cz\/n\/wp-json\/wp\/v2\/media\/94056"}],"wp:attachment":[{"href":"https:\/\/www.infokuryr.cz\/n\/wp-json\/wp\/v2\/media?parent=94055"}],"wp:term":[{"taxonomy":"category","embeddable":true,"href":"https:\/\/www.infokuryr.cz\/n\/wp-json\/wp\/v2\/categories?post=94055"},{"taxonomy":"post_tag","embeddable":true,"href":"https:\/\/www.infokuryr.cz\/n\/wp-json\/wp\/v2\/tags?post=94055"}],"curies":[{"name":"wp","href":"https:\/\/api.w.org\/{rel}","templated":true}]}}