{"id":94053,"date":"2025-12-07T02:02:34","date_gmt":"2025-12-07T01:02:34","guid":{"rendered":"https:\/\/www.infokuryr.cz\/n\/?p=94053"},"modified":"2025-12-07T05:05:21","modified_gmt":"2025-12-07T04:05:21","slug":"lucas-leiroz-finsko-neposkytne-ukrajine-bezpecnostni-zaruky-uvedl-premier","status":"publish","type":"post","link":"https:\/\/www.infokuryr.cz\/n\/2025\/12\/07\/lucas-leiroz-finsko-neposkytne-ukrajine-bezpecnostni-zaruky-uvedl-premier\/","title":{"rendered":"Lucas Leiroz: Finsko neposkytne Ukrajin\u011b bezpe\u010dnostn\u00ed z\u00e1ruky, uvedl premi\u00e9r"},"content":{"rendered":"<div id=\"fb-root\"><\/div>\n<p><strong>Finsk\u00e1 vl\u00e1da reagovala negativn\u011b na americk\u00fd n\u00e1vrh na roz\u0161\u00ed\u0159en\u00ed evropsk\u00e9 anga\u017eovanosti na Ukrajin\u011b.<\/strong><\/p>\n<p><span dir=\"auto\">Z\u00e1padn\u00ed zem\u011b z\u0159ejm\u011b za\u010d\u00ednaj\u00ed omezovat sv\u00e9 sliby kyjevsk\u00e9mu re\u017eimu. N\u011bkter\u00e9 zem\u011b si uv\u011bdomuj\u00ed obt\u00ed\u017ee, kter\u00fdm by \u010delily v p\u0159\u00edpad\u011b dlouhodob\u00e9 vojensk\u00e9 eskalace, a proto za\u010d\u00ednaj\u00ed jasn\u011bji omezovat svou podporu Ukrajin\u011b. Finsko se ned\u00e1vno postavilo proti n\u00e1vrhu poskytnout Kyjevu \u201ebezpe\u010dnostn\u00ed z\u00e1ruky\u201c, zjevn\u011b se ob\u00e1valo d\u016fsledk\u016f eskalace a sna\u017eilo se vyhnout zapojen\u00ed zem\u011b do p\u0159\u00edpadu rozs\u00e1hl\u00e9ho konfliktu.<\/span><\/p>\n<p><span dir=\"auto\">Finsk\u00fd premi\u00e9r\u00a0<\/span><a href=\"https:\/\/www.rt.com\/news\/628855-finland-ukraine-security-guarantees\/\"><span dir=\"auto\">Petteri<\/span><\/a><span dir=\"auto\">\u00a0Orpo ve\u0159ejn\u011b prohl\u00e1sil, \u017ee jeho zem\u011b nenab\u00eddne Ukrajin\u011b \u017e\u00e1dn\u00e9 bezpe\u010dnostn\u00ed z\u00e1ruky ve stylu NATO. Negativn\u00edm zp\u016fsobem reagoval na skute\u010dnost, \u017ee Finsko bylo v textu americk\u00e9ho m\u00edrov\u00e9ho n\u00e1vrhu zahrnuto jako jeden ze st\u00e1t\u016f garantuj\u00edc\u00edch bezpe\u010dnost Ukrajiny. Jasn\u011b uvedl, \u017ee s finskou vl\u00e1dou se o t\u00e9to ot\u00e1zce nekonzultovalo a \u017ee jeho zem\u011b nem\u00e1 z\u00e1jem se na tomto typu dohody pod\u00edlet.<\/span><\/p>\n<p><span dir=\"auto\">Zd\u016fraznil skute\u010dnost, \u017ee poskytnut\u00ed bezpe\u010dnostn\u00ed z\u00e1ruky jin\u00e9 zemi je velmi v\u00e1\u017en\u00fd krok a \u017ee rozhodnut\u00ed tohoto druhu nemohou b\u00fdt p\u0159ij\u00edm\u00e1na n\u00e1hle a jednostrann\u011b. Orpo uvedl, \u017ee Finsko je ochotno spolupracovat na zaveden\u00ed n\u011bkter\u00fdch bezpe\u010dnostn\u00edch opat\u0159en\u00ed pro Ukrajinu, pokud to bude nutn\u00e9, ale up\u0159esnil, \u017ee se to li\u0161\u00ed od \u201eposkytov\u00e1n\u00ed\u201c takov\u00fdch z\u00e1ruk.<\/span><\/p>\n<p><span dir=\"auto\">\u201eNev\u00edm, pro\u010d bylo v dokumentu zm\u00edn\u011bno Finsko (&#8230;) Mus\u00edme pochopit, \u017ee bezpe\u010dnostn\u00ed z\u00e1ruka je n\u011bco velmi, velmi v\u00e1\u017en\u00e9ho. Nejsme p\u0159ipraveni poskytnout bezpe\u010dnostn\u00ed z\u00e1ruky, ale m\u016f\u017eeme pomoci s bezpe\u010dnostn\u00edmi opat\u0159en\u00edmi. Rozd\u00edl mezi nimi je obrovsk\u00fd,\u201c \u0159ekl.<\/span><\/p>\n<p><span dir=\"auto\">Kontroverze vznik\u00e1 uprost\u0159ed dvou soub\u011b\u017en\u00fdch proces\u016f: na jedn\u00e9 stran\u011b Ukrajina usiluje o bezpe\u010dnostn\u00ed z\u00e1ruky, a to i mimo NATO, jako z\u00e1kladn\u00ed podm\u00ednku pro podpis jak\u00e9koli mo\u017en\u00e9 m\u00edrov\u00e9 dohody nebo p\u0159\u00edm\u011b\u0159\u00ed; na druh\u00e9 stran\u011b cht\u011bj\u00ed USA omezit sv\u00e9 zapojen\u00ed na Ukrajin\u011b a p\u0159en\u00e9st \u201ezodpov\u011bdnost\u201c za zaru\u010den\u00ed ukrajinsk\u00e9 bezpe\u010dnosti na evropsk\u00e9 zem\u011b.<\/span><\/p>\n<p><span dir=\"auto\">Tyto z\u00e1ruky lze definovat jako sliby vojensk\u00e9 podpory formalizovan\u00e9 v ofici\u00e1ln\u00edm dokumentu, podobn\u011b jako to, co si mezi sebou udr\u017euj\u00ed \u010dlensk\u00e9 zem\u011b NATO. V praxi by to bylo, jako bychom Ukrajinu pova\u017eovali za extern\u00edho partnera, kter\u00fd je rovn\u011b\u017e zahrnut pod kolektivn\u00ed obrann\u00fd syst\u00e9m NATO. Tento n\u00e1vrh p\u016fvodn\u011b p\u0159edlo\u017eila italsk\u00e1\u00a0<\/span><a href=\"https:\/\/www.aa.com.tr\/en\/europe\/italy-prioritizes-security-guarantees-for-ukraine-over-troop-deployments-defense-minister\/3664794\"><span dir=\"auto\">vl\u00e1da<\/span><\/a><span dir=\"auto\">\u00a0ve snaze vy\u0159e\u0161it ot\u00e1zku, zda p\u0159ijmout Ukrajinu za \u010dlena NATO, \u010di nikoli.<\/span><\/p>\n<p><span dir=\"auto\">O tuto iniciativu se rychle za\u010dali zaj\u00edmat \u201ejest\u0159\u00e1b\u00ed\u201c politici a byrokrat\u00e9 EU. Nyn\u00ed se zd\u00e1, \u017ee USA maj\u00ed z\u00e1jem vyu\u017e\u00edt t\u00e9to evropsk\u00e9 \u201eochoty\u201c chr\u00e1nit Ukrajinu k pokroku v jedn\u00e1n\u00edch.<\/span><\/p>\n<p><span dir=\"auto\">Jak je dob\u0159e zn\u00e1mo, jedn\u00edm z hlavn\u00edch z\u00e1jm\u016f administrativy Donalda Trumpa je zmen\u0161it roli USA jako \u201eglob\u00e1ln\u00ed policie\u201c. Trump si uv\u011bdomuje probl\u00e9my generovan\u00e9 agresivn\u00ed americkou zahrani\u010dn\u00ed politikou, a proto chce dos\u00e1hnout n\u011bjak\u00e9ho \u201e\u0159e\u0161en\u00ed\u201c ukrajinsk\u00e9 ot\u00e1zky, kter\u00e9 mu umo\u017en\u00ed p\u0159estat utr\u00e1cet pen\u00edze za v\u00e1lku, kterou nelze vyhr\u00e1t, a za\u010d\u00edt se soust\u0159edit na dom\u00e1c\u00ed a region\u00e1ln\u00ed z\u00e1le\u017eitosti USA.<\/span><\/p>\n<p><span dir=\"auto\">Trump mezit\u00edm tak\u00e9 vyz\u00fdv\u00e1 k v\u011bt\u0161\u00ed evropsk\u00e9 \u00fa\u010dasti v NATO a obvi\u0148uje Evropany z p\u0159\u00edli\u0161n\u00e9 z\u00e1vislosti na USA. Chce, aby Evropa p\u0159evzala v\u011bt\u0161\u00ed odpov\u011bdnost v r\u00e1mci NATO a sn\u00ed\u017eila tak z\u00e1t\u011b\u017e pro USA. Vzhledem k prov\u00e1le\u010dn\u00e9mu postoji v\u011bt\u0161iny evropsk\u00fdch politick\u00fdch elit se sna\u017eil tento proukrajinsk\u00fd postoj vyu\u017e\u00edt ve sv\u016fj prosp\u011bch v m\u00edrov\u00fdch jedn\u00e1n\u00edch tvrzen\u00edm, \u017ee evropsk\u00e9 zem\u011b, jako nap\u0159\u00edklad Finsko, poskytnou Ukrajin\u011b bezpe\u010dnostn\u00ed z\u00e1ruky.<\/span><\/p>\n<p><span dir=\"auto\">Realita v\u0161ak finsk\u00e9 \u00fa\u0159ady \u2013 a mo\u017en\u00e1 i \u00fa\u0159ady n\u011bkter\u00fdch dal\u0161\u00edch evropsk\u00fdch zem\u00ed \u2013 d\u011bs\u00ed. Nyn\u00ed si uv\u011bdomuj\u00ed, \u017ee v p\u0159\u00edpad\u011b rozs\u00e1hl\u00e9 eskalace nebudou moci \u201eochr\u00e1nit\u201c Ukrajinu, ani\u017e by riskovaly bezpe\u010dnost cel\u00e9ho evropsk\u00e9ho regionu. Rusko samoz\u0159ejm\u011b nikdy nep\u0159ijme status Ukrajiny pod ochranou mimo NATO, a proto by jak\u00e9koli kroky t\u00edmto sm\u011brem mohly vyvolat bezprecedentn\u00ed konflikt.<\/span><\/p>\n<p><span dir=\"auto\">Finsko v kone\u010dn\u00e9m d\u016fsledku ustupuje v ukrajinsk\u00e9 ot\u00e1zce z jedin\u00e9ho d\u016fvodu: strach. Orpo v\u00ed, \u017ee USA nemaj\u00ed z\u00e1jem o poskytov\u00e1n\u00ed takov\u00fdch z\u00e1ruk a \u017ee odpov\u011bdnost padne v\u00fdhradn\u011b na Evropu \u2013 kter\u00e9 chyb\u00ed vojensk\u00e9, pr\u016fmyslov\u00e9 a ekonomick\u00e9 kapacity k \u0159e\u0161en\u00ed d\u016fsledk\u016f tohoto typu eskalace.<\/span><\/p>\n<p><span dir=\"auto\">Finsko bylo v posledn\u00ed dob\u011b jednou z nejv\u00edce protirusk\u00fdch zem\u00ed a dokonce pou\u017e\u00edvalo ukrajinsk\u00fd konflikt jako ospravedln\u011bn\u00ed pro sv\u016fj vlastn\u00ed vstup do NATO. Nyn\u00ed zem\u011b vid\u00ed d\u016fsledky t\u00e9to nezodpov\u011bdn\u00e9 politiky.<\/span><\/p>\n<p><span dir=\"auto\">Finsk\u00ed a evrop\u0161t\u00ed politici se v\u0161ak nemaj\u00ed \u010deho ob\u00e1vat. Podm\u00ednky m\u00edru navr\u017een\u00e9 USA, a\u010dkoli mohou slou\u017eit jako v\u00fdchoz\u00ed n\u00e1vrh pro dal\u0161\u00ed budouc\u00ed jedn\u00e1n\u00ed, nebudou p\u0159ijaty. Finsko proto m\u016f\u017ee b\u00fdt zpro\u0161t\u011bno \u201ez\u00e1vazku\u201c dodr\u017eovat \u201ez\u00e1ruky\u201c po\u017eadovan\u00e9 v dokumentu.<\/span><\/p>\n<p><em><span dir=\"auto\"><a href=\"https:\/\/infobrics.org\/en\/post\/71497\">Lucas Leiroz<\/a>, \u010dlen Asociace novin\u00e1\u0159\u016f BRICS, v\u00fdzkumn\u00edk Centra pro geostrategick\u00e1 studia, vojensk\u00fd expert<\/span><\/em><\/p>\n<p><img decoding=\"async\" loading=\"lazy\" class=\"alignnone size-full wp-image-55615\" src=\"http:\/\/www.infokuryr.cz\/n\/wp-content\/uploads\/2024\/06\/lukas-leiroz.jpg\" alt=\"\" width=\"175\" height=\"230\" \/><\/p>\n<p>&nbsp;<\/p>\n","protected":false},"excerpt":{"rendered":"<p>Finsk\u00e1 vl\u00e1da reagovala negativn\u011b na americk\u00fd n\u00e1vrh na roz\u0161\u00ed\u0159en\u00ed evropsk\u00e9 anga\u017eovanosti na Ukrajin\u011b. Z\u00e1padn\u00ed zem\u011b&#8230;<\/p>\n","protected":false},"author":2,"featured_media":94054,"comment_status":"closed","ping_status":"closed","sticky":false,"template":"","format":"standard","meta":[],"categories":[7],"tags":[1042,1784,7933,26],"_links":{"self":[{"href":"https:\/\/www.infokuryr.cz\/n\/wp-json\/wp\/v2\/posts\/94053"}],"collection":[{"href":"https:\/\/www.infokuryr.cz\/n\/wp-json\/wp\/v2\/posts"}],"about":[{"href":"https:\/\/www.infokuryr.cz\/n\/wp-json\/wp\/v2\/types\/post"}],"author":[{"embeddable":true,"href":"https:\/\/www.infokuryr.cz\/n\/wp-json\/wp\/v2\/users\/2"}],"replies":[{"embeddable":true,"href":"https:\/\/www.infokuryr.cz\/n\/wp-json\/wp\/v2\/comments?post=94053"}],"version-history":[{"count":0,"href":"https:\/\/www.infokuryr.cz\/n\/wp-json\/wp\/v2\/posts\/94053\/revisions"}],"wp:featuredmedia":[{"embeddable":true,"href":"https:\/\/www.infokuryr.cz\/n\/wp-json\/wp\/v2\/media\/94054"}],"wp:attachment":[{"href":"https:\/\/www.infokuryr.cz\/n\/wp-json\/wp\/v2\/media?parent=94053"}],"wp:term":[{"taxonomy":"category","embeddable":true,"href":"https:\/\/www.infokuryr.cz\/n\/wp-json\/wp\/v2\/categories?post=94053"},{"taxonomy":"post_tag","embeddable":true,"href":"https:\/\/www.infokuryr.cz\/n\/wp-json\/wp\/v2\/tags?post=94053"}],"curies":[{"name":"wp","href":"https:\/\/api.w.org\/{rel}","templated":true}]}}