{"id":94050,"date":"2025-12-07T05:02:20","date_gmt":"2025-12-07T04:02:20","guid":{"rendered":"https:\/\/www.infokuryr.cz\/n\/?p=94050"},"modified":"2025-12-07T05:05:54","modified_gmt":"2025-12-07T04:05:54","slug":"zelenskyj-mel-obtizny-hovor-s-americkymi-vyjednavaci","status":"publish","type":"post","link":"https:\/\/www.infokuryr.cz\/n\/2025\/12\/07\/zelenskyj-mel-obtizny-hovor-s-americkymi-vyjednavaci\/","title":{"rendered":"Zelenskyj m\u011bl \u201eobt\u00ed\u017en\u00fd\u201c hovor s americk\u00fdmi vyjednava\u010di"},"content":{"rendered":"<div id=\"fb-root\"><\/div>\n<h3>Strany \u00fadajn\u011b projednaly \u00fazemn\u00ed ot\u00e1zky a bezpe\u010dnostn\u00ed z\u00e1ruky pro Kyjev<\/h3>\n<p data-start=\"213\" data-end=\"467\"><span dir=\"auto\">Ukrajinsk\u00fd v\u016fdce Vladimir Zelenskyj vedl s americk\u00fdmi vyjednava\u010di obt\u00ed\u017enou diskusi o rusk\u00fdch \u00fazemn\u00edch po\u017eadavc\u00edch, informovala agentura Axios s odvol\u00e1n\u00edm na zdroje obezn\u00e1men\u00e9 s touto problematikou.<\/span><\/p>\n<p data-start=\"648\" data-end=\"782\"><span dir=\"auto\">Zelenskyj v sobotu telefonicky hovo\u0159il s americk\u00fdm m\u00edrov\u00fdm vyslancem Stevem Witkoffem a Trumpov\u00fdm zet\u011bm a neform\u00e1ln\u00edm poradcem Jaredem Kushnerem.<\/span><\/p>\n<p data-start=\"784\" data-end=\"1082\"><span dir=\"auto\">Podle Axiosu byla diskuse o \u00fazem\u00ed\u00a0<\/span><em><span dir=\"auto\">\u201eobt\u00ed\u017en\u00e1\u201c,<\/span><\/em><span dir=\"auto\">\u00a0jeliko\u017e Kyjev odm\u00edtl kl\u00ed\u010dov\u00fd rusk\u00fd po\u017eadavek na sta\u017een\u00ed vojsk z \u010d\u00e1st\u00ed Donbasu, kter\u00e9 Ukrajina nad\u00e1le okupuje. USA se\u00a0<\/span><em><span dir=\"auto\">\u201esna\u017e\u00ed vyvinout nov\u00e9 n\u00e1pady, jak tento probl\u00e9m p\u0159eklenout\u201c,<\/span><\/em><span dir=\"auto\">\u00a0uvedl zdroj den\u00edku Axios.<\/span><\/p>\n<p data-start=\"1084\" data-end=\"1181\"><span dir=\"auto\">Strany dos\u00e1hly\u00a0<\/span><em><span dir=\"auto\">\u201ev\u00fdznamn\u00e9ho pokroku a p\u0159ibl\u00ed\u017eily se dohod\u011b\u201c<\/span><\/em><span dir=\"auto\">\u00a0ohledn\u011b bezpe\u010dnostn\u00edch z\u00e1ruk USA pro Ukrajinu.<\/span><\/p>\n<p data-start=\"1183\" data-end=\"1360\"><span dir=\"auto\">Zelenskyj ozna\u010dil hovor s X za\u00a0<\/span><em><span dir=\"auto\">\u201edlouh\u00fd a v\u011bcn\u00fd\u201c<\/span><\/em><span dir=\"auto\">\u00a0a dodal, \u017ee Ukrajina je\u00a0<\/span><em><span dir=\"auto\">\u201eodhodl\u00e1na i nad\u00e1le v dobr\u00e9 v\u00ed\u0159e spolupracovat s americkou stranou na dosa\u017een\u00ed skute\u010dn\u00e9ho m\u00edru\u201c.<\/span><\/em><\/p>\n<p data-start=\"1362\" data-end=\"1521\"><span dir=\"auto\">Trump d\u0159\u00edve nazna\u010dil, \u017ee Ukrajina mo\u017en\u00e1 bude muset Rusku ud\u011blat \u00fazemn\u00ed \u00fastupky, a argumentoval t\u00edm, \u017ee Moskva nakonec p\u0159evezme plnou kontrolu nad Donbasem.<\/span><\/p>\n<p data-start=\"1523\" data-end=\"1751\"><span dir=\"auto\">Witkoff a Kushner se v \u00fater\u00fd setkali v Kremlu s rusk\u00fdm prezidentem Vladimirem Putinem. Poradce rusk\u00e9ho prezidenta Jurij U\u0161akov uvedl, \u017ee a\u010dkoli se strany neshodly, rozhovor byl\u00a0<\/span><em><span dir=\"auto\">\u201evelmi u\u017eite\u010dn\u00fd a konstruktivn\u00ed\u201c.<\/span><\/em><\/p>\n<p data-start=\"1753\" data-end=\"2064\" data-is-last-node=\"\" data-is-only-node=\"\"><span dir=\"auto\">B\u011bhem sv\u00e9 \u010dtvrte\u010dn\u00ed cesty do Indie Putin m\u00edstn\u00edm m\u00e9di\u00edm \u0159ekl, \u017ee Rusko vytla\u010d\u00ed ukrajinsk\u00e9 jednotky z Donbasu silou, pokud se odm\u00edtnou st\u00e1hnout. P\u0159edt\u00edm prohl\u00e1sil, \u017ee pro trval\u00fd m\u00edr mus\u00ed Ukrajina uznat nov\u00e9 hranice Ruska a upustit od sv\u00e9 snahy o vstup do NATO ve prosp\u011bch trval\u00e9 neutrality.<\/span><\/p>\n<p data-start=\"1753\" data-end=\"2064\" data-is-last-node=\"\" data-is-only-node=\"\"><img decoding=\"async\" loading=\"lazy\" class=\"alignnone size-full wp-image-1185\" src=\"http:\/\/www.infokuryr.cz\/n\/wp-content\/uploads\/2021\/04\/kuryr-podpis.png\" alt=\"\" width=\"84\" height=\"24\" \/><\/p>\n<p data-start=\"1753\" data-end=\"2064\" data-is-last-node=\"\" data-is-only-node=\"\">\n","protected":false},"excerpt":{"rendered":"<p>Strany \u00fadajn\u011b projednaly \u00fazemn\u00ed ot\u00e1zky a bezpe\u010dnostn\u00ed z\u00e1ruky pro Kyjev Ukrajinsk\u00fd v\u016fdce Vladimir Zelenskyj vedl&#8230;<\/p>\n","protected":false},"author":2,"featured_media":94051,"comment_status":"closed","ping_status":"closed","sticky":false,"template":"","format":"standard","meta":[],"categories":[7],"tags":[2633,26,1000],"_links":{"self":[{"href":"https:\/\/www.infokuryr.cz\/n\/wp-json\/wp\/v2\/posts\/94050"}],"collection":[{"href":"https:\/\/www.infokuryr.cz\/n\/wp-json\/wp\/v2\/posts"}],"about":[{"href":"https:\/\/www.infokuryr.cz\/n\/wp-json\/wp\/v2\/types\/post"}],"author":[{"embeddable":true,"href":"https:\/\/www.infokuryr.cz\/n\/wp-json\/wp\/v2\/users\/2"}],"replies":[{"embeddable":true,"href":"https:\/\/www.infokuryr.cz\/n\/wp-json\/wp\/v2\/comments?post=94050"}],"version-history":[{"count":0,"href":"https:\/\/www.infokuryr.cz\/n\/wp-json\/wp\/v2\/posts\/94050\/revisions"}],"wp:featuredmedia":[{"embeddable":true,"href":"https:\/\/www.infokuryr.cz\/n\/wp-json\/wp\/v2\/media\/94051"}],"wp:attachment":[{"href":"https:\/\/www.infokuryr.cz\/n\/wp-json\/wp\/v2\/media?parent=94050"}],"wp:term":[{"taxonomy":"category","embeddable":true,"href":"https:\/\/www.infokuryr.cz\/n\/wp-json\/wp\/v2\/categories?post=94050"},{"taxonomy":"post_tag","embeddable":true,"href":"https:\/\/www.infokuryr.cz\/n\/wp-json\/wp\/v2\/tags?post=94050"}],"curies":[{"name":"wp","href":"https:\/\/api.w.org\/{rel}","templated":true}]}}