{"id":94046,"date":"2025-12-07T00:28:26","date_gmt":"2025-12-06T23:28:26","guid":{"rendered":"https:\/\/www.infokuryr.cz\/n\/?p=94046"},"modified":"2025-12-06T17:38:05","modified_gmt":"2025-12-06T16:38:05","slug":"usa-chvali-syrii-za-zabaveni-zasilek-zbrani-hizballahu","status":"publish","type":"post","link":"https:\/\/www.infokuryr.cz\/n\/2025\/12\/07\/usa-chvali-syrii-za-zabaveni-zasilek-zbrani-hizballahu\/","title":{"rendered":"USA chv\u00e1l\u00ed S\u00fdrii za zabaven\u00ed z\u00e1silek zbran\u00ed Hizball\u00e1hu"},"content":{"rendered":"<div id=\"fb-root\"><\/div>\n<p><strong><span dir=\"auto\">Admir\u00e1l Brad Cooper, velitel \u00dast\u0159edn\u00edho velitelstv\u00ed Spojen\u00fdch st\u00e1t\u016f, 5. prosince poblahop\u0159\u00e1l syrsk\u00fdm bezpe\u010dnostn\u00edm sil\u00e1m k zabaven\u00ed z\u00e1silek zbran\u00ed ur\u010den\u00fdch pro Hizball\u00e1h v Libanonu, co\u017e je zn\u00e1mkou rostouc\u00ed spolupr\u00e1ce mezi Washingtonem a Dama\u0161kem.<\/span><\/strong><\/p>\n<p><em><span dir=\"auto\">\u201eGratuluji syrsk\u00fdm bezpe\u010dnostn\u00edm sil\u00e1m k ned\u00e1vn\u00e9mu zadr\u017een\u00ed n\u011bkolika z\u00e1silek zbran\u00ed. Tyto z\u00e1silky byly ur\u010deny pro libanonsk\u00fd Hizball\u00e1h,\u201c uvedl Cooper v kr\u00e1tk\u00e9m prohl\u00e1\u0161en\u00ed zve\u0159ejn\u011bn\u00e9m velen\u00edm na X.<\/span><\/em><\/p>\n<p><em><span dir=\"auto\">\u201eSpojen\u00e9 st\u00e1ty a na\u0161i region\u00e1ln\u00ed partne\u0159i maj\u00ed spole\u010dn\u00fd z\u00e1jem na zaji\u0161t\u011bn\u00ed odzbrojen\u00ed libanonsk\u00e9ho Hizball\u00e1hu a na zachov\u00e1n\u00ed m\u00edru a stability na cel\u00e9m Bl\u00edzk\u00e9m v\u00fdchod\u011b,\u201c dodal.<\/span><\/em><\/p>\n<p><span dir=\"auto\">V posledn\u00edch dnech syrsk\u00e9 bezpe\u010dnostn\u00ed s\u00edly zabavily dv\u011b zbran\u011b p\u0159ipraven\u00e9 k pa\u0161ov\u00e1n\u00ed do Libanonu. Prvn\u00ed z\u00e1silka se skl\u00e1dala z v\u00edce ne\u017e 1200 n\u00e1\u0161lapn\u00fdch min a byla zabavena pobl\u00ed\u017e m\u011bsta Jabr\u00fad v ji\u017en\u00edm guvernor\u00e1tu Rif Dimashq. Druh\u00e1 z\u00e1silka obsahovala gran\u00e1tomety s raketov\u00fdm pohonem, odst\u0159elovac\u00ed pu\u0161ky a r\u016fzn\u00e9 dal\u0161\u00ed zbran\u011b. Byla zabavena pobl\u00ed\u017e m\u011bsta Kus\u00e1r v centr\u00e1ln\u00edm guvernor\u00e1tu Homs.<\/span><\/p>\n<p><span dir=\"auto\">Ministerstvo vnitra tvrdilo, \u017ee prvn\u00ed z\u00e1silka sm\u011b\u0159ovala do Hizball\u00e1hu, ale u druh\u00e9 z\u00e1silky stejn\u00e9 obvin\u011bn\u00ed nezopakovalo.<\/span><\/p>\n<div id=\"attachment_235473\" class=\"wp-caption aligncenter\" style=\"width: 604px;\"><a href=\"https:\/\/s5.cdnstatic.space\/wp-content\/uploads\/2025\/12\/photo_2025-12-02_23-32-54.jpg\" target=\"_blank\" rel=\"noopener\"><img decoding=\"async\" loading=\"lazy\" class=\"wp-image-235473\" title=\"USA chv\u00e1l\u00ed S\u00fdrii za zabaven\u00ed z\u00e1silek zbran\u00ed Hizball\u00e1hu (fotografie)\" src=\"https:\/\/s5.cdnstatic.space\/wp-content\/uploads\/2025\/12\/photo_2025-12-02_23-32-54-1024x576.jpg\" sizes=\"(max-width: 600px) 100vw, 600px\" srcset=\"https:\/\/s5.cdnstatic.space\/wp-content\/uploads\/2025\/12\/photo_2025-12-02_23-32-54-1024x576.jpg 1024w, https:\/\/s5.cdnstatic.space\/wp-content\/uploads\/2025\/12\/photo_2025-12-02_23-32-54-490x276.jpg 490w, https:\/\/s5.cdnstatic.space\/wp-content\/uploads\/2025\/12\/photo_2025-12-02_23-32-54-768x432.jpg 768w, https:\/\/s5.cdnstatic.space\/wp-content\/uploads\/2025\/12\/photo_2025-12-02_23-32-54-1536x864.jpg 1536w, https:\/\/s5.cdnstatic.space\/wp-content\/uploads\/2025\/12\/photo_2025-12-02_23-32-54-2048x1152.jpg 2048w\" alt=\"USA chv\u00e1l\u00ed S\u00fdrii za zabaven\u00ed z\u00e1silek zbran\u00ed Hizball\u00e1hu (fotografie)\" width=\"604\" height=\"340\" aria-describedby=\"caption-attachment-235473\" \/><\/a><\/p>\n<p id=\"caption-attachment-235473\" class=\"wp-caption-text\"><span dir=\"auto\">Kliknut\u00edm zobraz\u00edte obr\u00e1zek v pln\u00e9 velikosti. (Syrsk\u00e9 ministerstvo vnitra)<\/span><\/p>\n<\/div>\n<div id=\"attachment_235472\" class=\"wp-caption aligncenter\" style=\"width: 607px;\"><a href=\"https:\/\/s5.cdnstatic.space\/wp-content\/uploads\/2025\/12\/photo_2025-12-02_23-32-54-2.jpg\" target=\"_blank\" rel=\"noopener\"><img decoding=\"async\" loading=\"lazy\" class=\"wp-image-235472\" title=\"USA chv\u00e1l\u00ed S\u00fdrii za zabaven\u00ed z\u00e1silek zbran\u00ed Hizball\u00e1hu (fotografie)\" src=\"https:\/\/s5.cdnstatic.space\/wp-content\/uploads\/2025\/12\/photo_2025-12-02_23-32-54-2-1024x576.jpg\" sizes=\"(max-width: 600px) 100vw, 600px\" srcset=\"https:\/\/s5.cdnstatic.space\/wp-content\/uploads\/2025\/12\/photo_2025-12-02_23-32-54-2-1024x576.jpg 1024w, https:\/\/s5.cdnstatic.space\/wp-content\/uploads\/2025\/12\/photo_2025-12-02_23-32-54-2-490x276.jpg 490w, https:\/\/s5.cdnstatic.space\/wp-content\/uploads\/2025\/12\/photo_2025-12-02_23-32-54-2-768x432.jpg 768w, https:\/\/s5.cdnstatic.space\/wp-content\/uploads\/2025\/12\/photo_2025-12-02_23-32-54-2-1536x864.jpg 1536w, https:\/\/s5.cdnstatic.space\/wp-content\/uploads\/2025\/12\/photo_2025-12-02_23-32-54-2-2048x1152.jpg 2048w\" alt=\"USA chv\u00e1l\u00ed S\u00fdrii za zabaven\u00ed z\u00e1silek zbran\u00ed Hizball\u00e1hu (fotografie)\" width=\"607\" height=\"342\" aria-describedby=\"caption-attachment-235472\" \/><\/a><\/p>\n<p id=\"caption-attachment-235472\" class=\"wp-caption-text\"><span dir=\"auto\">Kliknut\u00edm zobraz\u00edte obr\u00e1zek v pln\u00e9 velikosti. (Syrsk\u00e9 ministerstvo vnitra)<\/span><\/p>\n<\/div>\n<div id=\"attachment_235636\" class=\"wp-caption aligncenter\" style=\"width: 609px;\"><a href=\"https:\/\/s5.cdnstatic.space\/wp-content\/uploads\/2025\/12\/G7Qw_lFWgAEZS3j.jpg\" target=\"_blank\" rel=\"noopener\"><img decoding=\"async\" loading=\"lazy\" class=\"wp-image-235636\" title=\"USA chv\u00e1l\u00ed S\u00fdrii za zabaven\u00ed z\u00e1silek zbran\u00ed Hizball\u00e1hu (fotografie)\" src=\"https:\/\/s5.cdnstatic.space\/wp-content\/uploads\/2025\/12\/G7Qw_lFWgAEZS3j-1024x576.jpg\" sizes=\"auto, (max-width: 600px) 100vw, 600px\" srcset=\"https:\/\/s5.cdnstatic.space\/wp-content\/uploads\/2025\/12\/G7Qw_lFWgAEZS3j-1024x576.jpg 1024w, https:\/\/s5.cdnstatic.space\/wp-content\/uploads\/2025\/12\/G7Qw_lFWgAEZS3j-490x276.jpg 490w, https:\/\/s5.cdnstatic.space\/wp-content\/uploads\/2025\/12\/G7Qw_lFWgAEZS3j-768x432.jpg 768w, https:\/\/s5.cdnstatic.space\/wp-content\/uploads\/2025\/12\/G7Qw_lFWgAEZS3j.jpg 1280w\" alt=\"USA chv\u00e1l\u00ed S\u00fdrii za zabaven\u00ed z\u00e1silek zbran\u00ed Hizball\u00e1hu (fotografie)\" width=\"609\" height=\"343\" aria-describedby=\"caption-attachment-235636\" \/><\/a><\/p>\n<p id=\"caption-attachment-235636\" class=\"wp-caption-text\"><span dir=\"auto\">Kliknut\u00edm zobraz\u00edte obr\u00e1zek v pln\u00e9 velikosti. (Syrsk\u00e9 ministerstvo vnitra)<\/span><\/p>\n<\/div>\n<div id=\"attachment_235638\" class=\"wp-caption aligncenter\" style=\"width: 607px;\"><a href=\"https:\/\/s5.cdnstatic.space\/wp-content\/uploads\/2025\/12\/G7Qw_lDWcAI2VX1.jpg\" target=\"_blank\" rel=\"noopener\"><img decoding=\"async\" loading=\"lazy\" class=\"wp-image-235638\" title=\"USA chv\u00e1l\u00ed S\u00fdrii za zabaven\u00ed z\u00e1silek zbran\u00ed Hizball\u00e1hu (fotografie)\" src=\"https:\/\/s5.cdnstatic.space\/wp-content\/uploads\/2025\/12\/G7Qw_lDWcAI2VX1-1024x576.jpg\" sizes=\"auto, (max-width: 600px) 100vw, 600px\" srcset=\"https:\/\/s5.cdnstatic.space\/wp-content\/uploads\/2025\/12\/G7Qw_lDWcAI2VX1-1024x576.jpg 1024w, https:\/\/s5.cdnstatic.space\/wp-content\/uploads\/2025\/12\/G7Qw_lDWcAI2VX1-490x276.jpg 490w, https:\/\/s5.cdnstatic.space\/wp-content\/uploads\/2025\/12\/G7Qw_lDWcAI2VX1-768x432.jpg 768w, https:\/\/s5.cdnstatic.space\/wp-content\/uploads\/2025\/12\/G7Qw_lDWcAI2VX1.jpg 1280w\" alt=\"USA chv\u00e1l\u00ed S\u00fdrii za zabaven\u00ed z\u00e1silek zbran\u00ed Hizball\u00e1hu (fotografie)\" width=\"607\" height=\"342\" aria-describedby=\"caption-attachment-235638\" \/><\/a><\/p>\n<p id=\"caption-attachment-235638\" class=\"wp-caption-text\"><span dir=\"auto\">Kliknut\u00edm zobraz\u00edte obr\u00e1zek v pln\u00e9 velikosti. (Syrsk\u00e9 ministerstvo vnitra)<\/span><\/p>\n<\/div>\n<p><span dir=\"auto\">Od sam\u00e9ho za\u010d\u00e1tku bylo jasn\u00e9, \u017ee tyto zabaven\u00ed m\u011bly uklidnit USA a do jist\u00e9 m\u00edry i Izrael. Cooperovo prohl\u00e1\u0161en\u00ed, kter\u00e9 je v\u00edce ne\u017e neobvykl\u00e9, to potvrdilo.<\/span><\/p>\n<p><span dir=\"auto\">Nap\u011bt\u00ed mezi Izraelem a S\u00fdri\u00ed v posledn\u00edch n\u011bkolika m\u011bs\u00edc\u00edch nar\u016fst\u00e1 a ned\u00e1vn\u00e9 zpr\u00e1vy hebrejsk\u00fdch m\u00e9di\u00ed nazna\u010duj\u00ed, \u017ee bezpe\u010dnostn\u00ed rozhovory mezi ob\u011bma stranami, kter\u00e9 zprost\u0159edkov\u00e1vaj\u00ed USA, se dostaly do slep\u00e9 uli\u010dky.<\/span><\/p>\n<p><span dir=\"auto\">Minul\u00fd t\u00fdden se izraelsk\u00e9 jednotky staly ter\u010dem \u00fatoku p\u0159i prov\u00e1d\u011bn\u00ed operace s c\u00edlem zatknout podez\u0159el\u00e9 z \u201eteroristick\u00e9 skupiny\u201c ve m\u011bst\u011b Beit Jinn v provincii Rif Dimashq. \u0160est voj\u00e1k\u016f bylo zran\u011bno a nejm\u00e9n\u011b 20 Sy\u0159an\u016f bylo zabito p\u0159i odvetn\u00fdch izraelsk\u00fdch \u00faderech. Podle zpr\u00e1v hebrejsk\u00fdch m\u00e9di\u00ed m\u011bl Izrael podez\u0159en\u00ed na zapojen\u00ed syrsk\u00fdch tajn\u00fdch slu\u017eeb.<\/span><\/p>\n<p><span dir=\"auto\">Jednalo se o nejkrvav\u011bj\u0161\u00ed st\u0159et od doby, kdy izraelsk\u00e1 arm\u00e1da za\u010dala prov\u00e1d\u011bt podobn\u00e9 mise pot\u00e9, co loni po p\u00e1du re\u017eimu b\u00fdval\u00e9ho prezidenta Ba\u0161\u00e1ra Asada obsadila n\u00e1razn\u00edkovou z\u00f3nu soused\u00edc\u00ed s Golansk\u00fdmi v\u00fd\u0161inami.<\/span><\/p>\n<p><span dir=\"auto\">Americk\u00fd prezident po smrteln\u00e9m st\u0159etu, k \u0161oku v\u0161ech, vyj\u00e1d\u0159il podporu S\u00fdrii a v p\u0159\u00edsp\u011bvku pro Truth Social vyzval Izrael, aby s touto zem\u00ed \u201eudr\u017eoval siln\u00fd a opravdov\u00fd dialog\u201c, a varoval, \u017ee \u201ese ned\u011bje nic, co by naru\u0161ilo v\u00fdvoj S\u00fdrie v prosperuj\u00edc\u00ed st\u00e1t\u201c.<\/span><\/p>\n<p><span dir=\"auto\">Podp\u016frn\u00fd postoj Washingtonu k Dama\u0161ku je bezprecedentn\u00ed na v\u0161ech \u00farovn\u00edch, a to nejen v kontextu americko-syrsk\u00fdch vztah\u016f, ale i v kontextu \u0161ir\u0161\u00edch americko-arabsk\u00fdch vztah\u016f.<\/span><\/p>\n<p><span dir=\"auto\">To v\u0161e je samoz\u0159ejm\u011b velmi podez\u0159el\u00e9. USA samoz\u0159ejm\u011b mohou jen tla\u010dit S\u00fdrii k bezpe\u010dnostn\u00ed dohod\u011b s Izraelem, kter\u00fd se odm\u00edtl st\u00e1hnout z \u00fazem\u00ed okupovan\u00fdch po p\u00e1du Asadova re\u017eimu. D\u00e1v\u00e1 ale tak\u00e9 smysl, \u017ee Washington podporuje Dama\u0161ek, aby ho vyu\u017eil k n\u011b\u010demu velmi riskantn\u00edmu, jako je tlak na Hizball\u00e1h.<\/span><\/p>\n<p><img decoding=\"async\" loading=\"lazy\" class=\"alignnone size-full wp-image-1185\" src=\"http:\/\/www.infokuryr.cz\/n\/wp-content\/uploads\/2021\/04\/kuryr-podpis.png\" alt=\"\" width=\"84\" height=\"24\" \/><\/p>\n<p>&nbsp;<\/p>\n","protected":false},"excerpt":{"rendered":"<p>Admir\u00e1l Brad Cooper, velitel \u00dast\u0159edn\u00edho velitelstv\u00ed Spojen\u00fdch st\u00e1t\u016f, 5. prosince poblahop\u0159\u00e1l syrsk\u00fdm bezpe\u010dnostn\u00edm sil\u00e1m k&#8230;<\/p>\n","protected":false},"author":2,"featured_media":94047,"comment_status":"closed","ping_status":"closed","sticky":false,"template":"","format":"standard","meta":[],"categories":[7],"tags":[6772,147,1186,73],"_links":{"self":[{"href":"https:\/\/www.infokuryr.cz\/n\/wp-json\/wp\/v2\/posts\/94046"}],"collection":[{"href":"https:\/\/www.infokuryr.cz\/n\/wp-json\/wp\/v2\/posts"}],"about":[{"href":"https:\/\/www.infokuryr.cz\/n\/wp-json\/wp\/v2\/types\/post"}],"author":[{"embeddable":true,"href":"https:\/\/www.infokuryr.cz\/n\/wp-json\/wp\/v2\/users\/2"}],"replies":[{"embeddable":true,"href":"https:\/\/www.infokuryr.cz\/n\/wp-json\/wp\/v2\/comments?post=94046"}],"version-history":[{"count":0,"href":"https:\/\/www.infokuryr.cz\/n\/wp-json\/wp\/v2\/posts\/94046\/revisions"}],"wp:featuredmedia":[{"embeddable":true,"href":"https:\/\/www.infokuryr.cz\/n\/wp-json\/wp\/v2\/media\/94047"}],"wp:attachment":[{"href":"https:\/\/www.infokuryr.cz\/n\/wp-json\/wp\/v2\/media?parent=94046"}],"wp:term":[{"taxonomy":"category","embeddable":true,"href":"https:\/\/www.infokuryr.cz\/n\/wp-json\/wp\/v2\/categories?post=94046"},{"taxonomy":"post_tag","embeddable":true,"href":"https:\/\/www.infokuryr.cz\/n\/wp-json\/wp\/v2\/tags?post=94046"}],"curies":[{"name":"wp","href":"https:\/\/api.w.org\/{rel}","templated":true}]}}