{"id":94044,"date":"2025-12-07T00:27:50","date_gmt":"2025-12-06T23:27:50","guid":{"rendered":"https:\/\/www.infokuryr.cz\/n\/?p=94044"},"modified":"2025-12-06T17:36:06","modified_gmt":"2025-12-06T16:36:06","slug":"strategicky-posun-byvaly-sef-saudske-tajne-sluzby-rika-ze-izrael-je-vetsi-hrozbou-nez-iran","status":"publish","type":"post","link":"https:\/\/www.infokuryr.cz\/n\/2025\/12\/07\/strategicky-posun-byvaly-sef-saudske-tajne-sluzby-rika-ze-izrael-je-vetsi-hrozbou-nez-iran\/","title":{"rendered":"Strategick\u00fd posun: B\u00fdval\u00fd \u0161\u00e9f sa\u00fadsk\u00e9 tajn\u00e9 slu\u017eby \u0159\u00edk\u00e1, \u017ee Izrael je v\u011bt\u0161\u00ed hrozbou ne\u017e \u00cdr\u00e1n"},"content":{"rendered":"<div id=\"fb-root\"><\/div>\n<p><strong><span dir=\"auto\">B\u00fdval\u00fd \u0161\u00e9f sa\u00fadskoarabsk\u00e9 rozv\u011bdky prohl\u00e1sil, \u017ee Izrael se stal v\u011bt\u0161\u00ed hrozbou pro region\u00e1ln\u00ed stabilitu ne\u017e \u00cdr\u00e1n, co\u017e signalizuje posun ve strategick\u00e9m postoji kr\u00e1lovstv\u00ed, kter\u00fd se za\u010dal objevovat po vypuknut\u00ed v\u00e1lky v p\u00e1smu Gazy.<\/span><\/strong><\/p>\n<p><span dir=\"auto\">Na ot\u00e1zku, co p\u0159edstavuje v\u011bt\u0161\u00ed hrozbu pro region\u00e1ln\u00ed stabilitu, kterou se 5. prosince konal v rozhovoru na summitu Milken Institute o Bl\u00edzk\u00e9m v\u00fdchod\u011b a Africe v Ab\u00fa Zab\u00ed, sa\u00fadsk\u00fd princ Turki Al Faisal odpov\u011bd\u011bl: \u201eProzat\u00edm je to rozhodn\u011b Izrael.\u201c<\/span><\/p>\n<p><em><span dir=\"auto\">\u201eVid\u011bli jsme, \u017ee USA \u00cdr\u00e1nu u\u0161t\u011bd\u0159ily tvrdou ruku,\u201c \u0159ekl s patrn\u00fdm odkazem na \u00fatok Washingtonu na \u00edr\u00e1nsk\u00e1 jadern\u00e1 za\u0159\u00edzen\u00ed b\u011bhem dvan\u00e1ctidenn\u00ed v\u00e1lky s Izraelem v \u010dervnu lo\u0148sk\u00e9ho roku.<\/span><\/em><\/p>\n<ul>\n<li><em><span dir=\"auto\">\u201eUd\u00e1losti v Libanonu s \u00fapadkem Hizball\u00e1hu a zm\u011bnou re\u017eimu v S\u00fdrii zjevn\u011b ovlivnily schopnost \u00cdr\u00e1nu ovliv\u0148ovat ud\u00e1losti na \u0161ir\u0161\u00edm Bl\u00edzk\u00e9m v\u00fdchod\u011b,\u201c pokra\u010doval.<\/span><\/em><\/li>\n<\/ul>\n<p><span dir=\"auto\">Princ Turki dodal, \u017ee \u201eIzrael poci\u0165uje sv\u00e9 n\u00e1sledky t\u00edm, \u017ee bombarduje S\u00fdrii t\u00e9m\u011b\u0159 denn\u011b a pokra\u010duje v bombardov\u00e1n\u00ed Palestinc\u016f \u2013 a\u0165 u\u017e v Gaze nebo na Z\u00e1padn\u00edm b\u0159ehu Jord\u00e1nu, a tak\u00e9 v Libanonu, kde by m\u011blo platit p\u0159\u00edm\u011b\u0159\u00ed.\u201c<\/span><\/p>\n<p><em><span dir=\"auto\">\u201eTo rozhodn\u011b nen\u00ed p\u0159edzv\u011bst\u00ed m\u00edru v na\u0161\u00ed \u010d\u00e1sti sv\u011bta. Podle m\u00e9ho n\u00e1zoru je to nyn\u00ed Izrael, kdo je probl\u00e9mov\u00fdm \u010dlov\u011bkem a m\u011bl by b\u00fdt zkrocen,\u201c poznamenal.<\/span><\/em><\/p>\n<p><span dir=\"auto\">Princ Turki je v\u00fdznamn\u00fdm \u010dlenem sa\u00fadsk\u00e9 kr\u00e1lovsk\u00e9 rodiny. Proto si v Rij\u00e1du zachov\u00e1v\u00e1 vliv i pot\u00e9, co opustil svou pozici \u0161\u00e9fa zpravodajsk\u00e9 slu\u017eby.<\/span><\/p>\n<p><span dir=\"auto\">Sa\u00fadsk\u00e1 Ar\u00e1bie se v d\u016fsledku v\u00e1lky v Gaze zdr\u00e1h\u00e1 normalizace vztah\u016f s Izraelem. Izrael tak roz\u0161\u00ed\u0159il sv\u00e9 operace v cel\u00e9m regionu a v z\u00e1\u0159\u00ed dokonce provedl bezprecedentn\u00ed \u00fatok na Katar, kter\u00fd se nach\u00e1z\u00ed hned vedle kr\u00e1lovstv\u00ed.<\/span><\/p>\n<p><span dir=\"auto\">Zpr\u00e1va zve\u0159ejn\u011bn\u00e1 5. prosince den\u00edkem\u00a0<\/span><a href=\"https:\/\/www.timesofisrael.com\/the-day-after-that-never-came-how-time-ran-out-on-blinkens-plan-for-postwar-gaza\/\"><span dir=\"auto\">The Times of Israel<\/span><\/a><span dir=\"auto\">\u00a0odhalila, \u017ee v\u00e1lka do zna\u010dn\u00e9 m\u00edry zhatila dohodu, na kter\u00e9 USA pracovaly, aby se kr\u00e1lovstv\u00ed p\u0159ipojilo k Abrahamov\u00fdm dohod\u00e1m, co\u017e je s\u00e9rie normaliza\u010dn\u00edch dohod mezi Izraelem a n\u011bkolika arabsk\u00fdmi st\u00e1ty, v\u010detn\u011b Spojen\u00fdch arabsk\u00fdch emir\u00e1t\u016f, Bahrajnu, S\u00fad\u00e1nu a Maroka.<\/span><\/p>\n<p><span dir=\"auto\">Dohoda, kterou v dob\u011b vypuknut\u00ed v\u00e1lky finalizoval tehdej\u0161\u00ed americk\u00fd ministr zahrani\u010d\u00ed Antony Blinken, stanov\u00ed, co by Izrael musel ud\u011blat v\u00fdm\u011bnou za p\u0159ipojen\u00ed Rij\u00e1du k Abrahamov\u00fdm dohod\u00e1m, konkr\u00e9tn\u011b \u0159adu relativn\u011b men\u0161\u00edch \u00fastupk\u016f, kter\u00e9 m\u011bly uti\u0161it palestinsk\u00e9 aspirace na st\u00e1tnost, v\u010detn\u011b ud\u011blen\u00ed kontroly Palestinsk\u00e9 samospr\u00e1vy nad dal\u0161\u00edmi \u00fazem\u00edmi na okupovan\u00e9m Z\u00e1padn\u00edm b\u0159ehu Jord\u00e1nu.<\/span><\/p>\n<p><span dir=\"auto\">Kdy\u017e v \u0159\u00edjnu lo\u0148sk\u00e9ho roku vstoupilo v Gaze v platnost p\u0159\u00edm\u011b\u0159\u00ed jako sou\u010d\u00e1st m\u00edrov\u00e9ho pl\u00e1nu navr\u017een\u00e9ho americk\u00fdm prezidentem Donaldem Trumpem, o\u017eivily se nad\u011bje na normaliza\u010dn\u00ed dohodu mezi Izraelem a Sa\u00fadskou Ar\u00e1bi\u00ed. Optimismus v\u0161ak netrval dlouho, zejm\u00e9na kv\u016fli neochot\u011b Izraele k jak\u00fdmkoli \u00fastupk\u016fm.<\/span><\/p>\n<p><span dir=\"auto\">Sa\u00fadsk\u00fd korunn\u00ed princ Muhammad bin Salm\u00e1n 18. listopadu b\u011bhem setk\u00e1n\u00ed s Trumpem v B\u00edl\u00e9m dom\u011b prohl\u00e1sil, \u017ee se Rij\u00e1d chce p\u0159ipojit k Abrahamov\u00fdm dohod\u00e1m, ale vyzval k nutnosti zajistit cestu k \u0159e\u0161en\u00ed zalo\u017een\u00e9mu na existenci dvou st\u00e1t\u016f.<\/span><\/p>\n<p><em><span dir=\"auto\">\u201eChceme b\u00fdt sou\u010d\u00e1st\u00ed Abrahamov\u00fdch dohod, ale chceme si tak\u00e9 b\u00fdt jisti, \u017ee zajist\u00edme jasnou cestu k \u0159e\u0161en\u00ed dvou st\u00e1t\u016f,\u201c \u0159ekl bin Salm\u00e1n v odpov\u011bdi na ot\u00e1zku report\u00e9r\u016f na toto t\u00e9ma v Ov\u00e1ln\u00e9 pracovn\u011b, kdy\u017e sed\u011bl po boku Trumpa.<\/span><\/em><\/p>\n<p><span dir=\"auto\">Nicm\u00e9n\u011b jen o dva dny pozd\u011bji izraelsk\u00fd premi\u00e9r Benjamin Netanjahu trval na tom, \u017ee palestinsk\u00fd st\u00e1t nebude existovat, a to ani za cenu normalizace vztah\u016f se Sa\u00fadskou Ar\u00e1bi\u00ed.<\/span><\/p>\n<p><em><span dir=\"auto\">\u201ePalestinsk\u00fd st\u00e1t nebude. Je to velmi jednoduch\u00e9: nebude zalo\u017een,\u201c \u0159ekl premi\u00e9r v rozhovoru pro Abu Ali Express, popul\u00e1rn\u00ed m\u00edstn\u00ed telegramov\u00fd kan\u00e1l.<\/span><\/em><\/p>\n<p><span dir=\"auto\">Na ot\u00e1zku, zda jeho opozice obstoj\u00ed, i kdy\u017e to ohroz\u00ed normalizaci vztah\u016f s Rij\u00e1dem, Netanjahu odpov\u011bd\u011bl: \u201eOdpov\u011b\u010f zn\u00ed: palestinsk\u00fd st\u00e1t nebude zalo\u017een. Je to existen\u010dn\u00ed hrozba pro Izrael.\u201c<\/span><\/p>\n<p><span dir=\"auto\">Poznamenal, \u017ee v\u00e1lka v Gaze brzd\u00ed pokrok, ale \u017ee \u201epodm\u00ednky se mohou vyvinout\u201c nyn\u00ed, kdy\u017e v\u00e1lka ustupuje.<\/span><\/p>\n<p><em><span dir=\"auto\">\u201ePodm\u00ednky v\u0161ak mus\u00ed b\u00fdt p\u0159ijateln\u00e9 pro ob\u011b strany \u2013 podm\u00ednky, kter\u00e9 budou dobr\u00e9 pro ob\u011b strany,\u201c \u0159ekl. \u201eV\u00edm, jak pevn\u011b st\u00e1t za na\u0161imi z\u00e1kladn\u00edmi podm\u00ednkami a neohrozit na\u0161i bezpe\u010dnost. A pokud tento proces pozd\u011bji dozraje, v\u00fdborn\u011b. A pokud ne, budeme chr\u00e1nit na\u0161e \u017eivotn\u011b d\u016fle\u017eit\u00e9 z\u00e1jmy.\u201c<\/span><\/em><\/p>\n<p><span dir=\"auto\">Zpr\u00e1vy, kter\u00e9 se objevily p\u0159ibli\u017en\u011b ve stejnou dobu, odhalily, \u017ee se Izrael pokusil spojit sa\u00fadskoarabsk\u00fd n\u00e1kup americk\u00fdch st\u00edha\u010dek F-35 Lightning s normalizac\u00ed vztah\u016f, ale nakonec se dohoda ve Washingtonu uskute\u010dnila bez takov\u00fdch podm\u00ednek.<\/span><\/p>\n<p><span dir=\"auto\">Celkov\u011b vzato je jasn\u00e9, \u017ee Sa\u00fadsk\u00e1 Ar\u00e1bie ji\u017e nem\u00e1 tolik z\u00e1jmu o normalizaci vztah\u016f s Izraelem. To je samoz\u0159ejm\u011b r\u00e1na pro Abrahamovy dohody, kter\u00e9 byly od za\u010d\u00e1tku navr\u017eeny tak, aby zahrnovaly i toto kr\u00e1lovstv\u00ed, nejvlivn\u011bj\u0161\u00ed arabskou zemi sou\u010dasnosti.<\/span><\/p>\n<p><span dir=\"auto\">Tato ztr\u00e1ta je p\u0159\u00edm\u00fdm d\u016fsledkem v\u00e1lky v Gaze. Normalizace vztah\u016f se Sa\u00fadskou Ar\u00e1bi\u00ed by Izraeli poskytla zcela novou \u00farove\u0148 legitimity jak v arabsk\u00e9m, tak v isl\u00e1msk\u00e9m slova smyslu. Nemluv\u011b o v\u0161ech v\u00fdhod\u00e1ch, kter\u00e9 by plynou z hospod\u00e1\u0159sk\u00e9 spolupr\u00e1ce.<\/span><\/p>\n<p><img decoding=\"async\" loading=\"lazy\" class=\"alignnone size-full wp-image-1185\" src=\"http:\/\/www.infokuryr.cz\/n\/wp-content\/uploads\/2021\/04\/kuryr-podpis.png\" alt=\"\" width=\"84\" height=\"24\" \/><\/p>\n<p>&nbsp;<\/p>\n","protected":false},"excerpt":{"rendered":"<p>B\u00fdval\u00fd \u0161\u00e9f sa\u00fadskoarabsk\u00e9 rozv\u011bdky prohl\u00e1sil, \u017ee Izrael se stal v\u011bt\u0161\u00ed hrozbou pro region\u00e1ln\u00ed stabilitu ne\u017e&#8230;<\/p>\n","protected":false},"author":2,"featured_media":94045,"comment_status":"closed","ping_status":"closed","sticky":false,"template":"","format":"standard","meta":[],"categories":[7],"tags":[38,107,1012],"_links":{"self":[{"href":"https:\/\/www.infokuryr.cz\/n\/wp-json\/wp\/v2\/posts\/94044"}],"collection":[{"href":"https:\/\/www.infokuryr.cz\/n\/wp-json\/wp\/v2\/posts"}],"about":[{"href":"https:\/\/www.infokuryr.cz\/n\/wp-json\/wp\/v2\/types\/post"}],"author":[{"embeddable":true,"href":"https:\/\/www.infokuryr.cz\/n\/wp-json\/wp\/v2\/users\/2"}],"replies":[{"embeddable":true,"href":"https:\/\/www.infokuryr.cz\/n\/wp-json\/wp\/v2\/comments?post=94044"}],"version-history":[{"count":0,"href":"https:\/\/www.infokuryr.cz\/n\/wp-json\/wp\/v2\/posts\/94044\/revisions"}],"wp:featuredmedia":[{"embeddable":true,"href":"https:\/\/www.infokuryr.cz\/n\/wp-json\/wp\/v2\/media\/94045"}],"wp:attachment":[{"href":"https:\/\/www.infokuryr.cz\/n\/wp-json\/wp\/v2\/media?parent=94044"}],"wp:term":[{"taxonomy":"category","embeddable":true,"href":"https:\/\/www.infokuryr.cz\/n\/wp-json\/wp\/v2\/categories?post=94044"},{"taxonomy":"post_tag","embeddable":true,"href":"https:\/\/www.infokuryr.cz\/n\/wp-json\/wp\/v2\/tags?post=94044"}],"curies":[{"name":"wp","href":"https:\/\/api.w.org\/{rel}","templated":true}]}}