{"id":94042,"date":"2025-12-07T00:26:35","date_gmt":"2025-12-06T23:26:35","guid":{"rendered":"https:\/\/www.infokuryr.cz\/n\/?p=94042"},"modified":"2025-12-06T17:33:21","modified_gmt":"2025-12-06T16:33:21","slug":"ukrajina-priznava-ztraty-po-masivnim-utoku-ruske-skupiny","status":"publish","type":"post","link":"https:\/\/www.infokuryr.cz\/n\/2025\/12\/07\/ukrajina-priznava-ztraty-po-masivnim-utoku-ruske-skupiny\/","title":{"rendered":"Ukrajina p\u0159izn\u00e1v\u00e1 ztr\u00e1ty po masivn\u00edm \u00fatoku rusk\u00e9 skupiny"},"content":{"rendered":"<div id=\"fb-root\"><\/div>\n<p><strong><span dir=\"auto\">Rusko v noci z 5. na 6. prosince zah\u00e1jilo masivn\u00ed skupinov\u00fd \u00fader, kter\u00fd zas\u00e1hl c\u00edle v n\u011bkolika regionech Ukrajiny, je\u017e utrp\u011bla ztr\u00e1ty.<\/span><\/strong><\/p>\n<p><span dir=\"auto\">Ukrajinsk\u00e9 letectvo ve sv\u00e9m prohl\u00e1\u0161en\u00ed uvedlo, \u017ee rusk\u00e1 arm\u00e1da b\u011bhem rozs\u00e1hl\u00e9ho \u00faderu odp\u00e1lila 653 dron\u016f a 51 raket, v\u010detn\u011b n\u011bkolika hypersonick\u00fdch raket Kin\u017eal. D\u00e1le tvrdilo, \u017ee jejich protivzdu\u0161n\u00e1 obrana sest\u0159elila 585 dron\u016f a 30 raket, ale Kyjev jako obvykle pozd\u011bji uznal ztr\u00e1ty, co\u017e nazna\u010duje, \u017ee \u00fader byl \u00fasp\u011b\u0161n\u00fd.<\/span><\/p>\n<p><span dir=\"auto\">Ukrajinsk\u00e9 ministerstvo pro rozvoj obc\u00ed a teritori\u00ed uvedlo, \u017ee c\u00edlem \u00fatoku byly elektr\u00e1rny a tepeln\u00e9 elektr\u00e1rny v \u010cernihivsk\u00e9, Z\u00e1poro\u017esk\u00e9, Lvovsk\u00e9 a Dn\u011bpropetrovsk\u00e9 oblasti. Dodalo, \u017ee v ji\u017en\u00ed Od\u011bse z\u016fstalo 9 500 z\u00e1kazn\u00edk\u016f bez tepla a 34 000 bez vody.<\/span><\/p>\n<p><em><span dir=\"auto\">\u201eP\u0159\u00edstavn\u00ed za\u0159\u00edzen\u00ed [v Od\u011bse] byla tak\u00e9 napadena: \u010d\u00e1st infrastruktury byla odpojena od proudu a provozovatel\u00e9 p\u0159e\u0161li na z\u00e1lo\u017en\u00ed nap\u00e1jen\u00ed z gener\u00e1tor\u016f,\u201c uvedlo ministerstvo ve sv\u00e9m prohl\u00e1\u0161en\u00ed zve\u0159ejn\u011bn\u00e9m na Telegramu.<\/span><\/em><\/p>\n<p><span dir=\"auto\">Ministerstvo energetiky mezit\u00edm na Telegramu uvedlo, \u017ee \u201ehavarijn\u00ed opravy ji\u017e prob\u00edhaj\u00ed tam, kde to bezpe\u010dnostn\u00ed podm\u00ednky dovoluj\u00ed\u201c.<\/span><\/p>\n<p><em><span dir=\"auto\">\u201eEnergetick\u00e9 spole\u010dnosti d\u011blaj\u00ed v\u0161e pro to, aby co nejrychleji obnovily dod\u00e1vky elekt\u0159iny v\u0161em z\u00e1kazn\u00edk\u016fm,\u201c dodala spole\u010dnost.<\/span><\/em><\/p>\n<p><span dir=\"auto\">Mezi zasa\u017een\u00fdmi m\u00edsty v noci byl tak\u00e9 kl\u00ed\u010dov\u00fd \u017eelezni\u010dn\u00ed uzel ve m\u011bst\u011b Fastov nedaleko Kyjeva, kde byly po\u0161kozeny depo a \u017eelezni\u010dn\u00ed vag\u00f3ny, uvedla ukrajinsk\u00e1 st\u00e1tn\u00ed \u017eelezni\u010dn\u00ed spole\u010dnost Ukrzaliznytsia ve sv\u00e9m prohl\u00e1\u0161en\u00ed zve\u0159ejn\u011bn\u00e9m na Telegramu a dodala, \u017ee byla nucena zru\u0161it n\u011bkolik p\u0159\u00edm\u011bstsk\u00fdch vlak\u016f pobl\u00ed\u017e hlavn\u00edho m\u011bsta a m\u011bsta \u010cernihiv.<\/span><\/p>\n<p><iframe loading=\"lazy\" src=\"https:\/\/s5.cdnstatic.space\/wp-content\/uploads\/2025\/12\/st1.mp4\" width=\"600\" height=\"338\" data-mce-fragment=\"1\"><\/iframe><\/p>\n<p><iframe loading=\"lazy\" src=\"https:\/\/s5.cdnstatic.space\/wp-content\/uploads\/2025\/12\/st2.mp4\" width=\"600\" height=\"338\" data-mce-fragment=\"1\"><\/iframe><\/p>\n<p><iframe loading=\"lazy\" src=\"https:\/\/s5.cdnstatic.space\/wp-content\/uploads\/2025\/12\/st3.mp4\" width=\"600\" height=\"338\" data-mce-fragment=\"1\"><\/iframe><\/p>\n<p><iframe loading=\"lazy\" src=\"https:\/\/s5.cdnstatic.space\/wp-content\/uploads\/2025\/12\/st4.mp4\" width=\"600\" height=\"338\" data-mce-fragment=\"1\"><\/iframe><\/p>\n<p><iframe loading=\"lazy\" src=\"https:\/\/s5.cdnstatic.space\/wp-content\/uploads\/2025\/12\/st5.mp4\" width=\"600\" height=\"338\" data-mce-fragment=\"1\"><\/iframe><\/p>\n<p><iframe loading=\"lazy\" src=\"https:\/\/s5.cdnstatic.space\/wp-content\/uploads\/2025\/12\/st6.mp4\" width=\"600\" height=\"338\" data-mce-fragment=\"1\"><\/iframe><\/p>\n<p><iframe loading=\"lazy\" src=\"https:\/\/s5.cdnstatic.space\/wp-content\/uploads\/2025\/12\/st7.mp4\" width=\"600\" height=\"338\" data-mce-fragment=\"1\"><\/iframe><\/p>\n<p><iframe loading=\"lazy\" src=\"https:\/\/s5.cdnstatic.space\/wp-content\/uploads\/2025\/12\/sttt.mp4\" width=\"600\" height=\"338\" data-mce-fragment=\"1\"><\/iframe><\/p>\n<p><span dir=\"auto\">Rusk\u00e9 ministerstvo obrany pozd\u011bji uvedlo, \u017ee \u201emasivn\u00ed \u00fader\u201c byl proveden v reakci na \u201eteroristick\u00e9 \u00fatoky Ukrajiny proti civiln\u00edm objekt\u016fm na \u00fazem\u00ed Ruska\u201c.<\/span><\/p>\n<p><span dir=\"auto\">Ministerstvo ve sv\u00e9m prohl\u00e1\u0161en\u00ed uvedlo, \u017ee \u201edalekodoletn\u00e9 vysoce p\u0159esn\u00e9 zbran\u011b ze vzduchu i ze zem\u011b, v\u010detn\u011b hypersonick\u00fdch balistick\u00fdch raket Kin\u017eal, [a] bezpilotn\u00ed letouny dlouh\u00e9ho doletu\u201c zas\u00e1hly ukrajinsk\u00e9 podniky obrann\u00e9ho pr\u016fmyslu a energetick\u00e1 za\u0159\u00edzen\u00ed, kter\u00e1 podporuj\u00ed jejich \u010dinnost, a tak\u00e9 p\u0159\u00edstavn\u00ed infrastrukturu vyu\u017e\u00edvanou v z\u00e1jmu kyjevsk\u00fdch sil.<\/span><\/p>\n<p><em><span dir=\"auto\">\u201eC\u00edle \u00fatoku byly dosa\u017eeny. V\u0161echny stanoven\u00e9 c\u00edle byly zasa\u017eeny,\u201c dodala zpr\u00e1va.<\/span><\/em><\/p>\n<p><span dir=\"auto\">Za zm\u00ednku stoj\u00ed, \u017ee Ukrajina v noci zah\u00e1jila vlastn\u00ed \u00fatok proti Rusku, ale byl z velk\u00e9 \u010d\u00e1sti ne\u00fasp\u011b\u0161n\u00fd. Rusk\u00e9 ministerstvo obrany ozn\u00e1milo zachycen\u00ed celkem 116 dron\u016f.<\/span><\/p>\n<p><span dir=\"auto\">Ministerstvo ve sv\u00e9m prohl\u00e1\u0161en\u00ed uvedlo, \u017ee nad Rjazan\u00ed bylo zachyceno 29 dron\u016f, nad Voron\u011b\u017eskou oblast\u00ed 27, nad Brjanskem, 21 nad B\u011blgorodem, \u0161est nad Tverem, t\u0159i nad Kurskem a Lipcem, dva nad Tambovem a po jednom nad Tulou a Orjolem.<\/span><\/p>\n<p><span dir=\"auto\">V Rjazani \u00fatok podle guvern\u00e9ra Pavla Malkova vyvolal po\u017e\u00e1r st\u0159echy v\u00edcepodla\u017en\u00ed obytn\u00e9 budovy a trosky z dron\u016f dopadly na pozemek \u201epr\u016fmyslov\u00e9ho za\u0159\u00edzen\u00ed\u201c. Mezit\u00edm ve Voron\u011b\u017ei guvern\u00e9r Alexandr Gusev uvedl, \u017ee \u00fatok dronu po\u0161kodil \u010derpac\u00ed stanici, \u0161kolu a n\u011bkolik obytn\u00fdch budov. To byly jedin\u00e9 ztr\u00e1ty.<\/span><\/p>\n<p><span dir=\"auto\">Rusk\u00e9 skupinov\u00e9 \u00fatoky na Ukrajinu se v uplynul\u00e9m roce roz\u0161\u00ed\u0159ily a zefektivnily. Jsou tak\u00e9 \u010dast\u011bj\u0161\u00ed ne\u017e d\u0159\u00edve, p\u0159i\u010dem\u017e \u00fatoky zahrnuj\u00edc\u00ed des\u00edtky raket a stovky dron\u016f jsou hl\u00e1\u0161eny nejm\u00e9n\u011b jednou t\u00fddn\u011b.<\/span><\/p>\n<p><span dir=\"auto\">Na druh\u00e9 stran\u011b Ukrajina tak\u00e9 zintenzivnila \u00fadery proti Rusku, ale tyto \u00fatoky jsou st\u00e1le m\u00e9n\u011b \u00fa\u010dinn\u00e9 a snahy Kyjeva o za\u010dlen\u011bn\u00ed raket dlouh\u00e9ho doletu zat\u00edm nikam nevedly, p\u0159i\u010dem\u017e v\u011bt\u0161ina \u00fatok\u016f se skl\u00e1dala p\u0159ev\u00e1\u017en\u011b z dron\u016f.<\/span><\/p>\n<p><span dir=\"auto\">Tento trend bude pravd\u011bpodobn\u011b pokra\u010dovat i p\u0159\u00ed\u0161t\u00ed rok. Rusko zah\u00e1j\u00ed v\u011bt\u0161\u00ed a efektivn\u011bj\u0161\u00ed skupinov\u00e9 \u00fadery a ukrajinsk\u00e9 \u00fatoky pravd\u011bpodobn\u011b sn\u00ed\u017e\u00ed svou \u00fa\u010dinnost.<\/span><\/p>\n<p><img decoding=\"async\" loading=\"lazy\" class=\"alignnone size-full wp-image-1185\" src=\"http:\/\/www.infokuryr.cz\/n\/wp-content\/uploads\/2021\/04\/kuryr-podpis.png\" alt=\"\" width=\"84\" height=\"24\" \/><\/p>\n<p>&nbsp;<\/p>\n","protected":false},"excerpt":{"rendered":"<p>Rusko v noci z 5. na 6. prosince zah\u00e1jilo masivn\u00ed skupinov\u00fd \u00fader, kter\u00fd zas\u00e1hl c\u00edle&#8230;<\/p>\n","protected":false},"author":2,"featured_media":94043,"comment_status":"closed","ping_status":"closed","sticky":false,"template":"","format":"standard","meta":[],"categories":[7],"tags":[2674,22,26,5135],"_links":{"self":[{"href":"https:\/\/www.infokuryr.cz\/n\/wp-json\/wp\/v2\/posts\/94042"}],"collection":[{"href":"https:\/\/www.infokuryr.cz\/n\/wp-json\/wp\/v2\/posts"}],"about":[{"href":"https:\/\/www.infokuryr.cz\/n\/wp-json\/wp\/v2\/types\/post"}],"author":[{"embeddable":true,"href":"https:\/\/www.infokuryr.cz\/n\/wp-json\/wp\/v2\/users\/2"}],"replies":[{"embeddable":true,"href":"https:\/\/www.infokuryr.cz\/n\/wp-json\/wp\/v2\/comments?post=94042"}],"version-history":[{"count":0,"href":"https:\/\/www.infokuryr.cz\/n\/wp-json\/wp\/v2\/posts\/94042\/revisions"}],"wp:featuredmedia":[{"embeddable":true,"href":"https:\/\/www.infokuryr.cz\/n\/wp-json\/wp\/v2\/media\/94043"}],"wp:attachment":[{"href":"https:\/\/www.infokuryr.cz\/n\/wp-json\/wp\/v2\/media?parent=94042"}],"wp:term":[{"taxonomy":"category","embeddable":true,"href":"https:\/\/www.infokuryr.cz\/n\/wp-json\/wp\/v2\/categories?post=94042"},{"taxonomy":"post_tag","embeddable":true,"href":"https:\/\/www.infokuryr.cz\/n\/wp-json\/wp\/v2\/tags?post=94042"}],"curies":[{"name":"wp","href":"https:\/\/api.w.org\/{rel}","templated":true}]}}