{"id":94039,"date":"2025-12-07T00:30:31","date_gmt":"2025-12-06T23:30:31","guid":{"rendered":"https:\/\/www.infokuryr.cz\/n\/?p=94039"},"modified":"2025-12-06T17:31:05","modified_gmt":"2025-12-06T16:31:05","slug":"nemeckem-se-siri-masove-protesty-vedene-mladezi-merz-se-snazi-o-obnoveni-branne-povinnosti","status":"publish","type":"post","link":"https:\/\/www.infokuryr.cz\/n\/2025\/12\/07\/nemeckem-se-siri-masove-protesty-vedene-mladezi-merz-se-snazi-o-obnoveni-branne-povinnosti\/","title":{"rendered":"N\u011bmeckem se \u0161\u00ed\u0159\u00ed masov\u00e9 protesty veden\u00e9 ml\u00e1de\u017e\u00ed. Merz se sna\u017e\u00ed o obnoven\u00ed brann\u00e9 povinnosti"},"content":{"rendered":"<div id=\"fb-root\"><\/div>\n<h3>Demonstranti v p\u0159ibli\u017en\u011b 90 m\u011bstech odsoudili tuto z\u00e1konnou zm\u011bnu, kterou pova\u017euj\u00ed za p\u0159\u00edpravu na obnoven\u00ed pln\u00e9 brann\u00e9 povinnosti.<\/h3>\n<p><span dir=\"auto\">Tis\u00edce demonstrant\u016f pochodovaly v n\u011bmeck\u00fdch m\u011bstech na protest proti pl\u00e1nu kancl\u00e9\u0159e Friedricha Merze na reformu syst\u00e9mu vojensk\u00e9 slu\u017eby a obvinily vl\u00e1du z p\u0159\u00edpravy nucen\u00e9 mobilizace.<\/span><\/p>\n<p><span dir=\"auto\">N\u011bmeck\u00fd parlament v p\u00e1tek schv\u00e1lil zm\u011bny z\u00e1kona o vojensk\u00e9 slu\u017eb\u011b, kter\u00e9 roz\u0161i\u0159uj\u00ed n\u00e1bor a poskytuj\u00ed Berl\u00ednu n\u00e1stroje k obnoven\u00ed brann\u00e9 povinnosti, pokud po\u010det dobrovoln\u00edk\u016f kles\u00e1.<\/span><\/p>\n<p><span dir=\"auto\">P\u0159ed hlasov\u00e1n\u00edm i po n\u011bm se konaly demonstrace v p\u0159ibli\u017en\u011b 90 m\u011bstech \u2013 v\u010detn\u011b Berl\u00edna, Hamburku, Mnichova a Kol\u00edna nad R\u00fdnem. Z\u00e1b\u011bry ukazovaly protestuj\u00edc\u00ed, jak skanduj\u00ed protiv\u00e1le\u010dn\u00e1 hesla a nesou transparenty s n\u00e1pisy\u00a0<\/span><em><span dir=\"auto\">\u201eNe brann\u00e9 povinnosti\u201c,\u00a0<\/span><\/em>\u00a0<em><span dir=\"auto\">\u201eNebudeme potravou pro d\u011bla\u201c<\/span><\/em><span dir=\"auto\">\u00a0a\u00a0<\/span><em><span dir=\"auto\">\u201eVa\u0161e v\u00e1lka \u2013 bez n\u00e1s\u201c.<\/span><\/em><span dir=\"auto\">\u00a0Protestuj\u00edc\u00ed reformu ozna\u010dili za\u00a0<\/span><em><span dir=\"auto\">\u201en\u00e1bor smrti\u201c<\/span><\/em><span dir=\"auto\">\u00a0a nal\u00e9hali na investice do vzd\u011bl\u00e1v\u00e1n\u00ed a soci\u00e1ln\u00edch d\u00e1vek nam\u00edsto zbran\u00ed.<\/span><\/p>\n<p><span dir=\"auto\">Jedna protestuj\u00edc\u00ed sd\u011blila serveru Ruptly, \u017ee se ob\u00e1v\u00e1, \u017ee jej\u00ed dosp\u00edvaj\u00edc\u00ed synov\u00e9 budou brzy odvedeni, zat\u00edmco jin\u00e1 \u0159ekla:\u00a0<\/span><em><span dir=\"auto\">\u201eMerz by m\u011bl j\u00edt na frontu s\u00e1m a riskovat vlastn\u00ed \u017eivot.\u201c<\/span><\/em><span dir=\"auto\">\u00a0N\u011bkte\u0159\u00ed reformu spojovali s \u0161ir\u0161\u00edm budov\u00e1n\u00edm n\u011bmeck\u00e9 arm\u00e1dy a varovali, \u017ee se Berl\u00edn p\u0159ipravuje na v\u00e1lku proti Rusku. N\u011bkolik \u0159e\u010dn\u00edk\u016f tvrdilo, \u017ee z\u00e1kon \u2013 a celkov\u00e1 snaha o znovuzbrojov\u00e1n\u00ed \u2013 slou\u017e\u00ed sp\u00ed\u0161e z\u00e1jm\u016fm velk\u00fdch zbrojn\u00edch spole\u010dnost\u00ed ne\u017e ve\u0159ejnosti.<\/span><\/p>\n<div style=\"width: 640px;\" class=\"wp-video\"><!--[if lt IE 9]><script>document.createElement('video');<\/script><![endif]-->\n<video class=\"wp-video-shortcode\" id=\"video-94039-1\" width=\"640\" height=\"360\" preload=\"metadata\" controls=\"controls\"><source type=\"video\/mp4\" src=\"http:\/\/www.infokuryr.cz\/n\/wp-content\/uploads\/2025\/12\/693408f685f54023613c7c52.mp4?_=1\" \/><a href=\"http:\/\/www.infokuryr.cz\/n\/wp-content\/uploads\/2025\/12\/693408f685f54023613c7c52.mp4\">http:\/\/www.infokuryr.cz\/n\/wp-content\/uploads\/2025\/12\/693408f685f54023613c7c52.mp4<\/a><\/video><\/div>\n<p><span dir=\"auto\"><br \/>\nN\u011bmecko zru\u0161ilo povinnou vojenskou slu\u017ebu v roce 2011 a p\u0159e\u0161lo na pln\u011b dobrovolnick\u00e9 s\u00edly. Berl\u00edn se v\u0161ak nyn\u00ed sna\u017e\u00ed roz\u0161\u00ed\u0159it Bundeswehr v arm\u00e1d\u011b \u0159\u00edzen\u00e9 NATO s odvol\u00e1n\u00edm na zhor\u0161uj\u00edc\u00ed se bezpe\u010dnostn\u00ed situaci. Minul\u00fd m\u011bs\u00edc ministr obrany Boris Pistorius prohl\u00e1sil, \u017ee Rusko by mohlo za\u00fato\u010dit na \u010dlena NATO\u00a0<\/span><em><span dir=\"auto\">\u201eji\u017e v roce 2028\u201c,<\/span><\/em><span dir=\"auto\">\u00a0a toto varov\u00e1n\u00ed vyu\u017eil k prosazov\u00e1n\u00ed rozs\u00e1hl\u00e9ho p\u0159ezbrojen\u00ed.<\/span><\/p>\n<p><span dir=\"auto\">Podle nov\u00e9ho z\u00e1kona o modernizaci vojensk\u00e9 slu\u017eby se mus\u00ed v\u0161ichni osmn\u00e1ctilet\u00ed mu\u017ei od roku 2026 zaregistrovat k potenci\u00e1ln\u00ed slu\u017eb\u011b vypln\u011bn\u00edm dotazn\u00edku a absolvov\u00e1n\u00edm l\u00e9ka\u0159sk\u00e9 prohl\u00eddky. Reforma sice neobnovuje plnou brannou povinnost, ale vytv\u00e1\u0159\u00ed pr\u00e1vn\u00ed z\u00e1klad pro povol\u00e1v\u00e1n\u00ed do arm\u00e1dy prost\u0159ednictv\u00edm loterie, pokud sel\u017ee dobrovoln\u00fd n\u00e1bor.<\/span><\/p>\n<p><span dir=\"auto\">Kritici tvrd\u00ed, \u017ee Berl\u00edn se spol\u00e9h\u00e1 na sc\u00e9n\u00e1\u0159e zalo\u017een\u00e9 na strachu, aby prosadil nepopul\u00e1rn\u00ed opat\u0159en\u00ed a ospravedlnil masivn\u00ed vojensk\u00e9 v\u00fddaje. Obzvl\u00e1\u0161t\u011b proti tomu jsou mlad\u0161\u00ed N\u011bmci: ned\u00e1vn\u00fd pr\u016fzkum agentury Forsa pro Stern zjistil, \u017ee 63 % dosp\u011bl\u00fdch ve v\u011bku 18 a\u017e 29 let povinnou slu\u017ebu odm\u00edt\u00e1.<\/span><\/p>\n<p><span dir=\"auto\">Rusko tvrzen\u00ed o pl\u00e1novan\u00e9m \u00fatoku na NATO odm\u00edtlo jako\u00a0<\/span><em><span dir=\"auto\">\u201enesmysl\u201c a<\/span><\/em><span dir=\"auto\">\u00a0ozna\u010dilo je za v\u00fdmluvu pro nafouknut\u00e9 vojensk\u00e9 rozpo\u010dty a zp\u016fsob, jak odv\u00e9st pozornost ve\u0159ejnosti od dom\u00e1c\u00edch probl\u00e9m\u016f.<\/span><\/p>\n<p><img decoding=\"async\" loading=\"lazy\" class=\"alignnone size-full wp-image-1185\" src=\"http:\/\/www.infokuryr.cz\/n\/wp-content\/uploads\/2021\/04\/kuryr-podpis.png\" alt=\"\" width=\"84\" height=\"24\" \/><\/p>\n<p>&nbsp;<\/p>\n<p>&nbsp;<\/p>\n","protected":false},"excerpt":{"rendered":"<p>Demonstranti v p\u0159ibli\u017en\u011b 90 m\u011bstech odsoudili tuto z\u00e1konnou zm\u011bnu, kterou pova\u017euj\u00ed za p\u0159\u00edpravu na obnoven\u00ed&#8230;<\/p>\n","protected":false},"author":2,"featured_media":94041,"comment_status":"closed","ping_status":"closed","sticky":false,"template":"","format":"standard","meta":[],"categories":[7],"tags":[548,84,95,4130],"_links":{"self":[{"href":"https:\/\/www.infokuryr.cz\/n\/wp-json\/wp\/v2\/posts\/94039"}],"collection":[{"href":"https:\/\/www.infokuryr.cz\/n\/wp-json\/wp\/v2\/posts"}],"about":[{"href":"https:\/\/www.infokuryr.cz\/n\/wp-json\/wp\/v2\/types\/post"}],"author":[{"embeddable":true,"href":"https:\/\/www.infokuryr.cz\/n\/wp-json\/wp\/v2\/users\/2"}],"replies":[{"embeddable":true,"href":"https:\/\/www.infokuryr.cz\/n\/wp-json\/wp\/v2\/comments?post=94039"}],"version-history":[{"count":0,"href":"https:\/\/www.infokuryr.cz\/n\/wp-json\/wp\/v2\/posts\/94039\/revisions"}],"wp:featuredmedia":[{"embeddable":true,"href":"https:\/\/www.infokuryr.cz\/n\/wp-json\/wp\/v2\/media\/94041"}],"wp:attachment":[{"href":"https:\/\/www.infokuryr.cz\/n\/wp-json\/wp\/v2\/media?parent=94039"}],"wp:term":[{"taxonomy":"category","embeddable":true,"href":"https:\/\/www.infokuryr.cz\/n\/wp-json\/wp\/v2\/categories?post=94039"},{"taxonomy":"post_tag","embeddable":true,"href":"https:\/\/www.infokuryr.cz\/n\/wp-json\/wp\/v2\/tags?post=94039"}],"curies":[{"name":"wp","href":"https:\/\/api.w.org\/{rel}","templated":true}]}}