{"id":94026,"date":"2025-12-07T00:24:19","date_gmt":"2025-12-06T23:24:19","guid":{"rendered":"https:\/\/www.infokuryr.cz\/n\/?p=94026"},"modified":"2025-12-06T11:06:59","modified_gmt":"2025-12-06T10:06:59","slug":"znepokojive-irska-stinova-armada-se-znovu-probouzi-vraci-se-teror","status":"publish","type":"post","link":"https:\/\/www.infokuryr.cz\/n\/2025\/12\/07\/znepokojive-irska-stinova-armada-se-znovu-probouzi-vraci-se-teror\/","title":{"rendered":"Znepokojiv\u00e9: Irsk\u00e1 st\u00ednov\u00e1 arm\u00e1da se znovu probouz\u00ed \u2013 vrac\u00ed se teror?"},"content":{"rendered":"<div id=\"fb-root\"><\/div>\n<p><strong><span dir=\"auto\">Irsko je v chaosu. Protesty m\u00edstn\u00edho obyvatelstva proti nekontrolovateln\u00e9 neleg\u00e1ln\u00ed imigraci se m\u011bn\u00ed v n\u00e1siln\u00e9, zat\u00edmco vl\u00e1da tvrd\u011b zasahuje proti sv\u00fdm kritik\u016fm pomoc\u00ed tvrd\u00fdch z\u00e1kon\u016f. Nyn\u00ed se formuje nov\u00e1 podzemn\u00ed arm\u00e1da, p\u0159ipom\u00ednaj\u00edc\u00ed \u00e9ru IRA, a prohla\u0161uje politiky za \u201elegitimn\u00ed c\u00edle\u201c.<\/span><\/strong><\/p>\n<p><span dir=\"auto\">Nap\u011bt\u00ed v Irsku se stup\u0148uje ji\u017e m\u011bs\u00edce. V Dublinu a dal\u0161\u00edch m\u011bstech vych\u00e1zej\u00ed do ulic tis\u00edce ob\u010dan\u016f, hnan\u00e9 p\u0159\u00edpady, jako je sexu\u00e1ln\u00ed zneu\u017e\u00edv\u00e1n\u00ed desetilet\u00e9 d\u00edvky \u017eadatelem o azyl. Neleg\u00e1ln\u00ed migrace zaplavila zemi des\u00edtkami tis\u00edc \u017eadatel\u016f o azyl, ale m\u00edsto zabezpe\u010den\u00ed hranic vl\u00e1da tvrd\u011b zasahuje proti kritik\u016fm p\u0159\u00edlivu.<\/span><\/p>\n<p><span dir=\"auto\">Od doby, kdy byl v roce 2024 p\u0159ijat z\u00e1kon o trestn\u00edm soudnictv\u00ed (trestn\u00e9 \u010diny z nen\u00e1visti), je kritika imigrace trestn\u00fdm \u010dinem z nen\u00e1visti, stejn\u011b jako tvrzen\u00ed, \u017ee existuj\u00ed pouze dv\u011b pohlav\u00ed. Policie (Garda\u00ed) prov\u00e1d\u00ed razie v domech a bytech a zat\u00fdk\u00e1 ob\u010dany za kritick\u00e9 p\u0159\u00edsp\u011bvky na soci\u00e1ln\u00edch s\u00edt\u00edch. Ofici\u00e1ln\u00edm od\u016fvodn\u011bn\u00edm je jako v\u017edy \u201eochrana p\u0159ed nen\u00e1vistn\u00fdmi projevy\u201c, ale ve skute\u010dnosti vl\u00e1da pouze chr\u00e1n\u00ed politiku, kter\u00e1 z domorod\u00e9ho obyvatelstva d\u011bl\u00e1 men\u0161inu ve vlastn\u00ed zemi.<\/span><\/p>\n<p><span dir=\"auto\">V reakci na mylnou politiku nam\u00ed\u0159enou proti vlastn\u00edmu lidu bylo zalo\u017eeno \u201eNov\u00e9 republik\u00e1nsk\u00e9 hnut\u00ed\u201c, ozbrojen\u00e1 skupina, kter\u00e1 se pova\u017euje za ochr\u00e1nce irsk\u00e9ho n\u00e1roda. Na videu, kter\u00e9 se stalo vir\u00e1ln\u00edm na platform\u00e1ch jako X, p\u00f3zuj\u00ed t\u0159i maskovan\u00ed mu\u017ei se st\u0159eln\u00fdmi zbran\u011bmi p\u0159ed irskou vlajkou.<\/span><\/p>\n<figure class=\"wp-block-embed is-type-rich is-provider-twitter wp-block-embed-twitter\">\n<div class=\"wp-block-embed__wrapper\">\n<div class=\"twitter-tweet twitter-tweet-rendered\"><iframe id=\"twitter-widget-0\" class=\"\" title=\"X P\u0159\u00edsp\u011bvek\" src=\"https:\/\/platform.twitter.com\/embed\/Tweet.html?dnt=true&amp;embedId=twitter-widget-0&amp;features=eyJ0ZndfdGltZWxpbmVfbGlzdCI6eyJidWNrZXQiOltdLCJ2ZXJzaW9uIjpudWxsfSwidGZ3X2ZvbGxvd2VyX2NvdW50X3N1bnNldCI6eyJidWNrZXQiOnRydWUsInZlcnNpb24iOm51bGx9LCJ0ZndfdHdlZXRfZWRpdF9iYWNrZW5kIjp7ImJ1Y2tldCI6Im9uIiwidmVyc2lvbiI6bnVsbH0sInRmd19yZWZzcmNfc2Vzc2lvbiI6eyJidWNrZXQiOiJvbiIsInZlcnNpb24iOm51bGx9LCJ0ZndfZm9zbnJfc29mdF9pbnRlcnZlbnRpb25zX2VuYWJsZWQiOnsiYnVja2V0Ijoib24iLCJ2ZXJzaW9uIjpudWxsfSwidGZ3X21peGVkX21lZGlhXzE1ODk3Ijp7ImJ1Y2tldCI6InRyZWF0bWVudCIsInZlcnNpb24iOm51bGx9LCJ0ZndfZXhwZXJpbWVudHNfY29va2llX2V4cGlyYXRpb24iOnsiYnVja2V0IjoxMjA5NjAwLCJ2ZXJzaW9uIjpudWxsfSwidGZ3X3Nob3dfYmlyZHdhdGNoX3Bpdm90c19lbmFibGVkIjp7ImJ1Y2tldCI6Im9uIiwidmVyc2lvbiI6bnVsbH0sInRmd19kdXBsaWNhdGVfc2NyaWJlc190b19zZXR0aW5ncyI6eyJidWNrZXQiOiJvbiIsInZlcnNpb24iOm51bGx9LCJ0ZndfdXNlX3Byb2ZpbGVfaW1hZ2Vfc2hhcGVfZW5hYmxlZCI6eyJidWNrZXQiOiJvbiIsInZlcnNpb24iOm51bGx9LCJ0ZndfdmlkZW9faGxzX2R5bmFtaWNfbWFuaWZlc3RzXzE1MDgyIjp7ImJ1Y2tldCI6InRydWVfYml0cmF0ZSIsInZlcnNpb24iOm51bGx9LCJ0ZndfbGVnYWN5X3RpbWVsaW5lX3N1bnNldCI6eyJidWNrZXQiOnRydWUsInZlcnNpb24iOm51bGx9LCJ0ZndfdHdlZXRfZWRpdF9mcm9udGVuZCI6eyJidWNrZXQiOiJvbiIsInZlcnNpb24iOm51bGx9fQ%3D%3D&amp;frame=false&amp;hideCard=false&amp;hideThread=false&amp;id=1995607752002208064&amp;lang=cs&amp;origin=https%3A%2F%2Freport24.news%2Fbedrueckend-irlands-schattenarmee-erwacht-wieder-kehrt-der-terror-zurueck%2F&amp;sessionId=93a6495b5bd0bf096503450ff76c7b4387ad9cd1&amp;theme=light&amp;widgetsVersion=2615f7e52b7e0%3A1702314776716&amp;width=550px\" frameborder=\"0\" scrolling=\"no\" allowfullscreen=\"allowfullscreen\" data-tweet-id=\"1995607752002208064\" data-mce-fragment=\"1\"><\/iframe><\/div>\n<\/div>\n<\/figure>\n<p><span dir=\"auto\">Prohla\u0161uj\u00ed zvolen\u00e9 politiky za \u201elegitimn\u00ed c\u00edle\u201c za to, \u017ee ignoruj\u00ed v\u016fli lid\u00ed, kte\u0159\u00ed je zvolili. Obzvl\u00e1\u0161t\u011b kritizuj\u00ed masovou imigraci mlad\u00fdch mu\u017e\u016f ve vojensk\u00e9m v\u011bku a sexu\u00e1ln\u00ed indoktrinaci d\u011bt\u00ed ve \u0161kol\u00e1ch. Nap\u0159\u00edklad v Irsku jsou u\u010ditel\u00e9, kte\u0159\u00ed odm\u00edtaj\u00ed dodr\u017eovat trans ideologii, v\u011bzn\u011bni, jak dokazuje p\u0159\u00edpad u\u010ditele Enocha Burkeho.<\/span><\/p>\n<figure class=\"wp-block-embed is-type-rich is-provider-twitter wp-block-embed-twitter\">\n<div class=\"wp-block-embed__wrapper\">\n<div class=\"twitter-tweet twitter-tweet-rendered\"><iframe id=\"twitter-widget-1\" class=\"\" title=\"X P\u0159\u00edsp\u011bvek\" src=\"https:\/\/platform.twitter.com\/embed\/Tweet.html?dnt=true&amp;embedId=twitter-widget-1&amp;features=eyJ0ZndfdGltZWxpbmVfbGlzdCI6eyJidWNrZXQiOltdLCJ2ZXJzaW9uIjpudWxsfSwidGZ3X2ZvbGxvd2VyX2NvdW50X3N1bnNldCI6eyJidWNrZXQiOnRydWUsInZlcnNpb24iOm51bGx9LCJ0ZndfdHdlZXRfZWRpdF9iYWNrZW5kIjp7ImJ1Y2tldCI6Im9uIiwidmVyc2lvbiI6bnVsbH0sInRmd19yZWZzcmNfc2Vzc2lvbiI6eyJidWNrZXQiOiJvbiIsInZlcnNpb24iOm51bGx9LCJ0ZndfZm9zbnJfc29mdF9pbnRlcnZlbnRpb25zX2VuYWJsZWQiOnsiYnVja2V0Ijoib24iLCJ2ZXJzaW9uIjpudWxsfSwidGZ3X21peGVkX21lZGlhXzE1ODk3Ijp7ImJ1Y2tldCI6InRyZWF0bWVudCIsInZlcnNpb24iOm51bGx9LCJ0ZndfZXhwZXJpbWVudHNfY29va2llX2V4cGlyYXRpb24iOnsiYnVja2V0IjoxMjA5NjAwLCJ2ZXJzaW9uIjpudWxsfSwidGZ3X3Nob3dfYmlyZHdhdGNoX3Bpdm90c19lbmFibGVkIjp7ImJ1Y2tldCI6Im9uIiwidmVyc2lvbiI6bnVsbH0sInRmd19kdXBsaWNhdGVfc2NyaWJlc190b19zZXR0aW5ncyI6eyJidWNrZXQiOiJvbiIsInZlcnNpb24iOm51bGx9LCJ0ZndfdXNlX3Byb2ZpbGVfaW1hZ2Vfc2hhcGVfZW5hYmxlZCI6eyJidWNrZXQiOiJvbiIsInZlcnNpb24iOm51bGx9LCJ0ZndfdmlkZW9faGxzX2R5bmFtaWNfbWFuaWZlc3RzXzE1MDgyIjp7ImJ1Y2tldCI6InRydWVfYml0cmF0ZSIsInZlcnNpb24iOm51bGx9LCJ0ZndfbGVnYWN5X3RpbWVsaW5lX3N1bnNldCI6eyJidWNrZXQiOnRydWUsInZlcnNpb24iOm51bGx9LCJ0ZndfdHdlZXRfZWRpdF9mcm9udGVuZCI6eyJidWNrZXQiOiJvbiIsInZlcnNpb24iOm51bGx9fQ%3D%3D&amp;frame=false&amp;hideCard=false&amp;hideThread=false&amp;id=1996231152466554959&amp;lang=cs&amp;origin=https%3A%2F%2Freport24.news%2Fbedrueckend-irlands-schattenarmee-erwacht-wieder-kehrt-der-terror-zurueck%2F&amp;sessionId=93a6495b5bd0bf096503450ff76c7b4387ad9cd1&amp;theme=light&amp;widgetsVersion=2615f7e52b7e0%3A1702314776716&amp;width=550px\" frameborder=\"0\" scrolling=\"no\" allowfullscreen=\"allowfullscreen\" data-tweet-id=\"1996231152466554959\" data-mce-fragment=\"1\"><\/iframe><\/div>\n<\/div>\n<\/figure>\n<p><span dir=\"auto\">Politici reagovali pobou\u0159en\u00edm, radn\u00ed SDLP Peter Byrne ozna\u010dil hrozby za \u201eabsolutn\u011b opovr\u017een\u00edhodn\u00e9\u201c a poslankyn\u011b Sinn F\u00e9in D\u00e1ire Hughesov\u00e1 hovo\u0159ila o \u201e\u00a0<\/span><a href=\"https:\/\/www.bbc.com\/news\/articles\/cy8jevd5dljo\" target=\"_blank\" rel=\"noreferrer noopener\"><span dir=\"auto\">zlov\u011bstn\u00fdch hrozb\u00e1ch od anonymn\u00edch gangster\u016f<\/span><\/a><span dir=\"auto\"> \u201c. Policie (PSNI) zah\u00e1jila vy\u0161et\u0159ov\u00e1n\u00ed. Situace evokuje vzpom\u00ednky na l\u00e9ta IRA; ozbrojen\u00fd boj proti establishmentu je zp\u011bt v Irsku.<\/span><\/p>\n<p><span dir=\"auto\">Zalo\u017een\u00ed Hnut\u00ed je v\u00fdsledkem hlubok\u00e9 krize. Ve sv\u00e9m zakl\u00e1daj\u00edc\u00edm projevu ozbrojen\u00e1 skupina po\u017eadovala \u00fapln\u00e9 zru\u0161en\u00ed vl\u00e1dn\u00ed migra\u010dn\u00ed a transgenderov\u00e9 politiky, co\u017e vl\u00e1da soustavn\u011b odm\u00edtala. Nyn\u00ed hroz\u00ed, \u017ee politick\u00fd konflikt v Irsku znovu propukne v n\u00e1sil\u00ed, stejn\u011b jako v krvav\u00e9 minulosti. P\u0159\u00edklad Irska ukazuje, co se stane, kdy\u017e samozvan\u00e9 elity bagatelizuj\u00ed p\u0159\u00edliv \u017eadatel\u016f o azyl a pop\u00edraj\u00ed jeho d\u016fsledky.<\/span><\/p>\n<p><span dir=\"auto\">Kdy\u017e jednaj\u00ed proti v\u016fli panovn\u00edka ve v\u0161ech oblastech politiky (nap\u0159\u00edklad vnucovan\u00e1 trans ideologie), ob\u010dan\u00e9 se radikalizuj\u00ed. \u017d\u00e1dn\u00e1 domorod\u00e1 spole\u010dnost nebude dlouhodob\u011b tolerovat, aby byla ve sv\u00e9 vlastn\u00ed zemi redukov\u00e1na na men\u0161inu. Podobn\u00fd v\u00fdvoj je patrn\u00fd v cel\u00e9 Evrop\u011b; od Francie po N\u011bmecko jsou v\u00fdzvy k remigraci st\u00e1le hlasit\u011bj\u0161\u00ed. M\u00edstn\u00ed obyvatel\u00e9 u\u017e maj\u00ed dost kulturn\u00ed a ekonomick\u00e9 z\u00e1t\u011b\u017ee zp\u016fsoben\u00e9 miliony neleg\u00e1ln\u00edch imigrant\u016f, kte\u0159\u00ed se sami \u010dasto netou\u017e\u00ed integrovat.<\/span><\/p>\n<p><span dir=\"auto\">Pokud evropsk\u00e9 politick\u00e9 veden\u00ed nebude br\u00e1t demokracii v\u00e1\u017en\u011b a nebude reprezentovat a realizovat v\u016fli lidu, pak je t\u0159eba se ob\u00e1vat, \u017ee Nov\u00e9 republik\u00e1nsk\u00e9 hnut\u00ed nebude posledn\u00ed podzemn\u00ed arm\u00e1dou, kter\u00e1 se v sou\u010dasnosti formuje. Ob\u010dansk\u00e1 v\u00e1lka, na kterou bylo tolikr\u00e1t varov\u00e1no, se bl\u00ed\u017e\u00ed. Lid\u00e9 v Evrop\u011b maj\u00ed dost deindustrializace, p\u0159\u00edlivu \u017eadatel\u016f o azyl a ideologick\u00e9ho zneu\u017e\u00edv\u00e1n\u00ed d\u011bt\u00ed, jako je trans ideologie. Politici zneu\u017e\u00edvaj\u00ed skute\u010dnost, \u017ee lid\u00e9 v Evrop\u011b jsou ze sv\u00e9 podstaty m\u00edrumilovn\u00ed a cht\u011bj\u00ed \u017e\u00edt v m\u00edru a bezpe\u010d\u00ed.<\/span><\/p>\n<p><em><span dir=\"auto\">Od <a href=\"https:\/\/report24.news\/bedrueckend-irlands-schattenarmee-erwacht-wieder-kehrt-der-terror-zurueck\/\">Chrise Vebera<\/a><\/span><\/em><\/p>\n<p>&nbsp;<\/p>\n","protected":false},"excerpt":{"rendered":"<p>Irsko je v chaosu. Protesty m\u00edstn\u00edho obyvatelstva proti nekontrolovateln\u00e9 neleg\u00e1ln\u00ed imigraci se m\u011bn\u00ed v n\u00e1siln\u00e9,&#8230;<\/p>\n","protected":false},"author":2,"featured_media":94027,"comment_status":"closed","ping_status":"closed","sticky":false,"template":"","format":"standard","meta":[],"categories":[7],"tags":[1414,1503,835],"_links":{"self":[{"href":"https:\/\/www.infokuryr.cz\/n\/wp-json\/wp\/v2\/posts\/94026"}],"collection":[{"href":"https:\/\/www.infokuryr.cz\/n\/wp-json\/wp\/v2\/posts"}],"about":[{"href":"https:\/\/www.infokuryr.cz\/n\/wp-json\/wp\/v2\/types\/post"}],"author":[{"embeddable":true,"href":"https:\/\/www.infokuryr.cz\/n\/wp-json\/wp\/v2\/users\/2"}],"replies":[{"embeddable":true,"href":"https:\/\/www.infokuryr.cz\/n\/wp-json\/wp\/v2\/comments?post=94026"}],"version-history":[{"count":0,"href":"https:\/\/www.infokuryr.cz\/n\/wp-json\/wp\/v2\/posts\/94026\/revisions"}],"wp:featuredmedia":[{"embeddable":true,"href":"https:\/\/www.infokuryr.cz\/n\/wp-json\/wp\/v2\/media\/94027"}],"wp:attachment":[{"href":"https:\/\/www.infokuryr.cz\/n\/wp-json\/wp\/v2\/media?parent=94026"}],"wp:term":[{"taxonomy":"category","embeddable":true,"href":"https:\/\/www.infokuryr.cz\/n\/wp-json\/wp\/v2\/categories?post=94026"},{"taxonomy":"post_tag","embeddable":true,"href":"https:\/\/www.infokuryr.cz\/n\/wp-json\/wp\/v2\/tags?post=94026"}],"curies":[{"name":"wp","href":"https:\/\/api.w.org\/{rel}","templated":true}]}}