{"id":94012,"date":"2025-12-07T00:18:32","date_gmt":"2025-12-06T23:18:32","guid":{"rendered":"https:\/\/www.infokuryr.cz\/n\/?p=94012"},"modified":"2025-12-06T10:50:24","modified_gmt":"2025-12-06T09:50:24","slug":"zastavovaci-tlacitko-v-porsche-jedno-kliknuti-a-auto-je-mrtve","status":"publish","type":"post","link":"https:\/\/www.infokuryr.cz\/n\/2025\/12\/07\/zastavovaci-tlacitko-v-porsche-jedno-kliknuti-a-auto-je-mrtve\/","title":{"rendered":"Zastavovac\u00ed tla\u010d\u00edtko v Porsche: Jedno kliknut\u00ed a auto je mrtv\u00e9"},"content":{"rendered":"<div id=\"fb-root\"><\/div>\n<p><strong><span dir=\"auto\">Stovky majitel\u016f voz\u016f Porsche v Rusku \u010del\u00ed probl\u00e9mu: jejich vozidla ji\u017e nelze nastartovat. To bylo mo\u017en\u00e9 d\u00edky \u201evyp\u00edna\u010di\u201c aktivovan\u00e9mu prost\u0159ednictv\u00edm satelitn\u00edho alarmu. D\u016fsledky jsou dalekos\u00e1hlej\u0161\u00ed, ne\u017e by si n\u011bkte\u0159\u00ed mohli domyslet.<\/span><\/strong><\/p>\n<p><span dir=\"auto\">Modern\u00ed vozidla, zejm\u00e9na ty luxusn\u011bj\u0161\u00ed, jsou nyn\u00ed nabit\u00e1 obrovsk\u00fdm mno\u017estv\u00edm elektroniky. I kdy\u017e m\u00e1 poskytovat pohodl\u00ed a bezpe\u010dnost (v\u010detn\u011b ochrany proti kr\u00e1de\u017ei), lze ji tak\u00e9 efektivn\u011b \u201evyzbrojit\u201c. Stovky majitel\u016f Porsche v Rusku si\u00a0<\/span><a href=\"https:\/\/www.rbc.ru\/society\/01\/12\/2025\/692db0e69a7947fa9af63a72\"><span dir=\"auto\">to ji\u017e na vlastn\u00ed k\u016f\u017ei vyzkou\u0161ely<\/span><\/a><span dir=\"auto\"> , proto\u017ee jejich auta n\u00e1hle odm\u00edtla nastartovat.<\/span><\/p>\n<p><span dir=\"auto\">Po l\u00e9ta byla tot\u00e1ln\u00ed konektivita vozidel vychvalov\u00e1na jako pokrok. Aktualizace bezdr\u00e1tov\u011b, permanentn\u00ed online p\u0159ipojen\u00ed, cloudov\u00e9 ovl\u00e1d\u00e1n\u00ed. Co t\u00e9m\u011b\u0159 nikdo otev\u0159en\u011b nep\u0159iznal: Tato technologie nen\u00ed nic jin\u00e9ho ne\u017e vzd\u00e1len\u00e9 vypnut\u00ed, kter\u00e9 lze kdykoli aktivovat. Digit\u00e1ln\u00ed bezpe\u010dnostn\u00ed sp\u00edna\u010d, trvale instalovan\u00fd v ka\u017ed\u00e9m modern\u00edm vozidle. Ofici\u00e1ln\u011b se uv\u00e1d\u00ed, \u017ee p\u0159\u00ed\u010dina dosud nen\u00ed pln\u011b objasn\u011bna. Probl\u00e9my s p\u0159ipojen\u00edm, potenci\u00e1ln\u00ed ru\u0161en\u00ed, technick\u00e9 nejistoty. Z\u00e1rove\u0148 i prodejci p\u0159ipou\u0161t\u011bj\u00ed, \u017ee nelze vylou\u010dit \u00famysln\u00e1 vypnut\u00ed.<\/span><\/p>\n<figure class=\"wp-block-embed is-type-rich is-provider-twitter wp-block-embed-twitter\">\n<div class=\"wp-block-embed__wrapper\">\n<div class=\"twitter-tweet twitter-tweet-rendered\"><iframe id=\"twitter-widget-0\" class=\"\" title=\"X P\u0159\u00edsp\u011bvek\" src=\"https:\/\/platform.twitter.com\/embed\/Tweet.html?dnt=true&amp;embedId=twitter-widget-0&amp;features=eyJ0ZndfdGltZWxpbmVfbGlzdCI6eyJidWNrZXQiOltdLCJ2ZXJzaW9uIjpudWxsfSwidGZ3X2ZvbGxvd2VyX2NvdW50X3N1bnNldCI6eyJidWNrZXQiOnRydWUsInZlcnNpb24iOm51bGx9LCJ0ZndfdHdlZXRfZWRpdF9iYWNrZW5kIjp7ImJ1Y2tldCI6Im9uIiwidmVyc2lvbiI6bnVsbH0sInRmd19yZWZzcmNfc2Vzc2lvbiI6eyJidWNrZXQiOiJvbiIsInZlcnNpb24iOm51bGx9LCJ0ZndfZm9zbnJfc29mdF9pbnRlcnZlbnRpb25zX2VuYWJsZWQiOnsiYnVja2V0Ijoib24iLCJ2ZXJzaW9uIjpudWxsfSwidGZ3X21peGVkX21lZGlhXzE1ODk3Ijp7ImJ1Y2tldCI6InRyZWF0bWVudCIsInZlcnNpb24iOm51bGx9LCJ0ZndfZXhwZXJpbWVudHNfY29va2llX2V4cGlyYXRpb24iOnsiYnVja2V0IjoxMjA5NjAwLCJ2ZXJzaW9uIjpudWxsfSwidGZ3X3Nob3dfYmlyZHdhdGNoX3Bpdm90c19lbmFibGVkIjp7ImJ1Y2tldCI6Im9uIiwidmVyc2lvbiI6bnVsbH0sInRmd19kdXBsaWNhdGVfc2NyaWJlc190b19zZXR0aW5ncyI6eyJidWNrZXQiOiJvbiIsInZlcnNpb24iOm51bGx9LCJ0ZndfdXNlX3Byb2ZpbGVfaW1hZ2Vfc2hhcGVfZW5hYmxlZCI6eyJidWNrZXQiOiJvbiIsInZlcnNpb24iOm51bGx9LCJ0ZndfdmlkZW9faGxzX2R5bmFtaWNfbWFuaWZlc3RzXzE1MDgyIjp7ImJ1Y2tldCI6InRydWVfYml0cmF0ZSIsInZlcnNpb24iOm51bGx9LCJ0ZndfbGVnYWN5X3RpbWVsaW5lX3N1bnNldCI6eyJidWNrZXQiOnRydWUsInZlcnNpb24iOm51bGx9LCJ0ZndfdHdlZXRfZWRpdF9mcm9udGVuZCI6eyJidWNrZXQiOiJvbiIsInZlcnNpb24iOm51bGx9fQ%3D%3D&amp;frame=false&amp;hideCard=false&amp;hideThread=false&amp;id=1995776361332461903&amp;lang=cs&amp;origin=https%3A%2F%2Freport24.news%2Fkill-switch-im-porsche-ein-klick-und-das-auto-ist-tot%2F&amp;sessionId=c3e3a0edeb71920eeedd1ae7057da7e0ba3992d7&amp;theme=light&amp;widgetsVersion=2615f7e52b7e0%3A1702314776716&amp;width=550px\" frameborder=\"0\" scrolling=\"no\" allowfullscreen=\"allowfullscreen\" data-tweet-id=\"1995776361332461903\" data-mce-fragment=\"1\"><\/iframe><\/div>\n<\/div>\n<\/figure>\n<p><span dir=\"auto\">Vzhledem k t\u00e9to kombinaci selh\u00e1n\u00ed, na\u010dasov\u00e1n\u00ed a geopolitick\u00e9ho kontextu vyvst\u00e1v\u00e1 legitimn\u00ed ot\u00e1zka, zda se jednalo o \u00famysln\u00fd \u010din. Nejde o sp\u00e1lenou pojistku. Jde o syst\u00e9m navr\u017een\u00fd pr\u00e1v\u011b pro takov\u00e9 situace. Vyp\u00edna\u010d nen\u00ed viditeln\u011b um\u00edst\u011bn na palubn\u00ed desce, ale hluboko v softwarov\u00e9m j\u00e1dru vozidla. Nespou\u0161t\u00ed se silou, ale kliknut\u00edm my\u0161i. Dnes Rusko, z\u00edtra jak\u00fdkoli trh, kter\u00fd se stane politicky nevhodn\u00fdm.<\/span><\/p>\n<p><span dir=\"auto\">Obzvl\u00e1\u0161t\u011b z\u00e1ke\u0159n\u00e9 je to pr\u00e1vn\u00ed maskov\u00e1n\u00ed. Nikdo ofici\u00e1ln\u011b nevyvlast\u0148uje, nikdo nic nezabavuje. Auto z\u016fst\u00e1v\u00e1 majetkem \u0159idi\u010de; prost\u011b u\u017e nejezd\u00ed. O tomto z\u00e1sahu se nyn\u00ed diskutuje i v souvislosti s \u010d\u00ednsk\u00fdmi elektromobily, proto\u017ee Peking (viz na\u0161e report\u00e1\u017ee\u00a0<\/span><a href=\"https:\/\/report24.news\/trojanische-pferde-auf-raedern-chinas-elektroautos-eine-gefahr-fuer-europas-sicherheit\/\"><span dir=\"auto\">zde<\/span><\/a><span dir=\"auto\">\u00a0a\u00a0<\/span><a href=\"https:\/\/report24.news\/gruene-naivitaet-mit-folgen-china-kann-norwegens-elektrobusse-stoppen\/\"><span dir=\"auto\">zde<\/span><\/a><span dir=\"auto\">\u00a0) by teoreticky mohl kdykoli na\u0159\u00eddit elektronickou deaktivaci elektromobil\u016f vyv\u00e1\u017een\u00fdch do zahrani\u010d\u00ed. \u017de z\u00e1padn\u00ed v\u00fdrobci automobil\u016f tohle zav\u00e1d\u011bj\u00ed dokonce d\u0159\u00edve ne\u017e komunistick\u00fd re\u017eim v \u010c\u00edn\u011b \u2013 klobouk dol\u016f p\u0159ed nimi!<\/span><\/p>\n<p><span dir=\"auto\">Vhodn\u00e1 zku\u0161ebn\u00ed j\u00edzda, o kter\u00e9 z\u00e1padn\u00ed m\u00e9dia sotva informuj\u00ed, proto\u017ee se stejn\u011b \u201et\u00fdk\u00e1 pouze Rus\u016f\u201c. My\u0161lenka, \u017ee by se mohlo jednat o jak\u00fdsi testovac\u00ed provoz, ale napad\u00e1 jen velmi m\u00e1lo lid\u00ed. Dnes se jedn\u00e1 o majitele Porsche v Rusku; z\u00edtra by to mohlo postihnout evropsk\u00e9 spedit\u00e9ry, \u0159emesln\u00edky, doj\u00ed\u017ed\u011bj\u00edc\u00ed a tak d\u00e1le.<\/span><\/p>\n<p><img decoding=\"async\" loading=\"lazy\" class=\"alignnone size-full wp-image-1185\" src=\"http:\/\/www.infokuryr.cz\/n\/wp-content\/uploads\/2021\/04\/kuryr-podpis.png\" alt=\"\" width=\"84\" height=\"24\" \/><\/p>\n<p>&nbsp;<\/p>\n","protected":false},"excerpt":{"rendered":"<p>Stovky majitel\u016f voz\u016f Porsche v Rusku \u010del\u00ed probl\u00e9mu: jejich vozidla ji\u017e nelze nastartovat. To bylo&#8230;<\/p>\n","protected":false},"author":2,"featured_media":94013,"comment_status":"closed","ping_status":"closed","sticky":false,"template":"","format":"standard","meta":[],"categories":[7],"tags":[8282,22,10216,4416],"_links":{"self":[{"href":"https:\/\/www.infokuryr.cz\/n\/wp-json\/wp\/v2\/posts\/94012"}],"collection":[{"href":"https:\/\/www.infokuryr.cz\/n\/wp-json\/wp\/v2\/posts"}],"about":[{"href":"https:\/\/www.infokuryr.cz\/n\/wp-json\/wp\/v2\/types\/post"}],"author":[{"embeddable":true,"href":"https:\/\/www.infokuryr.cz\/n\/wp-json\/wp\/v2\/users\/2"}],"replies":[{"embeddable":true,"href":"https:\/\/www.infokuryr.cz\/n\/wp-json\/wp\/v2\/comments?post=94012"}],"version-history":[{"count":0,"href":"https:\/\/www.infokuryr.cz\/n\/wp-json\/wp\/v2\/posts\/94012\/revisions"}],"wp:featuredmedia":[{"embeddable":true,"href":"https:\/\/www.infokuryr.cz\/n\/wp-json\/wp\/v2\/media\/94013"}],"wp:attachment":[{"href":"https:\/\/www.infokuryr.cz\/n\/wp-json\/wp\/v2\/media?parent=94012"}],"wp:term":[{"taxonomy":"category","embeddable":true,"href":"https:\/\/www.infokuryr.cz\/n\/wp-json\/wp\/v2\/categories?post=94012"},{"taxonomy":"post_tag","embeddable":true,"href":"https:\/\/www.infokuryr.cz\/n\/wp-json\/wp\/v2\/tags?post=94012"}],"curies":[{"name":"wp","href":"https:\/\/api.w.org\/{rel}","templated":true}]}}