{"id":93998,"date":"2025-12-07T00:11:45","date_gmt":"2025-12-06T23:11:45","guid":{"rendered":"https:\/\/www.infokuryr.cz\/n\/?p=93998"},"modified":"2025-12-06T10:19:45","modified_gmt":"2025-12-06T09:19:45","slug":"larry-c-johnson-ukrajina-a-nekteri-evropane-hraji-nebezpecnou-hru","status":"publish","type":"post","link":"https:\/\/www.infokuryr.cz\/n\/2025\/12\/07\/larry-c-johnson-ukrajina-a-nekteri-evropane-hraji-nebezpecnou-hru\/","title":{"rendered":"Larry C. Johnson: Ukrajina a n\u011bkte\u0159\u00ed Evropan\u00e9 hraj\u00ed nebezpe\u010dnou hru"},"content":{"rendered":"<div id=\"fb-root\"><\/div>\n<div class=\"elementor-element elementor-element-1fb4c2c elementor-widget elementor-widget-theme-post-content\" data-id=\"1fb4c2c\" data-element_type=\"widget\" data-widget_type=\"theme-post-content.default\">\n<div class=\"elementor-widget-container\">\n<p><span dir=\"auto\">S t\u00edm, jak se zintenziv\u0148uje rusk\u00e1 pozemn\u00ed ofenziva na v\u00fdchod\u011b Ukrajiny, Ukrajina a jej\u00ed evrop\u0161t\u00ed spojenci propadaj\u00ed st\u00e1le v\u011bt\u0161\u00ed panice a zoufalstv\u00ed. Tento t\u00fdden (od konce listopadu do za\u010d\u00e1tku prosince 2025) do\u0161lo k s\u00e9rii \u00fatok\u016f ukrajinsk\u00fdch dron\u016f na prorusk\u00e9 tankery v \u010cern\u00e9m mo\u0159i a Atlantsk\u00e9m oce\u00e1nu u pob\u0159e\u017e\u00ed Senegalu \u2013 co\u017e p\u0159edstavuje v\u00fdznamnou eskalaci n\u00e1mo\u0159n\u00edho nap\u011bt\u00ed b\u011bhem prob\u00edhaj\u00edc\u00ed rusk\u00e9 speci\u00e1ln\u00ed vojensk\u00e9 operace (SMO) na Ukrajin\u011b. Zasa\u017een\u00e9 lod\u011b jsou tyto:<\/span><\/p>\n<ul>\n<li><strong><span dir=\"auto\">28. listopadu 2025:\u00a0<\/span><\/strong><em><span dir=\"auto\">Kairos<\/span><\/em><span dir=\"auto\">\u00a0a\u00a0<\/span><em><span dir=\"auto\">Virat<\/span><\/em><span dir=\"auto\">\u00a0(sankcionovan\u00e9 ropn\u00e9 tankery, pr\u00e1zdn\u00e9, na cest\u011b do rusk\u00e9ho p\u0159\u00edstavu). Ob\u011b lod\u011b po\u0161kozen\u00e9; pos\u00e1dky zachr\u00e1n\u011bny tureckou pob\u0159e\u017en\u00ed str\u00e1\u017e\u00ed. K \u00faniku ropy nedo\u0161lo.<\/span><\/li>\n<li><strong><span dir=\"auto\">2. prosince 2025:\u00a0<\/span><\/strong><em><span dir=\"auto\">Midvolga-2<\/span><\/em><span dir=\"auto\">\u00a0(tanker pluj\u00edc\u00ed pod ruskou vlajkou, nalo\u017een\u00fd slune\u010dnicov\u00fdm olejem z Ruska do Gruzie). Drobn\u00e9 po\u0161kozen\u00ed; 13 \u010dlen\u016f pos\u00e1dky nezran\u011bno; lo\u010f doplula do Sinopu \u200b\u200bvlastn\u00ed silou. Nebyla po\u017e\u00e1d\u00e1na o pomoc.<\/span><\/li>\n<li><strong><span dir=\"auto\">2. prosince 2025:<\/span><\/strong><span dir=\"auto\">\u00a0Nepojmenovan\u00fd tanker pat\u0159\u00edc\u00ed spole\u010dnosti Besiktas Shipping (tureck\u00e1 spole\u010dnost s vazbami na Rusko). Lo\u010f po\u0161kozena; podrobnosti jsou omezen\u00e9.<\/span><\/li>\n<\/ul>\n<p><span dir=\"auto\">Ukrajina se p\u0159ihl\u00e1sila k odpov\u011bdnosti za \u00fatok v \u010cern\u00e9m mo\u0159i z 28. listopadu a od\u016fvodnila jej jako odvetu za rusk\u00e9 \u00fatoky na jej\u00ed energetickou infrastrukturu. Lod\u011b v\u0161ak byly pr\u00e1zdn\u00e9 a ukrajinsk\u00fd \u00fatok nijak neovlivnil rusk\u00e9 p\u0159\u00edjmy z ropy. K \u00fatoku z 28. listopadu do\u0161lo pobl\u00ed\u017e tureck\u00e9 v\u00fdlu\u010dn\u00e9 ekonomick\u00e9 z\u00f3ny (VHZ) nebo uvnit\u0159 n\u00ed, co\u017e vyvolalo rozzloben\u00e9 protesty Erdo\u011fanovy vl\u00e1dy a vl\u00e1dy Kazachst\u00e1nu.<\/span><\/p>\n<p><span dir=\"auto\">Rusk\u00fd prezident Vladimir Putin se k incident\u016fm vyj\u00e1d\u0159il na tiskov\u00e9 konferenci v Moskv\u011b. Jeho pozn\u00e1mky, odvys\u00edlan\u00e9 st\u00e1tn\u00ed televiz\u00ed Rossija 24, ozna\u010dily \u00fatoky za \u201epir\u00e1tstv\u00ed\u201c a nast\u00ednily stup\u0148ovitou strategii eskalace pro potenci\u00e1ln\u00ed ruskou odvetu. Tyto pozn\u00e1mky p\u0159i\u0161ly kr\u00e1tce po jeho p\u011btihodinov\u00e9m setk\u00e1n\u00ed s americk\u00fdmi vyslanci Stevem Witkoffem a Jaredem Kushnerem. Putinova reakce byla p\u0159\u00edm\u00e1 a stup\u0148uj\u00edc\u00ed se, v odpov\u011bdi na ot\u00e1zku report\u00e9ra ohledn\u011b \u00fatok\u016f na lod\u011b v \u010cern\u00e9m mo\u0159i. Sv\u00e9 pozn\u00e1mky rozd\u011blil do okam\u017eit\u00fdch, podm\u00edn\u011bn\u00fdch a \u201eradik\u00e1ln\u00edch\u201c protiopat\u0159en\u00ed. Putin \u0159ekl:<\/span><\/p>\n<ul>\n<li><span dir=\"auto\">Rusko zpo\u010d\u00e1tku roz\u0161\u00ed\u0159\u00ed \u201espektru \u00fatok\u016f\u201c na ukrajinsk\u00e9 p\u0159\u00edstavy a lod\u011b, kter\u00e9 do nich vplouvaj\u00ed.<\/span><\/li>\n<li><span dir=\"auto\">Za druh\u00e9, pokud to bude pokra\u010dovat, zv\u00e1\u017e\u00edme mo\u017enost \u2013 ne\u0159\u00edk\u00e1m, \u017ee to ud\u011bl\u00e1me, ale zv\u00e1\u017e\u00edme mo\u017enost \u2013 p\u0159ijet\u00ed odvetn\u00fdch opat\u0159en\u00ed proti lod\u00edm t\u011bch zem\u00ed, kter\u00e9 podporuj\u00ed Ukrajinu.<\/span><\/li>\n<li><span dir=\"auto\">Nejradik\u00e1ln\u011bj\u0161\u00ed mo\u017enost\u00ed je od\u0159\u00edznout Ukrajinu od mo\u0159e; pak by pir\u00e1tstv\u00ed bylo v z\u00e1sad\u011b nemo\u017en\u00e9.<\/span><\/li>\n<li><span dir=\"auto\">Douf\u00e1m, \u017ee vojensk\u00e9 veden\u00ed Ukrajiny, politick\u00e9 veden\u00ed a ti, kte\u0159\u00ed za nimi stoj\u00ed, zv\u00e1\u017e\u00ed, zda m\u00e1 cenu v t\u00e9to praxi pokra\u010dovat.<\/span><\/li>\n<\/ul>\n<p><span dir=\"auto\">Z\u00e1padn\u00ed analytici se nad\u00e1le dr\u017e\u00ed iluzorn\u00edho tvrzen\u00ed, \u017ee rusk\u00e1 \u010cernomo\u0159sk\u00e1 flotila je vy\u010derpan\u00e1 a neschopn\u00e1 prov\u00e1d\u011bt takov\u00e9 operace. Tito analytici ignoruj\u00ed skute\u010dnost, \u017ee Rusko od sv\u00e9ho odstoupen\u00ed od \u010cernomo\u0159sk\u00e9 obiln\u00e9 iniciativy v roce 2023 fakticky zavedlo blok\u00e1du a \u017ee \u010cernomo\u0159sk\u00e1 flotila nad\u00e1le voln\u011b operuje u rusk\u00e9ho pob\u0159e\u017e\u00ed a pravideln\u011b odpaluje \u0159\u00edzen\u00e9 st\u0159ely Kalibr na c\u00edle na Ukrajin\u011b.<\/span><\/p>\n<p><span dir=\"auto\">\u00datok na lo\u010f podporovanou Ruskem u pob\u0159e\u017e\u00ed Senegalu hroz\u00ed roz\u0161\u00ed\u0159en\u00edm v\u00e1lky do Evropy. A\u010dkoli se k \u00fatoku zat\u00edm nikdo nep\u0159ihl\u00e1sil, za hlavn\u00edho podez\u0159el\u00e9ho je pova\u017eov\u00e1na Francie.<\/span><\/p>\n<p><span dir=\"auto\">Zde jsou m\u00e9 dne\u0161n\u00ed rozhovory s Dannym Davisem, Dannym Haiphongem a plukovn\u00edkem Wilkersonem. Tak\u00e9 zve\u0159ej\u0148uji ned\u00e1vnou debatu mezi Dannym Davisem a gener\u00e1lem ve v\u00fdslu\u017eb\u011b Benem Hodgesem\u2026 Danny zmaten\u00e9ho gener\u00e1la naprosto p\u0159elstil.<\/span><\/p>\n<figure class=\"wp-block-embed is-type-video is-provider-youtube wp-block-embed-youtube wp-embed-aspect-16-9 wp-has-aspect-ratio\">\n<div class=\"wp-block-embed__wrapper\"><iframe loading=\"lazy\" title=\"Rusko pevn\u011b stoj\u00ed na sv\u00e9m, Ukrajina usiluje o v\u011bt\u0161\u00ed podporu \/Larry Johnson a podplukovn\u00edk Daniel Davis\" src=\"https:\/\/www.youtube.com\/embed\/E4rJ2LYgwHY?start=1&amp;feature=oembed\" width=\"800\" height=\"450\" frameborder=\"0\" allowfullscreen=\"allowfullscreen\" data-mce-fragment=\"1\"><\/iframe><\/div>\n<\/figure>\n<figure class=\"wp-block-embed is-type-video is-provider-youtube wp-block-embed-youtube wp-embed-aspect-16-9 wp-has-aspect-ratio\">\n<div class=\"wp-block-embed__wrapper\"><iframe loading=\"lazy\" title=\"Putinova v\u00e1le\u010dn\u00e1 hrozba \u0160OKUJE Evropu, Ukrajina se hrout\u00ed | Larry Johnson a plukovn\u00edk Wilkerson\" src=\"https:\/\/www.youtube.com\/embed\/aaZ783lAPJc?feature=oembed\" width=\"800\" height=\"450\" frameborder=\"0\" allowfullscreen=\"allowfullscreen\" data-mce-fragment=\"1\"><\/iframe><\/div>\n<\/figure>\n<figure class=\"wp-block-embed is-type-video is-provider-youtube wp-block-embed-youtube wp-embed-aspect-16-9 wp-has-aspect-ratio\">\n<div class=\"wp-block-embed__wrapper\"><iframe loading=\"lazy\" title=\"\u201eOdm\u00edtli jsme diplomacii\u201c \u2013 plukovn\u00edk Daniel Davis vs. gener\u00e1l Ben Hodges o v\u00e1lce mezi Ruskem a Ukrajinou...\" src=\"https:\/\/www.youtube.com\/embed\/VUCr-lfuwkc?feature=oembed\" width=\"800\" height=\"450\" frameborder=\"0\" allowfullscreen=\"allowfullscreen\" data-mce-fragment=\"1\"><\/iframe><\/div>\n<\/figure>\n<\/div>\n<\/div>\n<div class=\"elementor-element elementor-element-8c57238 quelle dc-has-condition dc-condition-empty elementor-widget elementor-widget-heading\" data-id=\"8c57238\" data-element_type=\"widget\" data-widget_type=\"heading.default\">\n<div class=\"elementor-widget-container\">\n<h3 class=\"elementor-heading-title elementor-size-default\"><span style=\"font-size: 10pt;\"><a href=\"https:\/\/sonar21.com\/ukraine-along-with-some-europeans-are-playing-a-dangerous-game\/\" target=\"_blank\" rel=\"nofollow noopener\"><span dir=\"auto\">Zdroj<\/span><\/a><\/span><\/h3>\n<p>&nbsp;<\/p>\n<\/div>\n<\/div>\n","protected":false},"excerpt":{"rendered":"<p>S t\u00edm, jak se zintenziv\u0148uje rusk\u00e1 pozemn\u00ed ofenziva na v\u00fdchod\u011b Ukrajiny, Ukrajina a jej\u00ed evrop\u0161t\u00ed&#8230;<\/p>\n","protected":false},"author":2,"featured_media":92147,"comment_status":"closed","ping_status":"closed","sticky":false,"template":"","format":"standard","meta":[],"categories":[7],"tags":[1042,283,22,26],"_links":{"self":[{"href":"https:\/\/www.infokuryr.cz\/n\/wp-json\/wp\/v2\/posts\/93998"}],"collection":[{"href":"https:\/\/www.infokuryr.cz\/n\/wp-json\/wp\/v2\/posts"}],"about":[{"href":"https:\/\/www.infokuryr.cz\/n\/wp-json\/wp\/v2\/types\/post"}],"author":[{"embeddable":true,"href":"https:\/\/www.infokuryr.cz\/n\/wp-json\/wp\/v2\/users\/2"}],"replies":[{"embeddable":true,"href":"https:\/\/www.infokuryr.cz\/n\/wp-json\/wp\/v2\/comments?post=93998"}],"version-history":[{"count":0,"href":"https:\/\/www.infokuryr.cz\/n\/wp-json\/wp\/v2\/posts\/93998\/revisions"}],"wp:featuredmedia":[{"embeddable":true,"href":"https:\/\/www.infokuryr.cz\/n\/wp-json\/wp\/v2\/media\/92147"}],"wp:attachment":[{"href":"https:\/\/www.infokuryr.cz\/n\/wp-json\/wp\/v2\/media?parent=93998"}],"wp:term":[{"taxonomy":"category","embeddable":true,"href":"https:\/\/www.infokuryr.cz\/n\/wp-json\/wp\/v2\/categories?post=93998"},{"taxonomy":"post_tag","embeddable":true,"href":"https:\/\/www.infokuryr.cz\/n\/wp-json\/wp\/v2\/tags?post=93998"}],"curies":[{"name":"wp","href":"https:\/\/api.w.org\/{rel}","templated":true}]}}