{"id":93968,"date":"2025-12-06T00:24:18","date_gmt":"2025-12-05T23:24:18","guid":{"rendered":"https:\/\/www.infokuryr.cz\/n\/?p=93968"},"modified":"2025-12-06T06:07:12","modified_gmt":"2025-12-06T05:07:12","slug":"izrael-jednotka-8200-a-globalni-zavislost-na-chytrych-telefonech","status":"publish","type":"post","link":"https:\/\/www.infokuryr.cz\/n\/2025\/12\/06\/izrael-jednotka-8200-a-globalni-zavislost-na-chytrych-telefonech\/","title":{"rendered":"Izrael: Jednotka 8200 a glob\u00e1ln\u00ed z\u00e1vislost na chytr\u00fdch telefonech"},"content":{"rendered":"<div id=\"fb-root\"><\/div>\n<h3 class=\"wp-block-heading\"><span dir=\"auto\">Kolik kontroly m\u00e1me skute\u010dn\u011b v kaps\u00e1ch?<\/span><\/h3>\n<p><span dir=\"auto\">Debata o digit\u00e1ln\u00edm dohledu, zpravodajsk\u00fdch agentur\u00e1ch a technologick\u00fdch z\u00e1vislostech se v posledn\u00edch letech celosv\u011btov\u011b zintenzivnila. Pod drobnohledem se dostal zejm\u00e9na jeden akt\u00e9r, kter\u00fd dlouho p\u016fsobil ve st\u00ednu a nyn\u00ed je pova\u017eov\u00e1n za jednoho z nejmocn\u011bj\u0161\u00edch kybernetick\u00fdch akt\u00e9r\u016f na Zemi:\u00a0<\/span><strong><span dir=\"auto\">Jednotka 8200<\/span><\/strong><span dir=\"auto\">\u00a0, izraelsk\u00e1 jednotka sign\u00e1lov\u00e9ho zpravodajstv\u00ed \u2013 \u010dasto p\u0159irovn\u00e1van\u00e1 k americk\u00e9 NSA.<\/span><\/p>\n<p><span dir=\"auto\">Zat\u00edmco USA otev\u0159en\u011b ospravedl\u0148uj\u00ed svou sledovac\u00ed infrastrukturu jako bezpe\u010dnostn\u00ed n\u00e1stroj, jej\u00ed izraelsk\u00fd prot\u011bj\u0161ek pracuje p\u0159ev\u00e1\u017en\u011b v tajnosti. Jen m\u00e1lo lid\u00ed v\u00ed, jak velk\u00e1, propojen\u00e1 a glob\u00e1ln\u011b vlivn\u00e1 tato organizace ve skute\u010dnosti je.<\/span><\/p>\n<h3 class=\"wp-block-heading\"><strong><span dir=\"auto\">1. Jednotka 8200 \u2013 neviditeln\u00fd nervov\u00fd syst\u00e9m izraelsk\u00e9ho kybernetick\u00e9ho apar\u00e1tu<\/span><\/strong><\/h3>\n<p><span dir=\"auto\">O p\u0159esn\u00e9 velikosti jednotky existuj\u00ed pouze odhady \u2013 \u010dasto se uv\u00e1d\u00ed \u010d\u00edsla\u00a0<\/span><strong><span dir=\"auto\">8 000 a\u017e 10 000 analytik\u016f, technik\u016f a kybernetick\u00fdch specialist\u016f<\/span><\/strong><span dir=\"auto\">\u00a0. Mnoho z nejv\u011bt\u0161\u00edch izraelsk\u00fdch startup\u016f v high-tech sektoru zalo\u017eili b\u00fdval\u00ed \u010dlenov\u00e9 Jednotky 8200. Jejich kontakty sahaj\u00ed hluboko do z\u00e1padn\u00edch zpravodajsk\u00fdch slu\u017eeb, zejm\u00e9na:<\/span><\/p>\n<ul>\n<li><span dir=\"auto\">NSA (USA)<\/span><\/li>\n<li><span dir=\"auto\">GCHQ (Spojen\u00e9 kr\u00e1lovstv\u00ed)<\/span><\/li>\n<li><span dir=\"auto\">BND (N\u011bmecko)<\/span><\/li>\n<li><span dir=\"auto\">Zpravodajsk\u00e9 slu\u017eby n\u011bkolika st\u00e1t\u016f EU<\/span><\/li>\n<li><span dir=\"auto\">Spolupr\u00e1ce se soukrom\u00fdmi technologick\u00fdmi spole\u010dnostmi<\/span><\/li>\n<\/ul>\n<p><span dir=\"auto\">Jednotka je pova\u017eov\u00e1na za vysoce efektivn\u00ed, agresivn\u00ed a glob\u00e1ln\u011b aktivn\u00ed \u2013 za kybernetick\u00e9ho akt\u00e9ra, kter\u00fd nen\u00ed z\u00e1visl\u00fd na geografick\u00fdch hranic\u00edch.<\/span><\/p>\n<p><span dir=\"auto\">Z\u00e1kladna jednotky 8200 na Sinaji (obr\u00e1zek z roku 1970,\u00a0<\/span><a href=\"https:\/\/commons.wikimedia.org\/wiki\/File:Base_of_Unit_8200_in_Sinai_8.jpg\" target=\"_blank\" rel=\"noreferrer noopener\" data-type=\"link\" data-id=\"https:\/\/commons.wikimedia.org\/wiki\/File:Base_of_Unit_8200_in_Sinai_8.jpg\"><span dir=\"auto\">Wikimedia<\/span><\/a><span dir=\"auto\">\u00a0)<\/span><\/p>\n<figure class=\"wp-block-image aligncenter size-large\"><img decoding=\"async\" loading=\"lazy\" class=\"aligncenter\" src=\"https:\/\/upload.wikimedia.org\/wikipedia\/commons\/0\/0c\/Base_of_Unit_8200_in_Sinai_8.jpg?20230501120450\" alt=\"\" width=\"639\" height=\"392\" \/><\/figure>\n<h3 class=\"wp-block-heading\"><strong><span dir=\"auto\">2. Chytr\u00e9 telefony \u2013 perfektn\u00ed n\u00e1stroj pro sledov\u00e1n\u00ed<\/span><\/strong><\/h3>\n<p><span dir=\"auto\">Dlouho p\u0159ed ve\u0159ejnou diskus\u00ed o sledov\u00e1n\u00ed byla z\u00e1kladn\u00ed technick\u00e1 slabina jasn\u00e1:<\/span><br \/>\n<span dir=\"auto\">Modern\u00ed chytr\u00fd telefon je shluk senzor\u016f, permanentn\u011b p\u0159ipojen\u00fd, neust\u00e1le lokalizovateln\u00fd a \u010dasto ne\u0161ifrovan\u00fd hluboko v hardwaru.<\/span><\/p>\n<p><span dir=\"auto\">Existuje tak\u00e9 jeden bod, kter\u00fd je v z\u00e1padn\u00edch m\u00e9di\u00edch sotva zd\u016fraz\u0148ov\u00e1n:<\/span><\/p>\n<p><em><strong><span dir=\"auto\">Izrael vyr\u00e1b\u00ed bezpe\u010dnostn\u00ed a sign\u00e1ln\u011b relevantn\u00ed \u010dipov\u00e9 a r\u00e1diov\u00e9 komponenty pro glob\u00e1ln\u00ed pr\u016fmysl chytr\u00fdch telefon\u016f.<\/span><\/strong><\/em><\/p>\n<p><span dir=\"auto\">Apple, Samsung a dal\u0161\u00ed v\u00fdrobci maj\u00ed dodavatelsk\u00e9 \u0159et\u011bzce, kter\u00e9 mohou proch\u00e1zet p\u0159es Izrael \u2013\u00a0<\/span><strong><span dir=\"auto\">ne nutn\u011b, ale \u010dasto<\/span><\/strong><span dir=\"auto\">\u00a0.<\/span><br \/>\n<span dir=\"auto\">Netanjahuovo prohl\u00e1\u0161en\u00ed, \u017ee\u00a0<\/span><em><span dir=\"auto\">\u201ekousek Izraele je v ka\u017ed\u00e9m mobiln\u00edm telefonu na sv\u011bt\u011b\u201c,<\/span><\/em><span dir=\"auto\">\u00a0proto nen\u00ed nere\u00e1ln\u00e9 \u2013 alespo\u0148 z technick\u00e9ho, ekonomick\u00e9ho a pr\u016fmyslov\u011b-politick\u00e9ho hlediska.<\/span><\/p>\n<h3 class=\"wp-block-heading\"><strong><span dir=\"auto\">3. Nejexplozivn\u011bj\u0161\u00ed obvin\u011bn\u00ed: d\u00e1lkov\u011b aktivovan\u00e1 za\u0159\u00edzen\u00ed v Gaze a Libanonu<\/span><\/strong><\/h3>\n<p><span dir=\"auto\">Mezin\u00e1rodn\u00ed m\u00e9dia informovala o p\u0159\u00edpadech v konfliktn\u00edch z\u00f3n\u00e1ch, kdy\u00a0<\/span><strong><span dir=\"auto\">mobiln\u00ed telefony explodovaly nebo byly \u00famysln\u011b znefunk\u010dn\u011bny.<\/span><\/strong><br \/>\n<span dir=\"auto\">Zda za t\u00edm st\u00e1la zpravodajsk\u00e1 slu\u017eba, nebylo definitivn\u011b prok\u00e1z\u00e1no \u2013 \u0159ada analytik\u016f v\u0161ak pova\u017eovala\u00a0<\/span><strong><span dir=\"auto\">Jednotku 8200 za nejpravd\u011bpodobn\u011bj\u0161\u00ed zdroj operace.<\/span><\/strong><\/p>\n<p><span dir=\"auto\">Technicky p\u0159edstaviteln\u00e9 vektory \u00fatoku by byly:<\/span><\/p>\n<figure class=\"wp-block-table\">\n<table class=\"has-fixed-layout\">\n<thead>\n<tr>\n<th><span dir=\"auto\">metoda<\/span><\/th>\n<th><span dir=\"auto\">princip<\/span><\/th>\n<\/tr>\n<\/thead>\n<tbody>\n<tr>\n<td><strong><span dir=\"auto\">Zmanipulovan\u00fd hardware v dodavatelsk\u00e9m \u0159et\u011bzci<\/span><\/strong><\/td>\n<td><span dir=\"auto\">\u010cipy nebo moduly s funkcemi druh\u00e9 vrstvy<\/span><\/td>\n<\/tr>\n<tr>\n<td><strong><span dir=\"auto\">Identifikace pomoc\u00ed IMEI\/s\u00ed\u0165ov\u00e9ho podpisu<\/span><\/strong><\/td>\n<td><span dir=\"auto\">Ka\u017ed\u00e9 za\u0159\u00edzen\u00ed m\u00e1 jedine\u010dn\u00e9 s\u00e9riov\u00e9 \u010d\u00edslo.<\/span><\/td>\n<\/tr>\n<tr>\n<td><strong><span dir=\"auto\">Vzd\u00e1len\u00e9 p\u0159\u00edkazy p\u0159es procesory z\u00e1kladn\u00edho p\u00e1sma<\/span><\/strong><\/td>\n<td><span dir=\"auto\">\u010c\u00e1st mobiln\u00edho telefonu, kter\u00e1 ovl\u00e1d\u00e1 r\u00e1dio a s\u00ed\u0165<\/span><\/td>\n<\/tr>\n<tr>\n<td><strong><span dir=\"auto\">Softwarov\u00e9 datov\u00e9 zat\u00ed\u017een\u00ed prost\u0159ednictv\u00edm aktualiza\u010dn\u00edho \u0159et\u011bzce<\/span><\/strong><\/td>\n<td><span dir=\"auto\">Firmware, OTA aktualizace, vkl\u00e1d\u00e1n\u00ed aplikac\u00ed<\/span><\/td>\n<\/tr>\n<\/tbody>\n<\/table>\n<\/figure>\n<p><span dir=\"auto\">D\u016fkazy chyb\u00ed \u2013 ale\u00a0<\/span><strong><span dir=\"auto\">mo\u017enost je re\u00e1ln\u00e1<\/span><\/strong><span dir=\"auto\">\u00a0a pr\u00e1v\u011b to je d\u016fvod, pro\u010d je to politicky nal\u00e9hav\u00e9.<\/span><\/p>\n<h3 class=\"wp-block-heading\"><strong><span dir=\"auto\">4. Velk\u00e1 ot\u00e1zka: Pokud byste to dok\u00e1zali \u2013 pro\u010d byste to neud\u011blali?<\/span><\/strong><\/h3>\n<p><span dir=\"auto\">Geopolitick\u00e9 v\u00fdhody by byly obrovsk\u00e9:<\/span><\/p>\n<ul>\n<li><span dir=\"auto\">Ukon\u010dete nep\u0159\u00e1telskou komunikaci<\/span><\/li>\n<li><span dir=\"auto\">Lokalizovat nebo eliminovat c\u00edlov\u00e9 osoby<\/span><\/li>\n<li><span dir=\"auto\">Infiltrace rezisten\u010dn\u00edch bun\u011bk<\/span><\/li>\n<li><span dir=\"auto\">Monitorov\u00e1n\u00ed boji\u0161t\u011b v re\u00e1ln\u00e9m \u010dase<\/span><\/li>\n<li><span dir=\"auto\">Sabot\u00e1\u017e po cel\u00e9m sv\u011bt\u011b \u2013 bez pozemn\u00edch operac\u00ed<\/span><\/li>\n<\/ul>\n<p><span dir=\"auto\">My\u0161lenka je drsn\u00e1, ale logick\u00e1:<\/span><br \/>\n<strong><span dir=\"auto\">Kdokoli dod\u00e1v\u00e1 \u010dipy, m\u00e1 moc. Kdokoli ovl\u00e1d\u00e1 firmware, m\u00e1 kontrolu.<\/span><\/strong><\/p>\n<h3 class=\"wp-block-heading\"><strong><span dir=\"auto\">Z\u00e1v\u011bre\u010dn\u00fd z\u00e1v\u011br<\/span><\/strong><\/h3>\n<p><span dir=\"auto\">Zda Jednotka 8200 skute\u010dn\u011b dok\u00e1\u017ee vyhodit do pov\u011bt\u0159\u00ed chytr\u00e9 telefony, nebo se tak ji\u017e stalo, z\u016fst\u00e1v\u00e1 neprok\u00e1z\u00e1no.<\/span><br \/>\n<span dir=\"auto\">Jedna v\u011bc je ale jist\u00e1:<\/span><\/p>\n<p><strong><span dir=\"auto\">Technicky by to bylo mo\u017en\u00e9.<\/span><br \/>\n<span dir=\"auto\">Politicky by to bylo u\u017eite\u010dn\u00e9.<\/span><br \/>\n<span dir=\"auto\">Zpravodajsk\u00e9 agentury z\u0159\u00eddka pracuj\u00ed pod hranic\u00ed sv\u00e9 maxim\u00e1ln\u00ed kapacity.<\/span><\/strong><\/p>\n<p><span dir=\"auto\">A pr\u00e1v\u011b zde se prohl\u00e1\u0161en\u00ed Benjamina Netanjahua n\u00e1hle st\u00e1v\u00e1 v\u00edce ne\u017e jen symbolick\u00fdm:<\/span><\/p>\n<p><strong><span dir=\"auto\">\u201eV ka\u017ed\u00e9m mobiln\u00edm telefonu na sv\u011bt\u011b je kousek Izraele.\u201c<\/span><\/strong><br \/>\n<span dir=\"auto\">\u2013 Benjamin Netanjahu\u00a0<\/span><em><span dir=\"auto\">(Kontext: technologick\u00e1 dominance a exportn\u00ed s\u00edla)<\/span><\/em><\/p>\n<p><span dir=\"auto\">Pokud je to pravda, kdo tedy doopravdy dr\u017e\u00ed moc nad za\u0159\u00edzen\u00edm ve va\u0161\u00ed kapse?<\/span><\/p>\n<p><strong>\u00davodn\u00ed fotografie:<\/strong> <a href=\"https:\/\/commons.wikimedia.org\/wiki\/File:Sayeret_Matkal_change_of_command_ceremony,_September_2021_II.jpeg\"><span dir=\"auto\">Plukovn\u00edk Y. nahrazuje plukovn\u00edka Y. ve funkci velitele speci\u00e1ln\u00edch sil gener\u00e1ln\u00edho \u0161t\u00e1bu, kter\u00fd tuto pozici zast\u00e1val posledn\u00ed dva a p\u016fl roku, a brzy se ujme sv\u00fdch povinnost\u00ed jako velitel kybernetick\u00fdch \u00fatok\u016f v jednotce 8200. Obr\u00e1zek z Wikimedia.<\/span><\/a><\/p>\n<p><strong><span dir=\"auto\">Zdroje:<\/span><\/strong><\/p>\n<ul>\n<li><a href=\"https:\/\/www.siasat.com\/anyone-who-holds-a-cell-phone-owns-a-piece-of-israel-netanyahu-3271723\/\" target=\"_blank\" rel=\"noreferrer noopener\" data-type=\"link\" data-id=\"https:\/\/www.siasat.com\/anyone-who-holds-a-cell-phone-owns-a-piece-of-israel-netanyahu-3271723\/\"><span dir=\"auto\">Netanjahu: Ka\u017ed\u00fd, kdo vlastn\u00ed mobiln\u00ed telefon, vlastn\u00ed kus Izraele<\/span><\/a><\/li>\n<li><a href=\"https:\/\/www.ndtv.com\/world-news\/unit-8200-israels-secret-intelligence-arm-linked-to-hezbollah-pager-attacks-6599223\" target=\"_blank\" rel=\"noreferrer noopener\" data-type=\"link\" data-id=\"https:\/\/www.ndtv.com\/world-news\/unit-8200-israels-secret-intelligence-arm-linked-to-hezbollah-pager-attacks-6599223\"><span dir=\"auto\">Jednotka 8200: Izraelsk\u00e1 tajn\u00e1 zpravodajsk\u00e1 slu\u017eba spojen\u00e1 s \u00fatoky pager\u016f Hizball\u00e1hu<\/span><\/a><\/li>\n<li><a href=\"https:\/\/www.theguardian.com\/world\/2024\/sep\/18\/hezbollah-pagers-what-do-we-know-about-how-the-attack-happened\" target=\"_blank\" rel=\"noreferrer noopener\" data-type=\"link\" data-id=\"https:\/\/www.theguardian.com\/world\/2024\/sep\/18\/hezbollah-pagers-what-do-we-know-about-how-the-attack-happened\"><span dir=\"auto\">V\u00fdbuchy za\u0159\u00edzen\u00ed Hizball\u00e1hu: Jak explodovaly pagery a vys\u00edla\u010dky a co o \u00fatoc\u00edch v\u00edme?<\/span><\/a><\/li>\n<li><a href=\"https:\/\/en.wikipedia.org\/wiki\/2024_Lebanon_electronic_device_attacks\" target=\"_blank\" rel=\"noreferrer noopener\" data-type=\"link\" data-id=\"https:\/\/en.wikipedia.org\/wiki\/2024_Lebanon_electronic_device_attacks\"><span dir=\"auto\">\u00datoky na elektronick\u00e1 za\u0159\u00edzen\u00ed v Libanonu v roce 2024<\/span><\/a><\/li>\n<li><a href=\"https:\/\/en.wikipedia.org\/wiki\/Sony_Semiconductor_Israel\" target=\"_blank\" rel=\"noreferrer noopener\" data-type=\"link\" data-id=\"https:\/\/en.wikipedia.org\/wiki\/Sony_Semiconductor_Israel\"><span dir=\"auto\">Sony Semiconductor Izrael<\/span><\/a><\/li>\n<li><a href=\"https:\/\/www.intel.com\/content\/www\/us\/en\/corporate-responsibility\/intel-in-israel.html\" target=\"_blank\" rel=\"noreferrer noopener\" data-type=\"link\" data-id=\"https:\/\/www.intel.com\/content\/www\/us\/en\/corporate-responsibility\/intel-in-israel.html\"><span dir=\"auto\">Intel<\/span><\/a><\/li>\n<\/ul>\n<p>&nbsp;<\/p>\n","protected":false},"excerpt":{"rendered":"<p>Kolik kontroly m\u00e1me skute\u010dn\u011b v kaps\u00e1ch? Debata o digit\u00e1ln\u00edm dohledu, zpravodajsk\u00fdch agentur\u00e1ch a technologick\u00fdch z\u00e1vislostech&#8230;<\/p>\n","protected":false},"author":2,"featured_media":93969,"comment_status":"closed","ping_status":"closed","sticky":false,"template":"","format":"standard","meta":[],"categories":[7],"tags":[107,2320,8170,1430],"_links":{"self":[{"href":"https:\/\/www.infokuryr.cz\/n\/wp-json\/wp\/v2\/posts\/93968"}],"collection":[{"href":"https:\/\/www.infokuryr.cz\/n\/wp-json\/wp\/v2\/posts"}],"about":[{"href":"https:\/\/www.infokuryr.cz\/n\/wp-json\/wp\/v2\/types\/post"}],"author":[{"embeddable":true,"href":"https:\/\/www.infokuryr.cz\/n\/wp-json\/wp\/v2\/users\/2"}],"replies":[{"embeddable":true,"href":"https:\/\/www.infokuryr.cz\/n\/wp-json\/wp\/v2\/comments?post=93968"}],"version-history":[{"count":0,"href":"https:\/\/www.infokuryr.cz\/n\/wp-json\/wp\/v2\/posts\/93968\/revisions"}],"wp:featuredmedia":[{"embeddable":true,"href":"https:\/\/www.infokuryr.cz\/n\/wp-json\/wp\/v2\/media\/93969"}],"wp:attachment":[{"href":"https:\/\/www.infokuryr.cz\/n\/wp-json\/wp\/v2\/media?parent=93968"}],"wp:term":[{"taxonomy":"category","embeddable":true,"href":"https:\/\/www.infokuryr.cz\/n\/wp-json\/wp\/v2\/categories?post=93968"},{"taxonomy":"post_tag","embeddable":true,"href":"https:\/\/www.infokuryr.cz\/n\/wp-json\/wp\/v2\/tags?post=93968"}],"curies":[{"name":"wp","href":"https:\/\/api.w.org\/{rel}","templated":true}]}}