{"id":93908,"date":"2025-12-05T05:15:19","date_gmt":"2025-12-05T04:15:19","guid":{"rendered":"https:\/\/www.infokuryr.cz\/n\/?p=93908"},"modified":"2025-12-05T05:15:19","modified_gmt":"2025-12-05T04:15:19","slug":"korupcni-zemetreseni-v-bruselu-ve-stinu-pokusu-evropske-komise-o-loupez-ruskych-aktiv-za-bileho-dne","status":"publish","type":"post","link":"https:\/\/www.infokuryr.cz\/n\/2025\/12\/05\/korupcni-zemetreseni-v-bruselu-ve-stinu-pokusu-evropske-komise-o-loupez-ruskych-aktiv-za-bileho-dne\/","title":{"rendered":"Korup\u010dn\u00ed zem\u011bt\u0159esen\u00ed v Bruselu ve st\u00ednu pokusu Evropsk\u00e9 komise o loupe\u017e rusk\u00fdch aktiv za b\u00edl\u00e9ho dne&#8230;"},"content":{"rendered":"<div id=\"fb-root\"><\/div>\n<h4>Korup\u010dn\u00ed zem\u011bt\u0159esen\u00ed v Bruselu ve st\u00ednu pokusu Evropsk\u00e9 komise o loupe\u017e rusk\u00fdch aktiv za b\u00edl\u00e9ho dne, v jej\u00edm\u017e d\u016fsledku m\u016f\u017ee Belgii hrozit prohra v mamut\u00ed arbitr\u00e1\u017ei a hned pot\u00e9 st\u00e1tn\u00ed bankrot! Belgick\u00fd premi\u00e9r prohl\u00e1sil, \u017ee por\u00e1\u017eka Ruska je poh\u00e1dka a naprost\u00e1 iluze, p\u0159i\u010dem\u017e ani teoretick\u00e1 por\u00e1\u017eka by nebyla \u017e\u00e1douc\u00ed, proto\u017ee by to vedlo k destabilizaci Ruska jako jadern\u00e9 velmoci!<\/h4>\n<p>Evropsk\u00e1 unie se probudila do reality, kterou se l\u00e9ta sna\u017eila lakovat na r\u016f\u017eovo. B\u00fdval\u00e1 \u0161\u00e9fka unijn\u00ed diplomacie Federica Mogherini, dlouholet\u00fd eurofunkcion\u00e1\u0159 Stefano Sannino a vysok\u00fd mana\u017eer College of Europe Cesare Zegretti \u010del\u00ed form\u00e1ln\u00edm obvin\u011bn\u00edm z podvodu p\u0159i ve\u0159ejn\u00fdch zak\u00e1zk\u00e1ch, korupce, st\u0159etu z\u00e1jm\u016f a poru\u0161en\u00ed profesn\u00edho tajemstv\u00ed v kauze Evropsk\u00e9 diplomatick\u00e9 akademie \u2013 projektu v hodnot\u011b zhruba jedn\u00e9 a\u017e dvou miliard korun, financovan\u00e9ho z pen\u011bz evropsk\u00fdch da\u0148ov\u00fdch poplatn\u00edk\u016f.<\/p>\n<p>Plukovnice americk\u00e9ho letectva ve v\u00fdslu\u017eb\u011b a profesorka Karen Kwiatkowski v posledn\u00edm rozhovoru s Rachel Blevins uvedla, \u017ee v\u00e1lka na Ukrajin\u011b byla obrovskou investi\u010dn\u00ed s\u00e1zkou, kterou Evropa prohr\u00e1la, tak\u017ee\u00a0<strong>snaha o prodlou\u017een\u00ed v\u00e1lky na Ukrajin\u011b je motivov\u00e1na snahou EU dos\u00e1hnout n\u011bkter\u00fdch c\u00edl\u016f, kter\u00e9 m\u011bly by dosa\u017eeny v\u00edt\u011bzstv\u00edm ve v\u00e1lce na Ruskem, jin\u00fdmi metodami<\/strong>, i kdy\u017e jejich \u0161ance na \u00fasp\u011bch jsou miziv\u00e9. A s t\u00edm spojen\u00e1 korupce ve \u0161pi\u010dk\u00e1ch EU pouze ukazuje, jak se Ukrajina a jej\u00ed politika p\u0159ekop\u00edrovala do Bruselu.<\/p>\n<p>&nbsp;<\/p>\n<div id=\"rumble_v70es9u\">\n<div id=\"vid_v70es9u\" class=\"rumble_v70es9u-Rumble-cls\" tabindex=\"-1\"><div class='videoWrapper'>\r\n\t            <iframe src='https:\/\/rumble.com\/embed\/pj.v70es9u\/' frameborder='0' allowfullscreen><\/iframe>\r\n\t        <\/div><\/div>\n<\/div>\n<p>Tohle u\u017e nen\u00ed \u201ene\u0161\u0165astn\u00e9 nedorozum\u011bn\u00ed\u201c. Tohle je p\u0159\u00edm\u00fd z\u00e1sah do nervov\u00e9ho centra bruselsk\u00e9 elity \u2013 a z\u00e1rove\u0148 ho\u0159k\u00e1 p\u0159ipom\u00ednka, \u017ee EU, kter\u00e1 roky k\u00e1zala Ukrajin\u011b o boji proti korupci, m\u00e1 dnes vlastn\u00ed skand\u00e1l a\u017e po u\u0161i podobn\u00fd tomu, kter\u00fd explodoval v Kyjev\u011b kolem Tymura Mindi\u010de a obvin\u011bn\u00e9ho \u0161\u00e9fa prezidentsk\u00e9 kancel\u00e1\u0159e Andrije Jermaka.\u00a0<strong>Kolik most\u016f vede mezi korupc\u00ed v Kyjev\u011b a korupc\u00ed v Bruselu?<\/strong>\u00a0\u010c\u00edm d\u00e1l v\u00edc to vypad\u00e1, \u017ee nejde o n\u00e1hodn\u00e9 podobnosti, ale o sd\u00edlen\u00fd\u00a0<em>modus operandi<\/em>\u00a0mocensk\u00fdch elit v EU i na Ukrajin\u011b.<\/p>\n<h3>Korupce v Bruselu: form\u00e1ln\u00ed obvin\u011bn\u00ed, jm\u00e9na, funkce, \u010d\u00e1stky<\/h3>\n<p>To, co p\u0159ed p\u00e1r dny vypadalo \u201e<em>jen<\/em>\u201c jako razie a do\u010dasn\u00e9 zadr\u017een\u00ed, m\u00e1 te\u010f jasn\u011bj\u0161\u00ed obrysy. Evropsk\u00e1 prokuratura (EPPO) a belgick\u00e9 org\u00e1ny form\u00e1ln\u011b obvinily trojici vysoce postaven\u00fdch osob z podvodu a korupce kolem tendru na provoz Evropsk\u00e9 diplomatick\u00e9 akademie \u2013 programu pro v\u00fdcvik mlad\u00fdch diplomat\u016f EU.<\/p>\n<p>Akademii se ob\u010das p\u0159ezd\u00edv\u00e1 Euro-NAPOLA, tedy v odkazu na presti\u017en\u00ed nacistick\u00e9 akademie Napola z\u0159izovan\u00e9 ve spolupr\u00e1ci NSDAP a Himmlerov\u00fdch jednotek SS v dob\u00e1ch III. \u0158\u00ed\u0161e. Tato akademie v Brugg\u00e1ch plod\u00ed eurobyrokraty pln\u011b oddan\u00e9 bruselsk\u00e9mu apar\u00e1tu. A pr\u00e1v\u011b okolo t\u00e9to akademie byla rozkryta obrovsk\u00e1 korupce.<\/p>\n<p><strong>Obvin\u011bni jsou:<\/strong><\/p>\n<ul>\n<li><strong>Federica Mogherini<\/strong>\u00a0\u2013 b\u00fdval\u00e1 vysok\u00e1 p\u0159edstavitelka EU pro zahrani\u010dn\u00ed a bezpe\u010dnostn\u00ed politiku, dnes rektorka College of Europe v Brugg\u00e1ch; podle vy\u0161et\u0159ovatel\u016f m\u011bla z\u00e1sadn\u00ed vliv na to, \u017ee jej\u00ed vlastn\u00ed instituce z\u00edskala lukrativn\u00ed kontrakt na provoz akademie.<\/li>\n<li><strong>Stefano Sannino<\/strong>\u00a0\u2013 dlouholet\u00fd vysok\u00fd \u00fa\u0159edn\u00edk EU a kl\u00ed\u010dov\u00e1 postava unijn\u00ed diplomacie; spojovan\u00fd s p\u0159\u00edpravou a dohledem nad projekty, v jejich\u017e r\u00e1mci se tender rodil, a s rozhodovac\u00edmi procesy uvnit\u0159 unijn\u00ed ma\u0161inerie.<\/li>\n<li><strong>Cesare Zegretti<\/strong>\u00a0\u2013 spolu\u0159editel exekutivn\u00edho vzd\u011bl\u00e1vac\u00edho a projektov\u00e9ho odd\u011blen\u00ed College of Europe, zodpov\u011bdn\u00fd za praktickou realizaci projekt\u016f, smluv a finan\u010dn\u00edch tok\u016f souvisej\u00edc\u00edch s akademi\u00ed.<\/li>\n<\/ul>\n<p>Vy\u0161et\u0159ovatel\u00e9 popisuj\u00ed sch\u00e9ma, ve kter\u00e9m m\u011bla b\u00fdt pravidla sout\u011b\u017ee a krit\u00e9ria tendru nastavena a \u201e<em>vyklon\u011bna<\/em>\u201c tak, aby prakticky p\u0159edem zajistila v\u00edt\u011bzstv\u00ed College of Europe \u2013 instituce, v jej\u00edm\u017e \u010dele stoj\u00ed pr\u00e1v\u011b Mogherini. Zak\u00e1zka v hodnot\u011b p\u0159ibli\u017en\u011b 1,5 milionu eur byla podle podez\u0159en\u00ed dota\u017eena tak, \u017ee konkurence de facto nem\u011bla \u0161anci.<\/p>\n<p>Policie provedla koordinovan\u00e9 razie v s\u00eddle Evropsk\u00e9 slu\u017eby pro vn\u011bj\u0161\u00ed \u010dinnost (EEAS) v Bruselu, v kampusu College of Europe i v soukrom\u00fdch rezidenc\u00edch obvin\u011bn\u00fdch. Zabavila dokumenty, elektronickou komunikaci a dopisy, kter\u00e9 maj\u00ed ukazovat na to, \u017ee \u010d\u00e1st informac\u00ed o tendru unikla p\u0159edem \u201espr\u00e1vn\u00fdm\u201c lidem.<\/p>\n<p>V\u0161ichni t\u0159i byli po v\u00fdslechu propu\u0161t\u011bni, ale z\u016fst\u00e1vaj\u00ed form\u00e1ln\u011b obvin\u011bn\u00fdmi a hroz\u00ed jim trestn\u00ed st\u00edh\u00e1n\u00ed za podvod s unijn\u00edmi prost\u0159edky, korupci, st\u0159et z\u00e1jm\u016f a poru\u0161en\u00ed pravidel profesion\u00e1ln\u00ed ml\u010denlivosti. Evropsk\u00e1 m\u00e9dia u\u017e mluv\u00ed o \u201enejv\u011bt\u0161\u00edm korup\u010dn\u00edm skand\u00e1lu v EU za posledn\u00ed desetilet\u00ed\u201c, kter\u00fd m\u016f\u017ee p\u0159er\u016fst v institucion\u00e1ln\u00ed krizi cel\u00e9 Komise pod veden\u00edm Ursuly von der Leyen.<\/p>\n<h3>Jak fungovalo sch\u00e9ma: \u201eevropsk\u00fd zp\u016fsob\u201c korupce<\/h3>\n<p>Na pap\u00ed\u0159e vypad\u00e1 v\u0161echno vzorn\u011b. Evropsk\u00e1 diplomatick\u00e1 akademie m\u00e1 \u201ebudovat spole\u010dnou evropskou diplomatickou kulturu\u201c, tr\u00e9novat mlad\u00e9 diplomaty z \u010dlensk\u00fdch st\u00e1t\u016f a posilovat jednotu EU navenek. Kdo by proti tomu mohl n\u011bco m\u00edt?<\/p>\n<p>Jen\u017ee za l\u00edbiv\u00fdmi slogany se podle vy\u0161et\u0159ovatel\u016f skr\u00fdvala docela oby\u010dejn\u00e1 k\u0161efta\u0159ina:<\/p>\n<ul>\n<li>zak\u00e1zka byla nastavena tak, aby nejl\u00e9pe \u201epasovala\u201c na konkr\u00e9tn\u00ed instituci,<\/li>\n<li>\u010d\u00e1st informac\u00ed o hodnot\u00edc\u00edch krit\u00e9ri\u00edch se m\u011bla dostat p\u0159edem k vybran\u00fdm adres\u00e1t\u016fm,<\/li>\n<li>ti pak p\u0159ipravili nab\u00eddku, kter\u00e1 p\u0159esn\u011b odpov\u00eddala tomu, co bude komise hledat,<\/li>\n<li>a lid\u00e9 s p\u0159\u00edm\u00fdm nebo nep\u0159\u00edm\u00fdm vlivem na rozhodov\u00e1n\u00ed sed\u011bli z\u00e1rove\u0148 na stran\u011b zadavatele i p\u0159\u00edjemce.<\/li>\n<\/ul>\n<p>Jin\u00fdmi slovy \u2013 n\u011bco, co zn\u00e1me z \u010desk\u00fdch p\u0159edra\u017een\u00fdch IT zak\u00e1zek, jen v bruselsk\u00e9m proveden\u00ed, s anglick\u00fdmi term\u00edny a excelentn\u00edm PR.<\/p>\n<p><strong>Evropsk\u00e1 prokuratura mluv\u00ed o\u00a0<em>\u201esiln\u00e9m podez\u0159en\u00ed na manipulaci s pravidly tendru, poru\u0161en\u00ed rovn\u00e9ho p\u0159\u00edstupu uchaze\u010d\u016f a zneu\u017eit\u00ed informac\u00ed z prost\u0159ed\u00ed EU instituc\u00ed ve prosp\u011bch konkr\u00e9tn\u00edho p\u0159\u00edjemce\u201c<\/em>.<\/strong>\u00a0A\u0165 to zn\u00ed jakkoli technicky, p\u0159eklad do\u00a0<em>lid\u0161tiny<\/em>\u00a0je jednoduch\u00fd: n\u011bkdo m\u011bl p\u0159\u00edstup k informac\u00edm a moci, kter\u00e9 vyu\u017eil k tomu, aby zajistil, \u017ee pen\u00edze skon\u010d\u00ed u \u201e<em>na\u0161ich<\/em>\u201c lid\u00ed.<\/p>\n<p>Evropsk\u00e1 unie tu nar\u00e1\u017e\u00ed na sv\u016fj nejv\u011bt\u0161\u00ed paradox: navenek k\u00e1\u017ee o \u201e<em>rule of law<\/em>\u201c, transparentnosti a boji proti korupci, ale uvnit\u0159 jej\u00edch vlastn\u00edch struktur se mezit\u00edm odehr\u00e1v\u00e1 sc\u00e9n\u00e1\u0159, za kter\u00fd by se nemusela styd\u011bt ani kter\u00e9koliv postsov\u011btsk\u00e1 republika v 90. letech.<\/p>\n<h3>Bruselsk\u00fd p\u0159\u00edpad: \u201eelitn\u00ed diplomacie\u201c jako kryt\u00ed pro tunel diplomatick\u00e9 akademie, kter\u00e1 vyr\u00e1b\u00ed elitn\u00ed byrokraty<\/h3>\n<p>Projekt Evropsk\u00e9 diplomatick\u00e9 akademie m\u00e1 b\u00fdt v\u00fdkladn\u00ed sk\u0159\u00edn\u00ed unijn\u00ed diplomacie. Dev\u00edtim\u011bs\u00ed\u010dn\u00ed program pro juniory, st\u00e1\u017ee, semin\u00e1\u0159e, simulace vyjedn\u00e1v\u00e1n\u00ed \u2013 v\u0161echno placen\u00e9 z rozpo\u010dtu EU. Na pap\u00ed\u0159e excelentn\u00ed kombinace vzd\u011bl\u00e1v\u00e1n\u00ed a presti\u017ee. V praxi v\u0161ak podle vy\u0161et\u0159ovatel\u016f i m\u00e9di\u00ed existuje v\u00e1\u017en\u00e9 podez\u0159en\u00ed, \u017ee se z akademie stal z\u00e1rove\u0148 sofistikovan\u00fd n\u00e1stroj, jak p\u0159esm\u011brovat evropsk\u00e9 pen\u00edze do jedn\u00e9 konkr\u00e9tn\u00ed kapsy.<\/p>\n<p>Tendru se sice form\u00e1ln\u011b mohly \u00fa\u010dastnit r\u016fzn\u00e9 instituce, ale podm\u00ednky byly nastaveny tak, \u017ee\u00a0<em>College of Europe<\/em>\u00a0m\u011bla z\u0159eteln\u00fd n\u00e1skok. P\u0159itom pr\u00e1v\u011b zde sed\u00ed v \u010dele osoba, kter\u00e1 d\u0159\u00edve vedla unijn\u00ed diplomacii a m\u011bla dokonal\u00fd p\u0159ehled o tom, jak se podobn\u00e9 programy p\u0159ipravuj\u00ed, schvaluj\u00ed a financuj\u00ed.<\/p>\n<figure id=\"attachment_65597\" class=\"wp-caption aligncenter\" style=\"width: 700px;\"><a href=\"https:\/\/aeronet.news\/wp-content\/uploads\/EuropeCollegeBrugesFeat.jpg\"><img decoding=\"async\" loading=\"lazy\" class=\"wp-image-65597 \" src=\"https:\/\/aeronet.news\/wp-content\/uploads\/EuropeCollegeBrugesFeat-1024x761.jpg\" sizes=\"(max-width: 700px) 100vw, 700px\" srcset=\"https:\/\/aeronet.news\/wp-content\/uploads\/EuropeCollegeBrugesFeat-1024x761.jpg 1024w, https:\/\/aeronet.news\/wp-content\/uploads\/EuropeCollegeBrugesFeat-300x223.jpg 300w, https:\/\/aeronet.news\/wp-content\/uploads\/EuropeCollegeBrugesFeat-768x571.jpg 768w, https:\/\/aeronet.news\/wp-content\/uploads\/EuropeCollegeBrugesFeat-700x520.jpg 700w, https:\/\/aeronet.news\/wp-content\/uploads\/EuropeCollegeBrugesFeat-481x357.jpg 481w, https:\/\/aeronet.news\/wp-content\/uploads\/EuropeCollegeBrugesFeat-650x483.jpg 650w, https:\/\/aeronet.news\/wp-content\/uploads\/EuropeCollegeBrugesFeat.jpg 1280w\" alt=\"\" width=\"700\" height=\"520\" \/><\/a><figcaption class=\"wp-caption-text\">Kampus \u0161koly College of Europe v Brug\u00e1ch<\/figcaption><\/figure>\n<p>Reakce z Bruselu jsou trapn\u011b p\u0159edv\u00eddateln\u00e9: v\u0161ichni \u201e<em>d\u016fv\u011b\u0159uj\u00ed ve spravedliv\u00fd proces<\/em>\u201c, v\u0161ichni \u201e<em>spolupracuj\u00ed s vy\u0161et\u0159ovateli<\/em>\u201c a v\u0161ichni p\u0159ipom\u00ednaj\u00ed \u201e<em>presumpci neviny<\/em>\u201c. To v\u0161e samoz\u0159ejm\u011b plat\u00ed. Ale pro ve\u0159ejnost je kl\u00ed\u010dov\u00e1 jin\u00e1 v\u011bc:\u00a0<strong>Evropsk\u00e1 diplomacie u\u017e nevypad\u00e1 jako elitn\u00ed klub profesion\u00e1l\u016f, ale jako uzav\u0159en\u00fd syst\u00e9m, kde se zak\u00e1zky d\u011bl\u00ed mezi \u201ena\u0161e\u201c \u2013 a kde se pen\u00edze EU pou\u017e\u00edvaj\u00ed jako tich\u00e9 odm\u011bny pro loaj\u00e1ln\u00ed hr\u00e1\u010de.<\/strong><\/p>\n<p>A to ve chv\u00edli, kdy \u0161\u00e9fka komise Ursula von der Leyen chce ukr\u00e1st Rusku zmrazen\u00e1 aktiva a Belgie konfiskaci zaryt\u011b odporuje, proto\u017ee v\u00ed, \u017ee by u arbitr\u00e1\u017en\u00edho soudu, kam by Rusko najisto Belgii pohnalo, by Brusel prost\u011b prohr\u00e1l, a to by znamenalo pro Belgii st\u00e1tn\u00ed bankrot. A v tuto chv\u00edli praskne na Evropskou unii korupce.<\/p>\n<h3>Ukrajinsk\u00e1 paralela: Mindi\u010d a Jermak \u2013 sch\u00e9ma, kter\u00e9 Evropa zn\u00e1 a\u017e moc dob\u0159e<\/h3>\n<p>Zat\u00edmco v Bruselu se h\u00e1daj\u00ed, kdo co v\u011bd\u011bl o tendru na diplomatickou akademii, v Kyjev\u011b u\u017e t\u00fddny b\u011b\u017e\u00ed jin\u00fd, ale a\u017e bolestn\u011b podobn\u00fd p\u0159\u00edb\u011bh. Oligarcha Tymur Mindi\u010d, popisovan\u00fd jako vlivn\u00fd z\u00e1kulisn\u00ed hr\u00e1\u010d a mu\u017e s kontakty hluboko ve st\u00e1tn\u00edm apar\u00e1tu, je spojov\u00e1n s rozs\u00e1hl\u00fdmi korup\u010dn\u00edmi operacemi v energetick\u00e9m sektoru. \u010c\u00e1st ukrajinsk\u00fdch m\u00e9di\u00ed ho l\u00ed\u010d\u00ed jako \u010dlov\u011bka, kter\u00fd tahal za nitky tam, kde se rozhodovalo o velk\u00fdch pen\u011bz\u00edch, plynu a elekt\u0159in\u011b.<\/p>\n<p>Do skand\u00e1lu je zata\u017een i \u0161\u00e9f prezidentsk\u00e9 kancel\u00e1\u0159e Andrij Jermak \u2013 mu\u017e, kter\u00fd se na Z\u00e1pad\u011b prezentoval jako hlavn\u00ed architekt ukrajinsk\u00e9 diplomacie, kl\u00ed\u010dov\u00fd koordin\u00e1tor pomoci a \u201e<em>nestrann\u00fd<\/em>\u201c spr\u00e1vce vlivu kolem prezidenta. Vy\u0161et\u0159ovac\u00ed materi\u00e1ly a \u00faniky z m\u00e9di\u00ed nazna\u010duj\u00ed, \u017ee kolem Jermakova okruhu mohla fungovat organizovan\u00e1 struktura vyu\u017e\u00edvaj\u00edc\u00ed st\u00e1tn\u00ed zak\u00e1zky, osobn\u00ed vazby a politick\u00fd tlak k obohacov\u00e1n\u00ed \u201e<em>spr\u00e1vn\u00fdch<\/em>\u201c lid\u00ed.\u00a0A te\u010f p\u0159ich\u00e1z\u00ed to nejd\u016fle\u017eit\u011bj\u0161\u00ed:\u00a0<strong>Z\u00e1pad \u2013 v\u010detn\u011b EU \u2013 tyto lidi roky legitimizoval jako partnery a tv\u00e1\u0159e \u201ereformn\u00ed Ukrajiny\u201c.\u00a0<\/strong>A rezignace Mogheriniov\u00e9 z pozice rektorky univerzity v Brugg\u00e1ch to nesprav\u00ed.<\/p>\n<div class=\"twitter-tweet twitter-tweet-rendered\"><a href=\"https:\/\/x.com\/Euractiv\/status\/1996555735317303774?ref_src=twsrc%5Etfw%7Ctwcamp%5Etweetembed%7Ctwterm%5E1996555735317303774%7Ctwgr%5E5d695fcff24899ffab812b5b1a069e6016ffac36%7Ctwcon%5Es1_&amp;ref_url=https%3A%2F%2Faeronet.news%2Fkorupcni-zemetreseni-v-bruselu-ve-stinu-pokusu-evropske-komise-o-loupez-ruskych-aktiv-za-bileho-dne-v-jejimz-dusledku-muze-belgii-hrozit-prohra-v-mamuti-arbitrazi-a-hned-pote-statni-bankrot%2F\"><img decoding=\"async\" loading=\"lazy\" class=\"wp-image-93910 aligncenter\" src=\"http:\/\/www.infokuryr.cz\/n\/wp-content\/uploads\/2025\/12\/x1-2-277x300.jpg\" alt=\"\" width=\"564\" height=\"611\" srcset=\"https:\/\/www.infokuryr.cz\/n\/wp-content\/uploads\/2025\/12\/x1-2-277x300.jpg 277w, https:\/\/www.infokuryr.cz\/n\/wp-content\/uploads\/2025\/12\/x1-2.jpg 675w\" sizes=\"(max-width: 564px) 100vw, 564px\" \/><\/a><\/div>\n<p>Ukrajinsk\u00e9 elity se v Bruselu tv\u00e1\u0159ily jako horliv\u00ed bojovn\u00edci s korupc\u00ed, zat\u00edmco doma b\u011b\u017eely praktiky, kter\u00e9 vypadaj\u00ed jako u\u010debnicov\u00fd p\u0159\u00edklad oligarchick\u00e9ho st\u00e1tu. A dokonce i vlajky Ukrajiny a EU jsou toto\u017en\u00e9 \u2013 kombinace dvou barev, modr\u00e9 a \u017elut\u00e9, tedy barvy Domu Rothschild. Jenom abyste v\u011bd\u011bli, jak se ur\u010duj\u00ed barvy vlajek v dne\u0161n\u00ed nacistick\u00e9 Evrop\u011b. A te\u010f, kdy\u017e se za\u010d\u00ednaj\u00ed rozpl\u00e9tat skand\u00e1ly v Kyjev\u011b i v Bruselu, vyplouv\u00e1 ho\u0159k\u00e1 pointa: struktur\u00e1ln\u00ed probl\u00e9my jsou p\u0159ekvapiv\u011b podobn\u00e9.<\/p>\n<h3>Ironie d\u011bjin: EU cht\u011bla \u201el\u00e9\u010dit\u201c korupci Ukrajiny. M\u00edsto toho se j\u00ed za\u010dala podobat<\/h3>\n<p>Evropsk\u00e1 komise a Evropsk\u00fd parlament roky kritizovaly Ukrajinu za korupci. \u010casto opr\u00e1vn\u011bn\u011b. Ukrajina m\u011bla \u2013 a st\u00e1le m\u00e1 \u2013 obrovsk\u00fd probl\u00e9m s oligarchy, klientelismem a tunelov\u00e1n\u00edm st\u00e1tu. Jen\u017ee dnes, po razi\u00edch v College of Europe a na EEAS a po form\u00e1ln\u00edm obvin\u011bn\u00ed \u0161pi\u010dek unijn\u00edho apar\u00e1tu, vznik\u00e1 jedovat\u00e1 paralela:<\/p>\n<ul>\n<li><strong>V Kyjev\u011b<\/strong>\u00a0\u2013 energetick\u00e9 zak\u00e1zky, provize, oligarchick\u00e9 struktury a zneu\u017e\u00edv\u00e1n\u00ed st\u00e1tu k soukrom\u00e9mu obohacen\u00ed.<\/li>\n<li><strong>V Bruselu<\/strong>\u00a0\u2013 \u201eakademick\u00e9\u201c projekty, sofistikovan\u00e9 grantov\u00e9 mechanismy a unikl\u00e9 informace, d\u00edky nim\u017e se evropsk\u00e9 pen\u00edze p\u0159esm\u011brov\u00e1vaj\u00ed do rukou sp\u0159\u00edzn\u011bn\u00fdch instituc\u00ed a jednotlivc\u016f.<\/li>\n<\/ul>\n<p>Rozd\u00edl je hlavn\u011b v estetice. V Kyjev\u011b je to drsn\u00e9, viditeln\u00e9 a n\u011bkdy a\u017e primitivn\u00ed. V Bruselu se to d\u011bje v perfektn\u00edch oblec\u00edch, v klimatizovan\u00fdch zaseda\u010dk\u00e1ch a za doprovodu kv\u011btnat\u00fdch projev\u016f o hodnot\u00e1ch, demokracii a \u201eevropsk\u00e9m zp\u016fsobu \u017eivota\u201c.<\/p>\n<p><strong>Je to, jako kdyby mezi EU a Ukrajinou existovala neviditeln\u00e1 osov\u00e1 linie:<\/strong><\/p>\n<ul>\n<li>Na jednom konci \u2013 oligarchov\u00e9, kte\u0159\u00ed ovl\u00e1daj\u00ed st\u00e1t p\u0159es prost\u0159edn\u00edky a \u201enepostradateln\u00e9\u201c poradce.<\/li>\n<li>Na druh\u00e9m \u2013 eurobyrokrati, kte\u0159\u00ed ovl\u00e1daj\u00ed proud pen\u011bz p\u0159es tendry, granty a projekty \u0161it\u00e9 na m\u00edru \u201espr\u00e1vn\u00fdm\u201c instituc\u00edm.<\/li>\n<\/ul>\n<p>Ukrajina bojuje o p\u0159e\u017eit\u00ed a nutn\u011b pot\u0159ebuje zm\u011bnu. EU se roky tv\u00e1\u0159ila, \u017ee je \u201ehotov\u00e1\u201c, \u201estabiln\u00ed\u201c a \u201emor\u00e1ln\u011b nad\u0159azen\u00e1\u201c. Dne\u0161n\u00ed skand\u00e1l tuto iluzi roztrhl.<\/p>\n<h3>Mezi Bruselem a Kyjevem se set\u0159ely v\u0161echny d\u011bl\u00edc\u00ed hranice a m\u00e1me p\u0159ed o\u010dima korup\u010dn\u00ed synt\u00e9zu euronacismu a banderismu<\/h3>\n<p>Ukazuje se, \u017ee na\u0161e tvrzen\u00ed na Aeronetu o tzv. ukrajinizaci Evropsk\u00e9 unie do\u0161lo sv\u00e9ho potvrzen\u00ed p\u0159\u00edmo z Bruselu, kde te\u010f vid\u00edme ty sam\u00e9 korup\u010dn\u00ed kauzy jako v Kyjev\u011b. V ni\u010dem se neli\u0161\u00ed ani procesy \u0159\u00edzen\u00ed. Brusel i Kyjev \u0159vou stejn\u011b proti Rusku, ob\u011b centra sd\u00edl\u00ed protiruskou propagandu, ob\u011b centra cht\u011bj\u00ed vz\u00e1jemn\u00e9 spojen\u00ed pomoci p\u0159istoupen\u00ed Ukrajiny do EU, a sou\u010dasn\u011b ob\u011b mocensk\u00e1 centra jsou prostoupena nacifikac\u00ed a spole\u010dn\u011b s n\u00ed i korupc\u00ed. To je prost\u011b realita. Lze proto velmi snadno z toho vyvodit celkem 4 post\u0159ehy a zji\u0161t\u011bn\u00ed:<\/p>\n<h3>Prvn\u00ed zji\u0161t\u011bn\u00ed:<\/h3>\n<p><strong>Brusel nen\u00ed mor\u00e1ln\u011b nad\u0159azen\u00fd Kyjevu.<\/strong>\u00a0Ob\u011b centra moci podl\u00e9haj\u00ed stejn\u00e9 nemoci: klientelismus, pocit nedotknutelnosti elit, tlak z\u00e1kulisn\u00edch hr\u00e1\u010d\u016f a ochota oh\u00fdbat pravidla, kdykoli je to pro \u201e<em>dobrou v\u011bc<\/em>\u201c \u2013 nebo sp\u00ed\u0161 pro dobr\u00fd vlastn\u00ed \u00fa\u010det. Pro\u00a0<em>dobrou v\u011bc<\/em>\u00a0se maj\u00ed ukr\u00e1st rusk\u00e1 aktiva, pro\u00a0<em>dobrou v\u011bc<\/em>\u00a0se u\u0161ij\u00ed v\u00fdb\u011brov\u00e1 \u0159\u00edzen\u00ed na m\u00edru vybran\u00e9mu dodavateli.<\/p>\n<h3>Druh\u00e9 zji\u0161t\u011bn\u00ed:<\/h3>\n<p><strong>Z\u00e1padn\u00ed podpora Ukrajin\u011b se opakovan\u011b op\u00edr\u00e1 o struktury, kter\u00e9 nejsou d\u016fv\u011bryhodn\u00e9.<\/strong>\u00a0Jestli\u017ee jsou mezi kl\u00ed\u010dov\u00fdmi hr\u00e1\u010di lid\u00e9 typu Mindi\u010de a Jermaka, je na m\u00edst\u011b tvrd\u00e1 ot\u00e1zka: kolik z miliardov\u00e9 pomoci opravdu skon\u010dilo tam, kde m\u011blo, a kolik z toho se rozplynulo v s\u00edt\u00edch politick\u00e9ho byznysu?<\/p>\n<h3>T\u0159et\u00ed zji\u0161t\u011bn\u00ed:<\/h3>\n<p><strong>EU riskuje, \u017ee se stane ob\u011bt\u00ed vlastn\u00ed p\u00fdchy.<\/strong>\u00a0Tvrdila, \u017ee \u201e<em>p\u0159etv\u00e1\u0159\u00ed Ukrajinu k obrazu sv\u00e9mu<\/em>\u201c \u2013 a mezit\u00edm se ukazuje, \u017ee se jej\u00ed vlastn\u00ed instituce za\u010d\u00ednaj\u00ed n\u00e1padn\u011b podobat pr\u00e1v\u011b Ukrajin\u011b a t\u011bm probl\u00e9m\u016fm, kter\u00e9 cht\u011bla na Ukrajin\u011b \u201e<em>l\u00e9\u010dit<\/em>\u201c. Jak v\u00e1\u017en\u011b potom maj\u00ed ob\u010dan\u00e9 br\u00e1t mor\u00e1ln\u00ed k\u00e1z\u00e1n\u00ed z Bruselu? V\u017edy\u0165 je to te\u010f jasn\u00e9 i tomu, komu to dosud jasn\u00e9, z d\u016fvodu konceptu\u00e1ln\u00ed slepoty, nebylo \u2013 \u0161pi\u010dky EU jsou stejn\u011b zkorumpovan\u00e9 jako \u0161pi\u010dky ukrajinsk\u00e9 junty.<\/p>\n<h3>\u010ctvrt\u00e9 zji\u0161t\u011bn\u00ed:<\/h3>\n<p><strong>Pro Kreml je tohle dar z nebes.<\/strong>\u00a0Kreml nemus\u00ed nic slo\u017eit\u011b vym\u00fd\u0161let \u2013 sta\u010d\u00ed uk\u00e1zat na bruselsk\u00e9 a kyjevsk\u00e9 skand\u00e1ly a cynicky se pt\u00e1t: \u201e<em>Tohle jsou ti, kte\u0159\u00ed n\u00e1m d\u00e1vaj\u00ed lekce o korupci a pr\u00e1vn\u00edm st\u00e1t\u011b?<\/em>\u201c A je jasn\u00e9, \u017ee te\u010f bude m\u00edt Brusel obrovsk\u00fd probl\u00e9m p\u0159esv\u011bd\u010dit i sv\u00e9 vlastn\u00ed podporovatele, \u017ee je Evropsk\u00e1 komise t\u00edm org\u00e1nem, kter\u00fd by m\u011bl ukazovat sm\u011br a v\u00fdvoj Evropy ke sv\u011btl\u00fdm z\u00edt\u0159k\u016fm, proto\u017ee te\u010f to sp\u00ed\u0161 vypad\u00e1, \u017ee je to sm\u011br na v\u00fdchod do Kyjeva. A to rozhodn\u011b nen\u00ed sm\u011br, kter\u00fd by n\u011bkdo zam\u011bnil za c\u00edlovou destinaci pro sv\u011btl\u00fd z\u00edt\u0159ek a etalon toho, jak by m\u011bla vypadat cel\u00e1 Evropa.<\/p>\n<h3>Ve st\u00ednu korup\u010dn\u00edho skand\u00e1lu se Evropsk\u00e1 komise sna\u017e\u00ed o konfiskaci rusk\u00fdch aktiv a premi\u00e9r Belgie varuje p\u0159ed hrozbou st\u00e1tn\u00edho bankrotu<\/h3>\n<p>Ukrajina m\u00e1 v\u00e1lku a z\u00e1rove\u0148 nejv\u011bt\u0161\u00ed korup\u010dn\u00ed skand\u00e1ly za posledn\u00ed roky, sahaj\u00edc\u00ed a\u017e k nejbli\u017e\u0161\u00edmu okol\u00ed dnes ji\u017e fakticky b\u00fdval\u00e9ho prezidenta. Evropsk\u00e1 unie m\u00e1 migra\u010dn\u00ed, ekonomickou a geopolitickou krizi \u2013 a k tomu \u010derstv\u00fd skand\u00e1l v samotn\u00e9m srdci sv\u00e9 diplomacie. V\u00fdsledek?<\/p>\n<p>Reform\u00e1to\u0159i nejsou reform\u00e1to\u0159i, \u201evzorn\u00e9\u201c instituce nejsou tak vzorn\u00e9 a EU najednou nem\u00e1 pevnou mor\u00e1ln\u00ed p\u016fdu, ze kter\u00e9 by mohla Ukrajin\u011b mentorovat boj proti korupci, ani\u017e by riskovala, \u017ee se j\u00ed n\u011bkdo vysm\u011bje. Kyjev m\u016f\u017ee \u2013 a mus\u00ed \u2013 argumentovat: \u201e<em>Ano, m\u00e1me probl\u00e9m, ale na\u0161e protikorup\u010dn\u00ed slo\u017eky zasahuj\u00ed i b\u011bhem v\u00e1lky<\/em>.\u201c<\/p>\n<p>&nbsp;<\/p>\n<div id=\"rumble_v6yqggu\">\n<div id=\"vid_v6yqggu\" class=\"rumble_v6yqggu-Rumble-cls\" tabindex=\"-1\">\n<div><div class='videoWrapper'>\r\n\t            <iframe src='https:\/\/rumble.com\/embed\/pj.v6yqggu\/' frameborder='0' allowfullscreen><\/iframe>\r\n\t        <\/div><\/div>\n<\/div>\n<\/div>\n<p>&nbsp;<\/p>\n<p>Brusel naproti tomu vys\u00edl\u00e1 sign\u00e1l, \u017ee o vlastn\u00edch probl\u00e9mech se mluv\u00ed jen tehdy, kdy\u017e je odhal\u00ed novin\u00e1\u0159i, audito\u0159i nebo prokuratura \u2013 a i pak se v\u0161e bal\u00ed do uklid\u0148uj\u00edc\u00edch fr\u00e1z\u00ed o \u201e<em>v\u00fdjime\u010dn\u00fdch selh\u00e1n\u00edch<\/em>\u201c. A snaha o konfiskaci rusk\u00fdch zmrazen\u00fdch aktiv pouze ukazuje, \u017ee EU se transformovala na mafi\u00e1nsk\u00fd spolek.\u00a0<strong>Belgick\u00fd premi\u00e9r Bart De Wever v pond\u011bl\u00ed na konferenci v Bozaru varoval [<a href=\"https:\/\/href.li\/?https:\/\/www.lalibre.be\/belgique\/politique-belge\/2025\/12\/02\/bart-de-wever-dans-la-crise-politique-autour-du-budget-le-roi-ma-aide-5KDD7VZ5YBFRPBDS3GMGGTOOME\/\" target=\"_blank\" rel=\"nofollow noopener\">1<\/a>], \u017ee pokud EU schv\u00e1l\u00ed konfiskaci rusk\u00fdch aktiv, m\u016f\u017ee to v\u00e9st ke st\u00e1tn\u00edmu bankrotu Belgie.<\/strong>\u00a0Wever uvedl toto:<\/p>\n<p>Tlak v t\u00e9to v\u011bci je neuv\u011b\u0159iteln\u00fd. M\u00e1m t\u00fdm, kter\u00fd na tom pracuje dnem i noc\u00ed. Byla by to kr\u00e1sn\u00e1 historie: vz\u00edt pen\u00edze zl\u00e9mu Putinovi a d\u00e1t je hodn\u00e9 Ukrajin\u011b. Ale ukr\u00e1st zmrazen\u00e9 aktiva jin\u00e9 zem\u011b, jej\u00ed st\u00e1tn\u00ed fondy, to se je\u0161t\u011b nikdy nestalo. Jedn\u00e1 se o pen\u00edze rusk\u00e9 centr\u00e1ln\u00ed banky. Ani b\u011bhem druh\u00e9 sv\u011btov\u00e9 v\u00e1lky nebyly pen\u00edze N\u011bmecka zabaveny.<\/p>\n<p>B\u011bhem v\u00e1lky se st\u00e1tn\u00ed aktiva zmraz\u00ed. A na konci v\u00e1lky mus\u00ed pora\u017een\u00fd st\u00e1t odevzdat v\u0161echny nebo \u010d\u00e1st t\u011bchto aktiv, aby od\u0161kodnil v\u00edt\u011bze. Ale kdo opravdu v\u011b\u0159\u00ed, \u017ee Rusko na Ukrajin\u011b prohraje? To je bajka, naprost\u00e1 iluze. Nen\u00ed ani \u017e\u00e1douc\u00ed, aby prohr\u00e1la a aby v zemi, kter\u00e1 m\u00e1 jadern\u00e9 zbran\u011b, nastala nestabilita. A kdo v\u011b\u0159\u00ed, \u017ee Putin klidn\u011b p\u0159ijme konfiskaci rusk\u00fdch aktiv? Moskva n\u00e1m dala v\u011bd\u011bt, \u017ee v p\u0159\u00edpad\u011b zabaven\u00ed to Belgie a j\u00e1 osobn\u011b poc\u00edt\u00edme \u201ena v\u011bky\u201c. To se mi zd\u00e1 jako dost dlouh\u00e1 doba.<\/p>\n<p>Rusko by tak\u00e9 mohlo zabavit n\u011bkter\u00e9 z\u00e1padn\u00ed aktiva: Euroclear m\u00e1 v Rusku 16 miliard. Mohly by b\u00fdt zabaveny tak\u00e9 v\u0161echny belgick\u00e9 tov\u00e1rny v Rusku. A co kdyby B\u011blorusko a \u010c\u00edna tak\u00e9 zabavily z\u00e1padn\u00ed aktiva? P\u0159em\u00fd\u0161leli jsme o tom v\u0161em? Ne, nep\u0159em\u00fd\u0161leli. Zeptal jsem se sv\u00fdch evropsk\u00fdch koleg\u016f, zda jsou p\u0159ipraveni sd\u00edlet rizika, kter\u00fdm Belgie \u010del\u00ed. Pouze N\u011bmecko \u0159eklo, \u017ee je k tomu p\u0159ipraveno\u2026 Bez tohoto sd\u00edlen\u00ed ud\u011bl\u00e1m v\u0161e pro to, abych tento projekt zablokoval.<\/p>\n<p>\u2013<em>Wever<\/em>\u2013<\/p>\n<h3>Belgick\u00fd premi\u00e9r a s n\u00edm i ministr zahrani\u010d\u00ed varuj\u00ed, \u017ee Rusko by re\u00e1ln\u011b mohlo v arbitr\u00e1\u017ei p\u0159iv\u00e9st Belgii k bankrotu<\/h3>\n<p>A belgick\u00fd ministr zahrani\u010d\u00ed Maxime Prevot ve st\u0159edu prohl\u00e1sil\u00a0<strong>[<a href=\"https:\/\/href.li\/?https:\/\/www.helsinkitimes.fi\/world-int\/28274-belgium-still-resists-eu-plan-to-fund-ukraine-with-frozen-russian-assets.html\" target=\"_blank\" rel=\"nofollow noopener\">2<\/a>]<\/strong>, \u017ee pl\u00e1n Evropsk\u00e9 komise pou\u017e\u00edt rusk\u00e1 zmrazena aktiva jako formu repara\u010dn\u00ed p\u016fj\u010dky ne\u0159e\u0161\u00ed obavy Belgie z arbitr\u00e1\u017e\u00ed, kter\u00e9 by podle n\u011bj Belgie prohr\u00e1la a musela by Rusku nejen vr\u00e1tit v\u0161echna aktiva, ale rovn\u011b\u017e i uhradit \u0161kody zp\u016fsoben\u00e9 Rusku.\u00a0Belgick\u00e1 vl\u00e1da proto nad\u00e1le odm\u00edt\u00e1 vyu\u017eit\u00ed rusk\u00fdch fond\u016f.<\/p>\n<p>Ministr zahrani\u010dn\u00edch v\u011bc\u00ed Maxime Pr\u00e9vot uvedl, \u017ee n\u00e1vrhy<strong>\u00a0Komise \u201e<em>ne\u0159e\u0161\u00ed na\u0161e obavy uspokojiv\u00fdm zp\u016fsobem<\/em>\u201c, a obvinil Brusel z \u201e<em>bagatelizace<\/em>\u201c pr\u00e1vn\u00edch a finan\u010dn\u00edch rizik.<\/strong>\u00a0Belgie dr\u017e\u00ed nejv\u011bt\u0161\u00ed pod\u00edl zmrazen\u00fdch aktiv, p\u0159ibli\u017en\u011b 185 miliard eur, prost\u0159ednictv\u00edm clearingov\u00e9ho centra Euroclear. N\u00ed\u017ee je zm\u00edn\u011bn\u00e9 pond\u011bln\u00ed vystoupen\u00ed belgick\u00e9ho premi\u00e9ra Barta De Wevera v Bozaru, kde varoval p\u0159ed konfiskac\u00ed rusk\u00fdch aktiv. Video je p\u0159evzato z ukrajinsk\u00e9 televize a m\u00e1 proto ukrajinsk\u00fd dabing.<\/p>\n<p>&nbsp;<\/p>\n<div id=\"rumble_v70ey02\">\n<div id=\"vid_v70ey02\" class=\"rumble_v70ey02-Rumble-cls\" tabindex=\"-1\">\n<div><div class='videoWrapper'>\r\n\t            <iframe src='https:\/\/rumble.com\/embed\/pj.v70ey02\/' frameborder='0' allowfullscreen><\/iframe>\r\n\t        <\/div><\/div>\n<\/div>\n<\/div>\n<p>&nbsp;<\/p>\n<p>Premi\u00e9r Bart De Wever varoval, \u017ee tento pl\u00e1n by Belgii vystavil riziku soudn\u00edch spor\u016f a potenci\u00e1ln\u00edho finan\u010dn\u00edho kolapsu, pokud by Rusko v budoucnu usp\u011blo se sv\u00fdmi pr\u00e1vn\u00edmi n\u00e1roky. \u201e<em>Pokud n\u00e1s Rusko za\u017ealuje u soudu, bude m\u00edt v\u0161echny \u0161ance na v\u00edt\u011bzstv\u00ed<\/em>,\u201c napsal De Wever v dopise p\u0159edsedkyni Komise Ursule von der Leyenov\u00e9. \u201e<em>My, Belgie, nebudeme schopni splatit t\u011bchto 200 miliard eur. To p\u0159edstavuje ekvivalent cel\u00e9ho ro\u010dn\u00edho feder\u00e1ln\u00edho rozpo\u010dtu. Pro Belgii by to znamenalo bankrot<\/em>.\u201c<\/p>\n<h3>Belgie po\u017eaduje z\u00e1ruky a garance po v\u0161ech 27 st\u00e1tech EU, \u017ee v p\u0159\u00edpad\u011b rozsudku v arbitr\u00e1\u017e\u00ed uhrad\u00ed Rusku ukraden\u00e1 aktiva cel\u00e1 unie<\/h3>\n<p>Nov\u00fd pl\u00e1n se sna\u017e\u00ed tyto obavy vyvr\u00e1tit. Jedn\u00edm z kl\u00ed\u010dov\u00fdch n\u00e1vrh\u016f je neutralizovat schopnost Ma\u010farska blokovat obnoven\u00ed sankc\u00ed EU, co\u017e Belgie pova\u017euje za kritick\u00fd probl\u00e9m.\u00a0<strong>Komise hodl\u00e1 p\u0159einterpretovat \u010dl\u00e1nek 122 smluv EU tak, aby sankce mohly b\u00fdt prodlou\u017eeny\u00a0kvalifikovanou v\u011bt\u0161inou nam\u00edsto jednomysln\u011b, \u010d\u00edm\u017e se obejde potenci\u00e1ln\u00ed veto Budape\u0161ti.<\/strong><\/p>\n<p>Evropsk\u00e1 komise rovn\u011b\u017e zavedla mechanismus ozna\u010dovan\u00fd jako \u201e<em>solid\u00e1rn\u00ed n\u00e1stroj<\/em>\u201c, kter\u00fd by zahrnoval z\u00e1vazn\u00e9 z\u00e1ruky ostatn\u00edch \u010dlensk\u00fdch st\u00e1t\u016f, \u017ee se budou pod\u00edlet na pr\u00e1vn\u00edch a finan\u010dn\u00edch rizic\u00edch v p\u0159\u00edpad\u011b soudn\u00edho sporu nebo neo\u010dek\u00e1van\u00e9ho zru\u0161en\u00ed sankc\u00ed.<\/p>\n<figure id=\"attachment_51888\" class=\"wp-caption aligncenter\" style=\"width: 701px;\"><a href=\"https:\/\/aeronet.news\/wp-content\/uploads\/UrsulaVonDerLeyenSaintEU.jpg\"><img decoding=\"async\" loading=\"lazy\" class=\"wp-image-51888 \" src=\"https:\/\/aeronet.news\/wp-content\/uploads\/UrsulaVonDerLeyenSaintEU-1024x683.jpg\" sizes=\"(max-width: 700px) 100vw, 700px\" srcset=\"https:\/\/aeronet.news\/wp-content\/uploads\/UrsulaVonDerLeyenSaintEU-1024x683.jpg 1024w, https:\/\/aeronet.news\/wp-content\/uploads\/UrsulaVonDerLeyenSaintEU-300x200.jpg 300w, https:\/\/aeronet.news\/wp-content\/uploads\/UrsulaVonDerLeyenSaintEU-768x512.jpg 768w, https:\/\/aeronet.news\/wp-content\/uploads\/UrsulaVonDerLeyenSaintEU-700x467.jpg 700w, https:\/\/aeronet.news\/wp-content\/uploads\/UrsulaVonDerLeyenSaintEU-535x357.jpg 535w, https:\/\/aeronet.news\/wp-content\/uploads\/UrsulaVonDerLeyenSaintEU-724x483.jpg 724w, https:\/\/aeronet.news\/wp-content\/uploads\/UrsulaVonDerLeyenSaintEU.jpg 1280w\" alt=\"\" width=\"701\" height=\"468\" \/><\/a><figcaption class=\"wp-caption-text\">Ursula von der Leyen, \u0161\u00e9fka EU Komise<\/figcaption><\/figure>\n<p>Belgie v\u0161ak trv\u00e1 na dal\u0161\u00edch z\u00e1ruk\u00e1ch. Mezi n\u011b pat\u0159\u00ed pr\u00e1vn\u011b vymahateln\u00e9 z\u00e1vazky partner\u016f z EU uhradit n\u00e1klady na od\u0161kodn\u011bn\u00ed v p\u0159\u00edpad\u011b \u00fasp\u011b\u0161n\u00fdch rusk\u00fdch n\u00e1rok\u016f v arbitr\u00e1\u017ei proti Belgii a povinnost ostatn\u00edch zem\u00ed, kter\u00e9 dr\u017e\u00ed men\u0161\u00ed zmrazen\u00e9 rusk\u00e9 aktiva, jako je Francie a Lucembursko, pod\u00edlet se na nich rovn\u00fdm d\u00edlem. Rusko reagovalo v\u00fdhr\u016f\u017ekami. Andrej Kostin, p\u0159edseda Vneshtorbank, varoval p\u0159ed \u201e<em>50 lety soudn\u00edch spor\u016f<\/em>\u201c a prohl\u00e1sil, \u017ee tento n\u00e1vrh je rovnocenn\u00fd kr\u00e1de\u017ei. Kreml prohl\u00e1sil, \u017ee podnikne odvetn\u00e1 opat\u0159en\u00ed proti ka\u017ed\u00e9 zemi, kter\u00e1 povol\u00ed pou\u017eit\u00ed sv\u00fdch suver\u00e9nn\u00edch aktiv.<\/p>\n<h3>Cel\u00e1 repara\u010dn\u00ed \u201cp\u016fj\u010dka\u201d je zalo\u017eena na tom \u017ee Rusko bude pora\u017eeno a odsouzeno k platb\u011b reparac\u00ed<\/h3>\n<p>Komise tvrd\u00ed, \u017ee tento pl\u00e1n nep\u0159edstavuje konfiskaci majetku. Finan\u010dn\u00ed prost\u0159edky by z\u016fstaly zablokov\u00e1ny a nedot\u010deny, zat\u00edmco Ukrajina by obdr\u017eela p\u016fj\u010dku zaji\u0161t\u011bnou \u00faroky z tohoto majetku. Ukrajina by p\u016fj\u010dku splatila pouze v p\u0159\u00edpad\u011b, \u017ee by Rusko neuhradilo budouc\u00ed reparace. Jen\u017ee Belgie nam\u00edt\u00e1, \u017ee pr\u00e1v\u011b v tom je k\u00e1men \u00farazu.<\/p>\n<p><strong>Nikdo v Bruselu toti\u017e nem\u016f\u017ee Belgii garantovat, \u017ee Rusko v\u00e1lku prohraje, aby logicky bylo n\u00e1sledn\u011b jako pora\u017een\u00e1 strana odsouzena k placen\u00ed reparac\u00ed.<\/strong>\u00a0Belgie proto logicky se boj\u00ed, \u017ee Rusko zv\u00edt\u011bz\u00ed, reparace nebude platit nikdo, nebo dokonce pora\u017een\u00e1 Ukrajina, tak\u017ee Rusko by Belgii na arbitr\u00e1\u017ei p\u0159ivedlo ke st\u00e1tn\u00edmu bankrotu.<\/p>\n<div class=\"twitter-tweet twitter-tweet-rendered\"><a href=\"https:\/\/x.com\/AlternatNews\/status\/1996025549005758599?ref_src=twsrc%5Etfw%7Ctwcamp%5Etweetembed%7Ctwterm%5E1996025549005758599%7Ctwgr%5E5d695fcff24899ffab812b5b1a069e6016ffac36%7Ctwcon%5Es1_&amp;ref_url=https%3A%2F%2Faeronet.news%2Fkorupcni-zemetreseni-v-bruselu-ve-stinu-pokusu-evropske-komise-o-loupez-ruskych-aktiv-za-bileho-dne-v-jejimz-dusledku-muze-belgii-hrozit-prohra-v-mamuti-arbitrazi-a-hned-pote-statni-bankrot%2F\"><img decoding=\"async\" loading=\"lazy\" class=\"wp-image-93911 aligncenter\" src=\"http:\/\/www.infokuryr.cz\/n\/wp-content\/uploads\/2025\/12\/x2-2-185x300.jpg\" alt=\"\" width=\"357\" height=\"579\" srcset=\"https:\/\/www.infokuryr.cz\/n\/wp-content\/uploads\/2025\/12\/x2-2-185x300.jpg 185w, https:\/\/www.infokuryr.cz\/n\/wp-content\/uploads\/2025\/12\/x2-2.jpg 500w\" sizes=\"(max-width: 357px) 100vw, 357px\" \/><\/a><\/div>\n<p>Kyjev odhaduje, \u017ee do roku 2027 bude pot\u0159ebovat 130 miliard eur na udr\u017een\u00ed z\u00e1kladn\u00edch vl\u00e1dn\u00edch a vojensk\u00fdch operac\u00ed. Alternativn\u00ed mo\u017enost, p\u016fj\u010dka z rozpo\u010dtu EU, by vy\u017eadovala jednomysln\u00fd souhlas v\u0161ech 27 \u010dlensk\u00fdch st\u00e1t\u016f. Ma\u010farsko se pravd\u011bpodobn\u011b postav\u00ed i proti t\u00e9to mo\u017enosti. Premi\u00e9r Viktor Orb\u00e1n ji\u017e d\u0159\u00edve vyu\u017eil sv\u00e9ho pr\u00e1va veta k zpomalen\u00ed nebo zablokov\u00e1n\u00ed opat\u0159en\u00ed t\u00fdkaj\u00edc\u00edch se Ukrajiny.<\/p>\n<p>O t\u00e9to ot\u00e1zce bude rozhodnuto na kl\u00ed\u010dov\u00e9m summitu Evropsk\u00e9 rady dne 18. prosince. P\u0159edseda Evropsk\u00e9 rady Ant\u00f3nio Costa vyzval n\u00e1rodn\u00ed l\u00eddry, aby se na z\u00e1v\u011bre\u010dn\u00e9 rozhodnut\u00ed p\u0159ipravili. \u201e<em>Zased\u00e1n\u00ed neskon\u010d\u00ed, dokud nebude dohodnuto \u0159e\u0161en\u00ed,<\/em>\u201c uvedl jako v\u00fdhr\u016f\u017eku v\u0161em premi\u00e9r\u016fm 27 zem\u00ed.<\/p>\n<h3>A co d\u00e1l?<\/h3>\n<p><strong>Evropsk\u00e1 unie bude muset p\u0159istoupit k bolestiv\u00e9mu \u010di\u0161t\u011bn\u00ed, kter\u00e9ho ale podle v\u0161eho nen\u00ed schopna, ani ochotna.<\/strong>\u00a0Ne jako PR akci, ale jako skute\u010dn\u00fd proces, ve kter\u00e9m bude platit, \u017ee \u017e\u00e1dn\u00e9 jm\u00e9no nen\u00ed p\u0159\u00edli\u0161 velk\u00e9 na to, aby nemohlo skon\u010dit p\u0159ed soudem. Ale pod\u00edvejte se na Ur\u0161ulu. Kv\u016fli korupci ji vyhodili z \u010dela ministerstva obrany, proto\u017ee Bundeswehr dovedla pomalu k bankrotu, a aby to zahladili, tak to ud\u011blali jako soudruzi p\u0159ed rokem 1989 ve V\u00fdchodn\u00edm bloku, tedy dostala vyhazov, ale sm\u011brem nahoru, do veden\u00ed EU komise.<\/p>\n<p>Jestli EPPO tuto kauzu dot\u00e1hne do konce, tak to bude z\u00e1zrak. Jestli ji politika udus\u00ed, bude to jen dal\u0161\u00ed h\u0159eb\u00edk do rakve d\u016fv\u011bry v EU, kter\u00e1 p\u0159itom ni\u017e\u0161\u00ed u\u017e ani b\u00fdt nem\u016f\u017ee.\u00a0<strong>Ukrajina bude muset \u0159e\u0161it korupci d\u0159\u00edv, ne\u017e bude mluvit o plnohodnotn\u00e9m \u010dlenstv\u00ed v EU.<\/strong>\u00a0Ale ot\u00e1zka je, jestli bude v\u016fbec v\u016fle tu korupci odstra\u0148ovat, kdy\u017e je \u017eiven\u00e1 z venku. Skand\u00e1ly kolem Mindi\u010de, Jermaka a st\u00e1tn\u00edch podnik\u016f nejsou jen vnit\u0159n\u00ed epizody. Jsou to sign\u00e1ly, jak by vypadalo roz\u0161\u00ed\u0159en\u00ed EU, pokud se probl\u00e9m nevy\u0159e\u0161\u00ed v\u010das.<\/p>\n<figure id=\"attachment_53381\" class=\"wp-caption aligncenter\" style=\"width: 739px;\"><a href=\"https:\/\/aeronet.news\/wp-content\/uploads\/UrsulaDonetsk.jpg\"><img decoding=\"async\" loading=\"lazy\" class=\"wp-image-53381 \" src=\"https:\/\/aeronet.news\/wp-content\/uploads\/UrsulaDonetsk.jpg\" sizes=\"(max-width: 1280px) 100vw, 1280px\" srcset=\"https:\/\/aeronet.news\/wp-content\/uploads\/UrsulaDonetsk.jpg 1280w, https:\/\/aeronet.news\/wp-content\/uploads\/UrsulaDonetsk-300x169.jpg 300w, https:\/\/aeronet.news\/wp-content\/uploads\/UrsulaDonetsk-768x432.jpg 768w, https:\/\/aeronet.news\/wp-content\/uploads\/UrsulaDonetsk-1024x576.jpg 1024w, https:\/\/aeronet.news\/wp-content\/uploads\/UrsulaDonetsk-700x394.jpg 700w, https:\/\/aeronet.news\/wp-content\/uploads\/UrsulaDonetsk-635x357.jpg 635w, https:\/\/aeronet.news\/wp-content\/uploads\/UrsulaDonetsk-859x483.jpg 859w\" alt=\"\" width=\"739\" height=\"416\" \/><\/a><figcaption class=\"wp-caption-text\">Ur\u0161ulo, pij ze smutku. Kde je hrnek?<\/figcaption><\/figure>\n<p><strong>Korupce nen\u00ed probl\u00e9m \u201eV\u00fdchodu\u201c nebo \u201et\u011bch druh\u00fdch\u201c.<\/strong>\u00a0Korupce je probl\u00e9m moci. Tam, kde se moc hromad\u00ed v rukou \u00fazk\u00e9 skupiny v\u0161emocn\u00fdch lid\u00ed, kde jsou kontroln\u00ed mechanismy slab\u00e9 nebo zkorumpovan\u00e9, tam se d\u0159\u00edve \u010di pozd\u011bji objev\u00ed stejn\u00e9 vzorce: protekce, klientelismus, tunelov\u00e1n\u00ed, zak\u00e1zky pro \u201e<em>na\u0161<\/em>e\u201c a na stran\u011b druh\u00e9 \u0161m\u00edrov\u00e1n\u00ed ob\u010dan\u016f, jejich uml\u010dov\u00e1n\u00ed na soci\u00e1ln\u00edch s\u00edt\u00edch a s t\u00edm spojen\u00e9 okr\u00e1d\u00e1n\u00ed skrze z\u00e1plavu sm\u011brnic, jejich\u017e c\u00edlem nen\u00ed ochrana klimatu.<\/p>\n<p>Ani ochrana zv\u00ed\u0159\u00e1tek, kyti\u010dek nebo evropsk\u00fdch hodnot, ale oby\u010dejn\u00e9 mafi\u00e1nsk\u00e9 vyd\u00edr\u00e1n\u00ed obyvatelstva a inkasov\u00e1n\u00ed v\u00fdpaln\u00e9ho za \u201cpobyt\u201d v jejich l\u00e1gru s n\u00e1zvem Evropsk\u00e1 unie. Ot\u00e1zka nen\u00ed, zda se to d\u011bje ve velk\u00e9m nebo v mal\u00e9m v EU. Ot\u00e1zka je, kdo m\u00e1 odvahu tyto lidi pojmenovat, vy\u0161et\u0159it a odstavit \u2013 i kdy\u017e to znamen\u00e1 pro Brusel p\u0159iznat, \u017ee \u201e<em>jejich vlastn\u00ed elity<\/em>\u201c nejsou o nic lep\u0161\u00ed ne\u017e ty, na kter\u00e9 tak r\u00e1di ukazuj\u00ed prstem na v\u0161echny sm\u011bry, nejen na Ukrajinu, nejen na Rusko, ale do cel\u00e9ho \u201c<em>nez\u00e1padn\u00edho<\/em>\u201d sv\u011bta. Takov\u00e1 je prost\u011b realita.<\/p>\n<p><a href=\"https:\/\/aeronet.news\/korupcni-zemetreseni-v-bruselu-ve-stinu-pokusu-evropske-komise-o-loupez-ruskych-aktiv-za-bileho-dne-v-jejimz-dusledku-muze-belgii-hrozit-prohra-v-mamuti-arbitrazi-a-hned-pote-statni-bankrot\/\">-VK-<\/a><\/p>\n<p>&nbsp;<\/p>\n","protected":false},"excerpt":{"rendered":"<p>Korup\u010dn\u00ed zem\u011bt\u0159esen\u00ed v Bruselu ve st\u00ednu pokusu Evropsk\u00e9 komise o loupe\u017e rusk\u00fdch aktiv za b\u00edl\u00e9ho&#8230;<\/p>\n","protected":false},"author":2,"featured_media":93909,"comment_status":"closed","ping_status":"closed","sticky":false,"template":"","format":"standard","meta":[],"categories":[6],"tags":[1042,261,640,41,207,26],"_links":{"self":[{"href":"https:\/\/www.infokuryr.cz\/n\/wp-json\/wp\/v2\/posts\/93908"}],"collection":[{"href":"https:\/\/www.infokuryr.cz\/n\/wp-json\/wp\/v2\/posts"}],"about":[{"href":"https:\/\/www.infokuryr.cz\/n\/wp-json\/wp\/v2\/types\/post"}],"author":[{"embeddable":true,"href":"https:\/\/www.infokuryr.cz\/n\/wp-json\/wp\/v2\/users\/2"}],"replies":[{"embeddable":true,"href":"https:\/\/www.infokuryr.cz\/n\/wp-json\/wp\/v2\/comments?post=93908"}],"version-history":[{"count":0,"href":"https:\/\/www.infokuryr.cz\/n\/wp-json\/wp\/v2\/posts\/93908\/revisions"}],"wp:featuredmedia":[{"embeddable":true,"href":"https:\/\/www.infokuryr.cz\/n\/wp-json\/wp\/v2\/media\/93909"}],"wp:attachment":[{"href":"https:\/\/www.infokuryr.cz\/n\/wp-json\/wp\/v2\/media?parent=93908"}],"wp:term":[{"taxonomy":"category","embeddable":true,"href":"https:\/\/www.infokuryr.cz\/n\/wp-json\/wp\/v2\/categories?post=93908"},{"taxonomy":"post_tag","embeddable":true,"href":"https:\/\/www.infokuryr.cz\/n\/wp-json\/wp\/v2\/tags?post=93908"}],"curies":[{"name":"wp","href":"https:\/\/api.w.org\/{rel}","templated":true}]}}