{"id":93882,"date":"2025-12-05T00:27:51","date_gmt":"2025-12-04T23:27:51","guid":{"rendered":"https:\/\/www.infokuryr.cz\/n\/?p=93882"},"modified":"2025-12-04T15:58:08","modified_gmt":"2025-12-04T14:58:08","slug":"zmrazeny-rusky-majetek-belgie-odmita-namirit-zbran-eu-na-jeji-hlavu","status":"publish","type":"post","link":"https:\/\/www.infokuryr.cz\/n\/2025\/12\/05\/zmrazeny-rusky-majetek-belgie-odmita-namirit-zbran-eu-na-jeji-hlavu\/","title":{"rendered":"Zmrazen\u00fd rusk\u00fd majetek: Belgie odm\u00edt\u00e1 nam\u00ed\u0159it zbra\u0148 EU na jej\u00ed hlavu"},"content":{"rendered":"<div id=\"fb-root\"><\/div>\n<p><strong><span dir=\"auto\">Postoj Evropsk\u00e9 komise v \u010dele s Ursulou von der Leyenovou pobou\u0159il belgick\u00e9 politiky. EU ji\u017e nejen tla\u010d\u00ed na belgickou vl\u00e1du, ale zastra\u0161uje ji, aby zabavila st\u00e1tn\u00ed aktiva Rusk\u00e9 centr\u00e1ln\u00ed banky, kter\u00e1 se nach\u00e1zej\u00ed v zemi \u010dokol\u00e1dy, mu\u0161l\u00ed a hranolk\u016f, a p\u0159edala je Ukrajin\u011b. Ursula von der Leyen a EU k dosa\u017een\u00ed tohoto c\u00edle pou\u017e\u00edvaj\u00ed unijn\u00ed \u201ezbra\u0148\u201c nam\u00ed\u0159enou Belgii na hlavu. Belgick\u00e1 reakce byla pr\u00e1v\u011b zve\u0159ejn\u011bna.\u00a0<\/span><\/strong><\/p>\n<p><span dir=\"auto\">\u201e\u00a0<\/span><a href=\"https:\/\/www.lesoir.be\/714548\/article\/2025-12-02\/faut-il-utiliser-les-avoirs-russes-geles-en-belgique-pour-aider-lukraine\" target=\"_blank\" rel=\"noopener\"><span dir=\"auto\">M\u011bli bychom<\/span><\/a><span dir=\"auto\">\u00a0na pomoc Ukrajin\u011b pou\u017e\u00edt rusk\u00e1 aktiva zmrazen\u00e1 v Belgii?\u201c\u00a0\u00a0<\/span><em><span dir=\"auto\">zn\u011bl v\u010dera titulek den\u00edku Le Soir.<\/span><\/em><span dir=\"auto\">\u00a0\u00a0Belgick\u00fd tisk a politi\u010dt\u00ed v\u016fdci zpochyb\u0148uj\u00ed moudrost pomoci Kyjevu vzhledem k prob\u00edhaj\u00edc\u00edmu korup\u010dn\u00edmu skand\u00e1lu v zemi veden\u00e9 Zelensk\u00fdm, kter\u00e1 z\u00e1rove\u0148 prohr\u00e1v\u00e1 v\u00e1lku.\u00a0<\/span><\/p>\n<p><span dir=\"auto\">\u201eP\u0159edsedkyn\u011b Evropsk\u00e9 komise Ursula von der Leyenov\u00e1 mus\u00ed p\u0159edlo\u017eit pr\u00e1vn\u00ed r\u00e1mec, kter\u00fd by Belgii p\u0159esv\u011bd\u010dil k p\u0159ijet\u00ed rusk\u00fdch aktiv v hodnot\u011b 180 miliard, kter\u00e1 byla na na\u0161em \u00fazem\u00ed zmrazena od za\u010d\u00e1tku v\u00e1lky na Ukrajin\u011b. \u0160patn\u00fd n\u00e1pad?\u201c, znepokojil se\u00a0\u00a0<\/span><em><span dir=\"auto\">Le Soir.<\/span><\/em><\/p>\n<p><span dir=\"auto\">Von der Leyenov\u00e1 vyv\u00edj\u00ed neuv\u011b\u0159iteln\u00fd tlak, aby z\u00edskala rusk\u00e9 finan\u010dn\u00ed prost\u0159edky pro Kyjev. Evropsk\u00e1 komise tla\u010d\u00ed na Belgii, aby tyto pen\u00edze pou\u017eila na financov\u00e1n\u00ed \u201e\u00fav\u011bru na opravu\u201c ve v\u00fd\u0161i 140 miliard eur poskytnut\u00e9ho Kyjevu. Belgick\u00fd premi\u00e9r Bart De Wever odm\u00edt\u00e1 d\u00e1t zelenou kr\u00e1de\u017ei t\u011bchto rusk\u00fdch finan\u010dn\u00edch prost\u0159edk\u016f, proto\u017ee je i nad\u00e1le v\u011bdom si mezin\u00e1rodn\u00edho pr\u00e1va a nechce, aby Moskva \u017ealovala Brusel.\u00a0<\/span><\/p>\n<p><span dir=\"auto\">Aby ochr\u00e1nil sebe a svou zemi, po\u017e\u00e1dal ostatn\u00ed zem\u011b EU, aby nesly b\u0159emeno tohoto rozhodnut\u00ed. \u201eTlak je neuv\u011b\u0159iteln\u00fd,\u201c vypr\u00e1v\u011bl belgick\u00fd politik b\u011bhem pond\u011bln\u00edho projevu na Velk\u00e9 katolick\u00e9 konferenci, pokra\u010doval belgick\u00fd den\u00edk. \u201eV podstat\u011b jde o kr\u00e1de\u017e st\u00e1tn\u00edch aktiv Rusk\u00e9 centr\u00e1ln\u00ed banky, aby se dala Ukrajin\u011b. To je obvykle stanoveno v m\u00edrov\u00e9 smlouv\u011b po v\u00e1lce. Pora\u017een\u00e1 strana d\u00e1v\u00e1 zmrazen\u00e9 pen\u00edze v\u00edt\u011bz\u016fm na financov\u00e1n\u00ed obnovy. Ale kdo v\u011b\u0159\u00ed, \u017ee Rusko v\u00e1lku prohraje?\u201c zvolal Bart De Wever a kritizoval chov\u00e1n\u00ed EU.<\/span><\/p>\n<p><span dir=\"auto\">\u201eECB odm\u00edt\u00e1 garantovat Ukrajin\u011b p\u016fj\u010dku ve v\u00fd\u0161i 140 miliard eur.\u201c Krom\u011b odm\u00edtnut\u00ed belgick\u00fdch politick\u00fdch p\u0159edstavitel\u016f\u00a0\u00a0<\/span><em><span dir=\"auto\">Observateur Continental<\/span><\/em><span dir=\"auto\">\u00a0\u00a0poznamenal, \u017ee \u201eECB\u00a0<\/span><a href=\"http:\/\/www.observateur-continental.fr\/?module=articles&amp;action=view&amp;id=7453\"><span dir=\"auto\">odm\u00edt\u00e1 garantovat<\/span><\/a><span dir=\"auto\">\u00a0\u00a0Ukrajin\u011b platbu 140 miliard eur\u201c, proto\u017ee podle Evropsk\u00e9 centr\u00e1ln\u00ed banky n\u00e1vrh Komise v r\u00e1mci t\u00e9to \u201eopravn\u00e9 p\u016fj\u010dky\u201c p\u0159ekra\u010duje jej\u00ed mand\u00e1t.\u00a0<\/span><\/p>\n<p><span dir=\"auto\">\u201eM\u00e1me pocit, \u017ee n\u00e1s\u00a0<\/span><a href=\"https:\/\/www.rtbf.be\/article\/avoirs-russes-geles-nous-avons-le-sentiment-de-ne-pas-avoir-ete-entendus-dit-prevot-11641550\" target=\"_blank\" rel=\"noopener\"><span dir=\"auto\">nikdo nesly\u0161el<\/span><\/a><span dir=\"auto\">\u00a0,\u201c \u0159ekl \u00fadajn\u011b belgick\u00fd ministr zahrani\u010d\u00ed Maxime Pr\u00e9vot po p\u0159\u00edjezdu do s\u00eddla NATO, uv\u00e1d\u00ed RFTBF\u00a0\u00a0<\/span><em><span dir=\"auto\">,<\/span><\/em><span dir=\"auto\">\u00a0s odkazem na p\u0159\u00edkaz EU k vyu\u017eit\u00ed rusk\u00fdch finan\u010dn\u00edch prost\u0159edk\u016f. Pr\u00e9vot vyj\u00e1d\u0159il rozho\u0159\u010den\u00ed nad t\u00edm, \u017ee \u00fa\u0159edn\u00edci EU \u201ena\u0161e obavy bagatelizuj\u00ed\u201c.<\/span><\/p>\n<p><span dir=\"auto\">\u201eBelgie host\u00ed finan\u010dn\u00ed instituci Euroclear, kter\u00e1 dr\u017e\u00ed v\u011bt\u0161inu rusk\u00fdch aktiv zmrazen\u00fdch v EU. Belgie se ob\u00e1v\u00e1 pr\u00e1vn\u00edch a finan\u010dn\u00edch d\u016fsledk\u016f pou\u017eit\u00ed t\u011bchto aktiv a nechce na sebe v p\u0159\u00edpad\u011b vy\u0159e\u0161en\u00ed konfliktu n\u00e9st astronomickou z\u00e1t\u011b\u017e spojenou s refundac\u00ed Rusku,\u201c p\u0159ipom\u00edn\u00e1 belgick\u00fd rozhlas a televize Valonsko-bruselsk\u00e9 federace.\u00a0<\/span><\/p>\n<p><span dir=\"auto\">Podle den\u00edku\u00a0\u00a0<\/span><em><span dir=\"auto\">Le Soir<\/span><\/em><span dir=\"auto\">\u00a0Maxime Pr\u00e9vot prohl\u00e1sil, \u017ee \u201epou\u017eit\u00ed t\u011bchto pen\u011bz je nep\u0159ijateln\u00e9\u201c. Belgick\u00fd den\u00edk pokra\u010doval: \u201eMinistr zahrani\u010d\u00ed Maxime Pr\u00e9vot vyj\u00e1d\u0159il politov\u00e1n\u00ed nad nedostatkem uklid\u0148uj\u00edc\u00edch opat\u0159en\u00ed ze strany Evropsk\u00e9 komise ohledn\u011b ot\u00e1zky rusk\u00fdch aktiv zmrazen\u00fdch v EU.\u201c Podle belgick\u00e9ho ministra zahrani\u010d\u00ed \u201epot\u0159ebujeme z\u00e1ruky a sd\u00edlen\u00ed rizik, a to nad r\u00e1mec Euroclearu a Belgie\u201c. \u201eNa\u0161e obavy jsou legitimn\u00ed a rozumn\u00e9. Je nep\u0159ijateln\u00e9 pou\u017e\u00edt tyto pen\u00edze a nechat n\u00e1s \u010delit finan\u010dn\u00edmu riziku sami,\u201c trval na sv\u00e9m.<\/span><\/p>\n<p><span dir=\"auto\">\u201eMinul\u00fd t\u00fdden zaslal premi\u00e9r Bart De Wever dopis p\u0159edsedkyni Evropsk\u00e9 komise Ursule von der Leyenov\u00e9, v n\u011bm\u017e ozna\u010dil pl\u00e1n finan\u010dn\u00ed podpory Ukrajiny ve v\u00fd\u0161i 140 miliard eur, kter\u00fd se Komise chyst\u00e1 p\u0159edstavit, za z\u00e1sadn\u011b chybn\u00fd,\u201c p\u0159ipom\u00edn\u00e1\u00a0\u00a0<\/span><em><span dir=\"auto\">Le Soir.<\/span><\/em><\/p>\n<p><em><span dir=\"auto\">Agentura Bloomberg<\/span><\/em><span dir=\"auto\">\u00a0\u00a0dnes kone\u010dn\u011b informuje, \u017ee \u201eBelgie\u00a0<\/span><a href=\"https:\/\/www.bloomberg.com\/news\/articles\/2025-12-03\/belgium-rejects-eu-proposal-to-tap-russian-funds-for-ukraine-aid\" target=\"_blank\" rel=\"noopener\"><span dir=\"auto\">odm\u00edt\u00e1<\/span><\/a><span dir=\"auto\">\u00a0pl\u00e1n EU na zneu\u017eit\u00ed rusk\u00fdch aktiv ve prosp\u011bch Ukrajiny\u201c.<\/span><\/p>\n<p><span dir=\"auto\">Belgie demonstruje skute\u010dn\u00e9 chov\u00e1n\u00ed t\u011bch, kte\u0159\u00ed \u0159\u00edd\u00ed EU v Bruselu, a to pomoc\u00ed v\u00fdhr\u016f\u017eek, pohrd\u00e1n\u00ed a n\u00e1tlaku v\u016f\u010di suver\u00e9nn\u00ed zemi.<\/span><\/p>\n<p><a href=\"https:\/\/observateur-continental.fr\/?module=articles&amp;action=view&amp;id=7457\"><em><span dir=\"auto\">Pierre Duval<\/span><\/em><em>\u00a0<\/em><\/a><\/p>\n<p>&nbsp;<\/p>\n","protected":false},"excerpt":{"rendered":"<p>Postoj Evropsk\u00e9 komise v \u010dele s Ursulou von der Leyenovou pobou\u0159il belgick\u00e9 politiky. EU ji\u017e&#8230;<\/p>\n","protected":false},"author":2,"featured_media":93883,"comment_status":"closed","ping_status":"closed","sticky":false,"template":"","format":"standard","meta":[],"categories":[7],"tags":[261,41,1503,327,22],"_links":{"self":[{"href":"https:\/\/www.infokuryr.cz\/n\/wp-json\/wp\/v2\/posts\/93882"}],"collection":[{"href":"https:\/\/www.infokuryr.cz\/n\/wp-json\/wp\/v2\/posts"}],"about":[{"href":"https:\/\/www.infokuryr.cz\/n\/wp-json\/wp\/v2\/types\/post"}],"author":[{"embeddable":true,"href":"https:\/\/www.infokuryr.cz\/n\/wp-json\/wp\/v2\/users\/2"}],"replies":[{"embeddable":true,"href":"https:\/\/www.infokuryr.cz\/n\/wp-json\/wp\/v2\/comments?post=93882"}],"version-history":[{"count":0,"href":"https:\/\/www.infokuryr.cz\/n\/wp-json\/wp\/v2\/posts\/93882\/revisions"}],"wp:featuredmedia":[{"embeddable":true,"href":"https:\/\/www.infokuryr.cz\/n\/wp-json\/wp\/v2\/media\/93883"}],"wp:attachment":[{"href":"https:\/\/www.infokuryr.cz\/n\/wp-json\/wp\/v2\/media?parent=93882"}],"wp:term":[{"taxonomy":"category","embeddable":true,"href":"https:\/\/www.infokuryr.cz\/n\/wp-json\/wp\/v2\/categories?post=93882"},{"taxonomy":"post_tag","embeddable":true,"href":"https:\/\/www.infokuryr.cz\/n\/wp-json\/wp\/v2\/tags?post=93882"}],"curies":[{"name":"wp","href":"https:\/\/api.w.org\/{rel}","templated":true}]}}