{"id":93862,"date":"2025-12-05T00:21:28","date_gmt":"2025-12-04T23:21:28","guid":{"rendered":"https:\/\/www.infokuryr.cz\/n\/?p=93862"},"modified":"2025-12-04T09:04:19","modified_gmt":"2025-12-04T08:04:19","slug":"telo-syna-mistostarosty-charkova-nalezeno-v-zapalenem-videnskem-aute-dva-ukrajinsti-podezreli-zatceni-kvuli-udajnemu-financnimu-motivu","status":"publish","type":"post","link":"https:\/\/www.infokuryr.cz\/n\/2025\/12\/05\/telo-syna-mistostarosty-charkova-nalezeno-v-zapalenem-videnskem-aute-dva-ukrajinsti-podezreli-zatceni-kvuli-udajnemu-financnimu-motivu\/","title":{"rendered":"T\u011blo syna m\u00edstostarosty Charkova nalezeno v zap\u00e1len\u00e9m v\u00edde\u0148sk\u00e9m aut\u011b; dva ukrajin\u0161t\u00ed podez\u0159el\u00ed zat\u010deni kv\u016fli \u00fadajn\u00e9mu finan\u010dn\u00edmu motivu"},"content":{"rendered":"<div id=\"fb-root\"><\/div>\n<h3 class=\"s-tagline fw-tagline\"><span dir=\"auto\">Policie uvedla, \u017ee 21let\u00fd mlad\u00edk byl zbit a up\u00e1len v hotelov\u00e9 gar\u00e1\u017ei, ne\u017e bylo jeho t\u011blo nalezeno v zap\u00e1len\u00e9m aut\u011b v Donaustadtu<\/span><\/h3>\n<p><span dir=\"auto\">Syn m\u00edstostarosty Charkova byl minul\u00fd t\u00fdden brut\u00e1ln\u011b zavra\u017ed\u011bn ve V\u00eddni p\u0159i \u00fatoku, o kter\u00e9m vy\u0161et\u0159ovatel\u00e9 soud\u00ed, \u017ee byl motivov\u00e1n finan\u010dn\u00edmi prost\u0159edky.<\/span><\/p>\n<p><span dir=\"auto\">Jednadvacetilet\u00fd mu\u017e, kter\u00fd \u017eil v rakousk\u00e9 metropoli, byl nalezen mrtv\u00fd v ho\u0159\u00edc\u00edm Mercedesu v m\u011bstsk\u00e9 \u010dtvrti Donaustadt. Dva ukrajin\u0161t\u00ed ob\u010dan\u00e9 ve v\u011bku 19 a 45 let byli od t\u00e9 doby na Ukrajin\u011b zat\u010deni na z\u00e1klad\u011b mezin\u00e1rodn\u00edch zatyka\u010d\u016f vydan\u00fdch Rakouskem.<\/span><\/p>\n<p><span dir=\"auto\">Neo\u010dek\u00e1v\u00e1 se, \u017ee budou vyd\u00e1ni do Rakouska, ale budou \u010delit trestn\u00edmu st\u00edh\u00e1n\u00ed ve sv\u00e9 vlasti, uvedl v \u00fater\u00fd na tiskov\u00e9 konferenci plukovn\u00edk Gerhard Winkler, \u0161\u00e9f v\u00edde\u0148sk\u00e9 zemsk\u00e9 krimin\u00e1ln\u00ed policie.<\/span><\/p>\n<p><span dir=\"auto\">Ob\u011b\u0165, identifikovan\u00e1 jako Danil Kuzmin, byla ve st\u0159edu ve\u010der nahl\u00e1\u0161ena jako poh\u0159e\u0161ovan\u00e1 jeho rodinou. Podle v\u00edde\u0148sk\u00e9 policie, kterou cituje\u00a0<\/span><a href=\"https:\/\/www.krone.at\/3970710\"><span dir=\"auto\">Kronen Zeitung<\/span><\/a><span dir=\"auto\">\u00a0, byl p\u0159epaden v podzemn\u00edch gar\u00e1\u017e\u00edch luxusn\u00edho hotelu Sofitel, p\u0159emo\u017een n\u011bkolika mu\u017ei, zbit a pot\u00e9 polo\u017een na zadn\u00ed sedadlo auta a zap\u00e1len. Z\u00e1znam z bezpe\u010dnostn\u00edch kamer zachytil \u010d\u00e1sti \u00fatoku.<\/span><\/p>\n<p><span dir=\"auto\">Jeho otec, m\u00edstostarosta Charkova Sergej Kuzmin, ho i s rodinou evakuoval z Ukrajiny na za\u010d\u00e1tku rusk\u00e9 invaze.<\/span><\/p>\n<p><span dir=\"auto\">Ukrajinsk\u00fd novin\u00e1\u0159 Jurij Nikolov v report\u00e1\u017ei o incidentu\u00a0<\/span><a href=\"https:\/\/censor.net\/en\/news\/3588234\/son-of-deputy-mayor-of-kharkiv-found-killed-and-burned-in-vienna\"><span dir=\"auto\">napsal<\/span><\/a><span dir=\"auto\">\u00a0: \u201eJednadvacetilet\u00fd Danil Kuzmin, syn m\u00edstostarosty Charkova, byl nalezen mrtv\u00fd a up\u00e1len\u00fd ve sv\u00e9m Mercedesu ve V\u00eddni. N\u011bkdo mu vypr\u00e1zdnil krypto pen\u011b\u017eenky. Jestli to byly dluhy, nebo n\u011bkdo vyd\u00edral bohat\u00e9ho kluka \u2013 nev\u00edm.\u201c<\/span><\/p>\n<p><span dir=\"auto\">Plukovn\u00edk Winkler prozradil, \u017ee politick\u00fd motiv byl vylou\u010den. \u201ePravd\u011bpodobn\u011b se jedn\u00e1 o velkou \u010d\u00e1stku pen\u011bz,\u201c \u0159ekl. Vy\u0161et\u0159ovatel\u00e9 uvedli, \u017ee po \u00fatoku byla z kryptom\u011bnov\u00e9 pen\u011b\u017eenky ob\u011bti vybr\u00e1na zna\u010dn\u00e1 \u010d\u00e1stka pen\u011bz a jeden podez\u0159el\u00fd m\u011bl p\u0159i zadr\u017een\u00ed u sebe velk\u00e9 mno\u017estv\u00ed americk\u00fdch dolar\u016f.<\/span><\/p>\n<p><span dir=\"auto\">Winkler uvedl, \u017ee ob\u011b\u0165 utrp\u011bla p\u0159ed po\u017e\u00e1rem rozs\u00e1hl\u00e1 zran\u011bn\u00ed. \u201eJeho t\u011blo bylo z 80 procent sp\u00e1len\u00e9,\u201c poznamenal. D\u016fkazy nazna\u010duj\u00ed, \u017ee byl pou\u017eit plyn; ze zadn\u00edho sedadla byl nalezen roztaven\u00fd kanystr s benz\u00ednem. To spolu s videoz\u00e1znamem z v\u00edde\u0148sk\u00e9 \u010derpac\u00ed stanice pomohlo vy\u0161et\u0159ovatel\u016fm dov\u00e9st podez\u0159el\u00e9 k podez\u0159el\u00fdm, kte\u0159\u00ed kr\u00e1tce po vra\u017ed\u011b uprchli na Ukrajinu.<\/span><\/p>\n<p><span dir=\"auto\">Vy\u0161et\u0159ov\u00e1n\u00ed st\u00e1le prob\u00edh\u00e1.<\/span><\/p>\n<p><span dir=\"auto\">Mluv\u010d\u00ed charkovsk\u00e9ho starosty Ihora Terechova se odm\u00edtl vyj\u00e1d\u0159it s t\u00edm, \u017ee p\u0159\u00edpad je pro Kuzmina \u201eosobn\u00ed z\u00e1le\u017eitost\u00ed\u201c. \u201eT\u00fdk\u00e1 se ho to osobn\u011b. Na tyto ot\u00e1zky v\u016fbec nebudu odpov\u00eddat. Je to lidsk\u00e1 trag\u00e9die.\u201c<\/span><\/p>\n<p><img decoding=\"async\" loading=\"lazy\" class=\"alignnone size-full wp-image-1185\" src=\"http:\/\/www.infokuryr.cz\/n\/wp-content\/uploads\/2021\/04\/kuryr-podpis.png\" alt=\"\" width=\"84\" height=\"24\" \/><\/p>\n<p>&nbsp;<\/p>\n","protected":false},"excerpt":{"rendered":"<p>Policie uvedla, \u017ee 21let\u00fd mlad\u00edk byl zbit a up\u00e1len v hotelov\u00e9 gar\u00e1\u017ei, ne\u017e bylo jeho&#8230;<\/p>\n","protected":false},"author":2,"featured_media":93863,"comment_status":"closed","ping_status":"closed","sticky":false,"template":"","format":"standard","meta":[],"categories":[7],"tags":[2511,10209,2694,1635,184],"_links":{"self":[{"href":"https:\/\/www.infokuryr.cz\/n\/wp-json\/wp\/v2\/posts\/93862"}],"collection":[{"href":"https:\/\/www.infokuryr.cz\/n\/wp-json\/wp\/v2\/posts"}],"about":[{"href":"https:\/\/www.infokuryr.cz\/n\/wp-json\/wp\/v2\/types\/post"}],"author":[{"embeddable":true,"href":"https:\/\/www.infokuryr.cz\/n\/wp-json\/wp\/v2\/users\/2"}],"replies":[{"embeddable":true,"href":"https:\/\/www.infokuryr.cz\/n\/wp-json\/wp\/v2\/comments?post=93862"}],"version-history":[{"count":0,"href":"https:\/\/www.infokuryr.cz\/n\/wp-json\/wp\/v2\/posts\/93862\/revisions"}],"wp:featuredmedia":[{"embeddable":true,"href":"https:\/\/www.infokuryr.cz\/n\/wp-json\/wp\/v2\/media\/93863"}],"wp:attachment":[{"href":"https:\/\/www.infokuryr.cz\/n\/wp-json\/wp\/v2\/media?parent=93862"}],"wp:term":[{"taxonomy":"category","embeddable":true,"href":"https:\/\/www.infokuryr.cz\/n\/wp-json\/wp\/v2\/categories?post=93862"},{"taxonomy":"post_tag","embeddable":true,"href":"https:\/\/www.infokuryr.cz\/n\/wp-json\/wp\/v2\/tags?post=93862"}],"curies":[{"name":"wp","href":"https:\/\/api.w.org\/{rel}","templated":true}]}}